{"id":2589,"date":"2020-06-15T09:00:47","date_gmt":"2020-06-15T07:00:47","guid":{"rendered":"https:\/\/agora.xtec.cat\/ceipbufala\/?p=2589"},"modified":"2020-06-15T09:02:35","modified_gmt":"2020-06-15T07:02:35","slug":"activitats-2n_%c2%b7r-trimestre-10","status":"publish","type":"post","link":"https:\/\/agora.xtec.cat\/ceipbufala\/general\/activitats-2n_%c2%b7r-trimestre-10\/","title":{"rendered":"Activitats 2n_\u00b7r trimestre #10"},"content":{"rendered":"<p>Hola nens i nenes de 2n!<\/p>\n<p>Avui comencem la \u00faltima setmana abans de les vacances!<\/p>\n<p>Les tasques que hem preparat s\u00f3n m\u00e9s l\u00fadiques i sense retorn.<\/p>\n<p><a href=\"https:\/\/docs.google.com\/document\/d\/112MvA6lADUultrm7Ocp0Ow7hRt5fNs3p\/edit\"><span style=\"font-weight: 400\">10. Setmana del 15 al 19 de juny <\/span><\/a><\/p>\n<p>Esperem que en gaudiu!<\/p>\n<p>Una abra\u00e7ada de les mestres de 2n<\/p>\n<p>&nbsp;<\/p>\n","protected":false},"excerpt":{"rendered":"<p>Hola nens i nenes de 2n!<br \/>\nAvui comencem la \u00faltima setmana abans de les vacances!<br \/>\nLes tasques que hem preparat s\u00f3n m\u00e9s l\u00fadiques i sense retorn.<br \/>\n<a href=\"https:\/\/docs.google.com\/document\/d\/112MvA6lADUultrm7Ocp0Ow7hRt5fNs3p\/edit\">10. Setmana del 15 al 19 de juny <\/a><br \/>\nEsperem que en gaudiu!<br \/>\nUna abra\u00e7ada de les mestres de 2n<br \/>\n&nbsp;<\/p>\n","protected":false},"author":1,"featured_media":2590,"comment_status":"open","ping_status":"closed","sticky":false,"template":"","format":"standard","meta":{"_bbp_topic_count":0,"_bbp_reply_count":0,"_bbp_total_topic_count":0,"_bbp_total_reply_count":0,"_bbp_voice_count":0,"_bbp_anonymous_reply_count":0,"_bbp_topic_count_hidden":0,"_bbp_reply_count_hidden":0,"_bbp_forum_subforum_count":0,"footnotes":""},"categories":[11,1],"tags":[],"class_list":["post-2589","post","type-post","status-publish","format-standard","has-post-thumbnail","hentry","category-2n","category-general"],"post_mailing_queue_ids":[],"_links":{"self":[{"href":"https:\/\/agora.xtec.cat\/ceipbufala\/wp-json\/wp\/v2\/posts\/2589","targetHints":{"allow":["GET"]}}],"collection":[{"href":"https:\/\/agora.xtec.cat\/ceipbufala\/wp-json\/wp\/v2\/posts"}],"about":[{"href":"https:\/\/agora.xtec.cat\/ceipbufala\/wp-json\/wp\/v2\/types\/post"}],"author":[{"embeddable":true,"href":"https:\/\/agora.xtec.cat\/ceipbufala\/wp-json\/wp\/v2\/users\/1"}],"replies":[{"embeddable":true,"href":"https:\/\/agora.xtec.cat\/ceipbufala\/wp-json\/wp\/v2\/comments?post=2589"}],"version-history":[{"count":1,"href":"https:\/\/agora.xtec.cat\/ceipbufala\/wp-json\/wp\/v2\/posts\/2589\/revisions"}],"predecessor-version":[{"id":2591,"href":"https:\/\/agora.xtec.cat\/ceipbufala\/wp-json\/wp\/v2\/posts\/2589\/revisions\/2591"}],"wp:featuredmedia":[{"embeddable":true,"href":"https:\/\/agora.xtec.cat\/ceipbufala\/wp-json\/wp\/v2\/media\/2590"}],"wp:attachment":[{"href":"https:\/\/agora.xtec.cat\/ceipbufala\/wp-json\/wp\/v2\/media?parent=2589"}],"wp:term":[{"taxonomy":"category","embeddable":true,"href":"https:\/\/agora.xtec.cat\/ceipbufala\/wp-json\/wp\/v2\/categories?post=2589"},{"taxonomy":"post_tag","embeddable":true,"href":"https:\/\/agora.xtec.cat\/ceipbufala\/wp-json\/wp\/v2\/tags?post=2589"}],"curies":[{"name":"wp","href":"https:\/\/api.w.org\/{rel}","templated":true}]}}