{"id":2570,"date":"2020-06-14T21:11:55","date_gmt":"2020-06-14T19:11:55","guid":{"rendered":"https:\/\/agora.xtec.cat\/ceipbufala\/?p=2570"},"modified":"2020-06-14T21:11:55","modified_gmt":"2020-06-14T19:11:55","slug":"graella-dactivitats-del-15-al-19-de-juny","status":"publish","type":"post","link":"https:\/\/agora.xtec.cat\/ceipbufala\/primaria\/1r\/graella-dactivitats-del-15-al-19-de-juny\/","title":{"rendered":"Graella d&#8217;activitats del 15 al 19 de juny"},"content":{"rendered":"<p>Hola nens i nenes de primer!<\/p>\n<p>Ja estem a l&#8217;\u00faltima setmana de curs, i \u00a0per aquesta ocasi\u00f3 us hem preparat una s\u00e8rie d&#8217;activitats m\u00e9s l\u00fadiques que no tenen retorn.<\/p>\n<p>Desitgem que us agradin molt!!!<\/p>\n<p><a href=\"https:\/\/docs.google.com\/document\/d\/19eKl7rPkMu6vo_77Xglep8k5C1m7UFI8TcUn_3Clj9M\/edit?usp=sharing\">Graella d&#8217;activitats 15-19 de Juny<\/a><\/p>\n<p>Molts petonets<\/p>\n<p>Elisa i Patri<\/p>\n<p>&nbsp;<\/p>\n","protected":false},"excerpt":{"rendered":"<p>Hola nens i nenes de primer!<br \/>\nJa estem a l&#8217;\u00faltima setmana de curs, i \u00a0per aquesta ocasi\u00f3 us hem preparat una s\u00e8rie d&#8217;activitats m\u00e9s l\u00fadiques que no tenen retorn.<br \/>\nDesitgem que us agradin molt!!!<br \/>\n<a href=\"https:\/\/docs.google.com\/document\/d\/19eKl7rPkMu6vo_77Xglep8k5C1m7UFI8TcUn_3Clj9M\/edit?usp=sharing\">Graella d&#8217;activitats 15-19 de Juny<\/a><br \/>\nMolts petonets<br \/>\nElisa i Patri<br \/>\n&nbsp;<\/p>\n","protected":false},"author":3,"featured_media":2571,"comment_status":"open","ping_status":"closed","sticky":false,"template":"","format":"standard","meta":{"_bbp_topic_count":0,"_bbp_reply_count":0,"_bbp_total_topic_count":0,"_bbp_total_reply_count":0,"_bbp_voice_count":0,"_bbp_anonymous_reply_count":0,"_bbp_topic_count_hidden":0,"_bbp_reply_count_hidden":0,"_bbp_forum_subforum_count":0,"footnotes":""},"categories":[10],"tags":[],"class_list":["post-2570","post","type-post","status-publish","format-standard","has-post-thumbnail","hentry","category-1r"],"post_mailing_queue_ids":[],"_links":{"self":[{"href":"https:\/\/agora.xtec.cat\/ceipbufala\/wp-json\/wp\/v2\/posts\/2570","targetHints":{"allow":["GET"]}}],"collection":[{"href":"https:\/\/agora.xtec.cat\/ceipbufala\/wp-json\/wp\/v2\/posts"}],"about":[{"href":"https:\/\/agora.xtec.cat\/ceipbufala\/wp-json\/wp\/v2\/types\/post"}],"author":[{"embeddable":true,"href":"https:\/\/agora.xtec.cat\/ceipbufala\/wp-json\/wp\/v2\/users\/3"}],"replies":[{"embeddable":true,"href":"https:\/\/agora.xtec.cat\/ceipbufala\/wp-json\/wp\/v2\/comments?post=2570"}],"version-history":[{"count":1,"href":"https:\/\/agora.xtec.cat\/ceipbufala\/wp-json\/wp\/v2\/posts\/2570\/revisions"}],"predecessor-version":[{"id":2572,"href":"https:\/\/agora.xtec.cat\/ceipbufala\/wp-json\/wp\/v2\/posts\/2570\/revisions\/2572"}],"wp:featuredmedia":[{"embeddable":true,"href":"https:\/\/agora.xtec.cat\/ceipbufala\/wp-json\/wp\/v2\/media\/2571"}],"wp:attachment":[{"href":"https:\/\/agora.xtec.cat\/ceipbufala\/wp-json\/wp\/v2\/media?parent=2570"}],"wp:term":[{"taxonomy":"category","embeddable":true,"href":"https:\/\/agora.xtec.cat\/ceipbufala\/wp-json\/wp\/v2\/categories?post=2570"},{"taxonomy":"post_tag","embeddable":true,"href":"https:\/\/agora.xtec.cat\/ceipbufala\/wp-json\/wp\/v2\/tags?post=2570"}],"curies":[{"name":"wp","href":"https:\/\/api.w.org\/{rel}","templated":true}]}}