{"id":2566,"date":"2020-06-14T20:53:20","date_gmt":"2020-06-14T18:53:20","guid":{"rendered":"https:\/\/agora.xtec.cat\/ceipbufala\/?p=2566"},"modified":"2020-06-14T20:53:32","modified_gmt":"2020-06-14T18:53:32","slug":"proposta-dactivitats-p5-setmana-del-15-al-19-de-juny","status":"publish","type":"post","link":"https:\/\/agora.xtec.cat\/ceipbufala\/infantil\/p5\/proposta-dactivitats-p5-setmana-del-15-al-19-de-juny\/","title":{"rendered":"PROPOSTA D\u2019ACTIVITATS P5!!!  SETMANA DEL 15 AL 19 DE JUNY"},"content":{"rendered":"<p><a href=\"https:\/\/agora.xtec.cat\/ceipbufala\/wp-content\/uploads\/usu1674\/2020\/06\/Screenshot_20200418_125651_com.instagram.android.jpg\"><img loading=\"lazy\" decoding=\"async\" class=\"wp-image-2568 alignleft\" src=\"https:\/\/agora.xtec.cat\/ceipbufala\/wp-content\/uploads\/usu1674\/2020\/06\/Screenshot_20200418_125651_com.instagram.android-1024x846.jpg\" alt=\"\" width=\"410\" height=\"339\" srcset=\"https:\/\/agora.xtec.cat\/ceipbufala\/wp-content\/uploads\/usu1674\/2020\/06\/Screenshot_20200418_125651_com.instagram.android-1024x846.jpg 1024w, https:\/\/agora.xtec.cat\/ceipbufala\/wp-content\/uploads\/usu1674\/2020\/06\/Screenshot_20200418_125651_com.instagram.android-300x248.jpg 300w, https:\/\/agora.xtec.cat\/ceipbufala\/wp-content\/uploads\/usu1674\/2020\/06\/Screenshot_20200418_125651_com.instagram.android-768x635.jpg 768w, https:\/\/agora.xtec.cat\/ceipbufala\/wp-content\/uploads\/usu1674\/2020\/06\/Screenshot_20200418_125651_com.instagram.android.jpg 1044w\" sizes=\"auto, (max-width: 410px) 100vw, 410px\" \/><\/a><\/p>\n<p>Estimats nens i nenes de P5!!!<\/p>\n<p>Qu\u00e8 tal? Com esteu? Esperem que estigueu molt b\u00e9 tots i totes!!!<\/p>\n<p>Comencem l&#8217;\u00faltima setmana de curs!!! I per aquesta ocasi\u00f3 us hem preparat una s\u00e8rie d&#8217;activitats m\u00e9s l\u00fadiques i divertides, que desitgem que us agradin molt!!!<\/p>\n<p>Molts petonets i una forta abra\u00e7ada!!!<\/p>\n<p>Diana i Esther<\/p>\n<p><a href=\"https:\/\/docs.google.com\/document\/d\/1tXYIXqI4PbevsoQVfIw4K_kxBeL5j7m3tJ-0cUBTt-8\/edit?usp=sharing\">GRAELLA D&#8217;ACTIVITATS P5<\/a><\/p>\n","protected":false},"excerpt":{"rendered":"<p><a href=\"https:\/\/agora.xtec.cat\/ceipbufala\/wp-content\/uploads\/usu1674\/2020\/06\/Screenshot_20200418_125651_com.instagram.android.jpg\"><\/a><br \/>\nEstimats nens i nenes de P5!!!<br \/>\nQu\u00e8 tal? Com esteu? Esperem que estigueu molt b\u00e9 tots i totes!!!<br \/>\nComencem l&#8217;\u00faltima setmana de curs!!! I per aquesta ocasi\u00f3 us hem preparat una s\u00e8rie d&#8217;activitats m\u00e9s l\u00fadiques i divertides, que desitgem que us agradin molt!!!<br \/>\nMolts petonets i una&hellip;  <a href=\"https:\/\/agora.xtec.cat\/ceipbufala\/infantil\/p5\/proposta-dactivitats-p5-setmana-del-15-al-19-de-juny\/\" title=\"Read PROPOSTA D\u2019ACTIVITATS P5!!!  SETMANA DEL 15 AL 19 DE JUNY\">Llegeix m\u00e9s\u00bb<\/a><\/p>\n","protected":false},"author":14,"featured_media":2568,"comment_status":"open","ping_status":"closed","sticky":false,"template":"","format":"standard","meta":{"_bbp_topic_count":0,"_bbp_reply_count":0,"_bbp_total_topic_count":0,"_bbp_total_reply_count":0,"_bbp_voice_count":0,"_bbp_anonymous_reply_count":0,"_bbp_topic_count_hidden":0,"_bbp_reply_count_hidden":0,"_bbp_forum_subforum_count":0,"footnotes":""},"categories":[9],"tags":[],"class_list":["post-2566","post","type-post","status-publish","format-standard","has-post-thumbnail","hentry","category-p5"],"post_mailing_queue_ids":[],"_links":{"self":[{"href":"https:\/\/agora.xtec.cat\/ceipbufala\/wp-json\/wp\/v2\/posts\/2566","targetHints":{"allow":["GET"]}}],"collection":[{"href":"https:\/\/agora.xtec.cat\/ceipbufala\/wp-json\/wp\/v2\/posts"}],"about":[{"href":"https:\/\/agora.xtec.cat\/ceipbufala\/wp-json\/wp\/v2\/types\/post"}],"author":[{"embeddable":true,"href":"https:\/\/agora.xtec.cat\/ceipbufala\/wp-json\/wp\/v2\/users\/14"}],"replies":[{"embeddable":true,"href":"https:\/\/agora.xtec.cat\/ceipbufala\/wp-json\/wp\/v2\/comments?post=2566"}],"version-history":[{"count":1,"href":"https:\/\/agora.xtec.cat\/ceipbufala\/wp-json\/wp\/v2\/posts\/2566\/revisions"}],"predecessor-version":[{"id":2569,"href":"https:\/\/agora.xtec.cat\/ceipbufala\/wp-json\/wp\/v2\/posts\/2566\/revisions\/2569"}],"wp:featuredmedia":[{"embeddable":true,"href":"https:\/\/agora.xtec.cat\/ceipbufala\/wp-json\/wp\/v2\/media\/2568"}],"wp:attachment":[{"href":"https:\/\/agora.xtec.cat\/ceipbufala\/wp-json\/wp\/v2\/media?parent=2566"}],"wp:term":[{"taxonomy":"category","embeddable":true,"href":"https:\/\/agora.xtec.cat\/ceipbufala\/wp-json\/wp\/v2\/categories?post=2566"},{"taxonomy":"post_tag","embeddable":true,"href":"https:\/\/agora.xtec.cat\/ceipbufala\/wp-json\/wp\/v2\/tags?post=2566"}],"curies":[{"name":"wp","href":"https:\/\/api.w.org\/{rel}","templated":true}]}}