{"id":2476,"date":"2020-06-10T10:39:11","date_gmt":"2020-06-10T08:39:11","guid":{"rendered":"https:\/\/agora.xtec.cat\/ceipbufala\/?p=2476"},"modified":"2020-06-10T10:49:30","modified_gmt":"2020-06-10T08:49:30","slug":"ajuts-individuals-de-menjador","status":"publish","type":"post","link":"https:\/\/agora.xtec.cat\/ceipbufala\/general\/ajuts-individuals-de-menjador\/","title":{"rendered":"AJUTS INDIVIDUALS DE MENJADOR"},"content":{"rendered":"<p>S\u2019ha publicat la <strong>CONVOCAT\u00d2RIA D\u2019AJUTS INDIVIDUALS DE MENJADOR \u00a0PEL\u00a0CURS 2020\/2021.<\/strong><\/p>\n<ul>\n<li>Hi ha un \u00fanic termini de presentaci\u00f3: abans <strong>del dimecres 15 de juliol de 2020.<\/strong><\/li>\n<li><strong>Caldr\u00e0 enviar la sol\u00b7licitud <\/strong>i la documentaci\u00f3 que s\u2019adjunti al correu de l\u2019escola: <strong>a8061348@xtec.cat <\/strong><\/li>\n<li><strong>Pels alumnes que ja eren al centre al curs 19-20 i NO han variat els membres de la unitat familiar <\/strong>us enviarem la renovaci\u00f3 de la sol\u00b7licitud per Tokapp per tal de posar dates de naixement i que es signi per tots els adults.<\/li>\n<li><strong>Dels alumnes que ja eren al centre i han variat els membres de la unitat familiar i dels alumnes nous o que no van fer la sol\u00b7licitud el curs 19-20 <\/strong>caldr\u00e0 descarregar-se el model de sol\u00b7licitud en blanc per tal d&#8217;omplir les dades.<\/li>\n<\/ul>\n<p><strong><a href=\"https:\/\/agora.xtec.cat\/ceipbufala\/wp-content\/uploads\/usu1674\/2020\/06\/BASES-CONVOCAT\u00d2RIA-AIM-2020-2021_revNC_net.pdf\">BASES CONVOCAT\u00d2RIA AJUTS INDIVIDUALS MENJADOR 2020-2021<\/a><\/strong><\/p>\n<p><strong><a href=\"https:\/\/agora.xtec.cat\/ceipbufala\/wp-content\/uploads\/usu1674\/2020\/06\/Sol\u00b7licitud-curs-2020-2021.pdf\">SOL\u00b7LICITUDS CURS 2020-2021<\/a><\/strong><\/p>\n<p><strong>INFORMACI\u00d3 BEQUES MENJADOR 31\/03\/2020<\/strong><\/p>\n<p><a href=\"https:\/\/agora.xtec.cat\/ceipbufala\/wp-content\/uploads\/usu1674\/2020\/06\/Targetes-moneder-beques.jpg\"><img loading=\"lazy\" decoding=\"async\" class=\"alignnone wp-image-2477\" src=\"https:\/\/agora.xtec.cat\/ceipbufala\/wp-content\/uploads\/usu1674\/2020\/06\/Targetes-moneder-beques-1024x575.jpg\" alt=\"\" width=\"397\" height=\"260\" \/><\/a><\/p>\n<p><strong>BEQUES MENJADOR<\/strong><\/p>\n<p>El Departament d&#8217;Educaci\u00f3 i Treball, afers socials i fam\u00edlia estan acabant d&#8217;ultimar l&#8217;operatiu per fer lliurament a les fam\u00edlies de les targetes moneder pels alumnes amb l&#8217;ajut de beca menjador d&#8217;aquest curs 19-20 mentre no hi hagi escola.<\/p>\n<p><a href=\"https:\/\/agora.xtec.cat\/ceipbufala\/wp-content\/uploads\/usu1674\/2020\/02\/IMG_5537.jpg\"><img loading=\"lazy\" decoding=\"async\" class=\"alignnone wp-image-1005\" src=\"https:\/\/agora.xtec.cat\/ceipbufala\/wp-content\/uploads\/usu1674\/2020\/02\/IMG_5537.jpg\" alt=\"\" width=\"440\" height=\"337\" \/><\/a><\/p>\n<p>&nbsp;<\/p>\n","protected":false},"excerpt":{"rendered":"<p>S\u2019ha publicat la CONVOCAT\u00d2RIA D\u2019AJUTS INDIVIDUALS DE MENJADOR \u00a0PEL\u00a0CURS 2020\/2021.<\/p>\n<ul>\n<li>Hi ha un \u00fanic termini de presentaci\u00f3: abans del dimecres 15 de juliol de 2020.<\/li>\n<li>Caldr\u00e0 enviar la sol\u00b7licitud i la documentaci\u00f3 que s\u2019adjunti al correu de l\u2019escola: a8061348@xtec.cat <\/li>\n<li>Pels alumnes que ja eren al centre al&hellip;  <a href=\"https:\/\/agora.xtec.cat\/ceipbufala\/general\/ajuts-individuals-de-menjador\/\" title=\"Read AJUTS INDIVIDUALS DE MENJADOR\">Llegeix m\u00e9s\u00bb<\/a><br \/>\n","protected":false},"author":4,"featured_media":1005,"comment_status":"open","ping_status":"closed","sticky":false,"template":"","format":"standard","meta":{"_bbp_topic_count":0,"_bbp_reply_count":0,"_bbp_total_topic_count":0,"_bbp_total_reply_count":0,"_bbp_voice_count":0,"_bbp_anonymous_reply_count":0,"_bbp_topic_count_hidden":0,"_bbp_reply_count_hidden":0,"_bbp_forum_subforum_count":0,"footnotes":""},"categories":[1,4],"tags":[],"class_list":["post-2476","post","type-post","status-publish","format-standard","has-post-thumbnail","hentry","category-general","category-portada"],"post_mailing_queue_ids":[],"_links":{"self":[{"href":"https:\/\/agora.xtec.cat\/ceipbufala\/wp-json\/wp\/v2\/posts\/2476","targetHints":{"allow":["GET"]}}],"collection":[{"href":"https:\/\/agora.xtec.cat\/ceipbufala\/wp-json\/wp\/v2\/posts"}],"about":[{"href":"https:\/\/agora.xtec.cat\/ceipbufala\/wp-json\/wp\/v2\/types\/post"}],"author":[{"embeddable":true,"href":"https:\/\/agora.xtec.cat\/ceipbufala\/wp-json\/wp\/v2\/users\/4"}],"replies":[{"embeddable":true,"href":"https:\/\/agora.xtec.cat\/ceipbufala\/wp-json\/wp\/v2\/comments?post=2476"}],"version-history":[{"count":3,"href":"https:\/\/agora.xtec.cat\/ceipbufala\/wp-json\/wp\/v2\/posts\/2476\/revisions"}],"predecessor-version":[{"id":2483,"href":"https:\/\/agora.xtec.cat\/ceipbufala\/wp-json\/wp\/v2\/posts\/2476\/revisions\/2483"}],"wp:featuredmedia":[{"embeddable":true,"href":"https:\/\/agora.xtec.cat\/ceipbufala\/wp-json\/wp\/v2\/media\/1005"}],"wp:attachment":[{"href":"https:\/\/agora.xtec.cat\/ceipbufala\/wp-json\/wp\/v2\/media?parent=2476"}],"wp:term":[{"taxonomy":"category","embeddable":true,"href":"https:\/\/agora.xtec.cat\/ceipbufala\/wp-json\/wp\/v2\/categories?post=2476"},{"taxonomy":"post_tag","embeddable":true,"href":"https:\/\/agora.xtec.cat\/ceipbufala\/wp-json\/wp\/v2\/tags?post=2476"}],"curies":[{"name":"wp","href":"https:\/\/api.w.org\/{rel}","templated":true}]}}