{"id":2430,"date":"2020-06-07T21:44:28","date_gmt":"2020-06-07T19:44:28","guid":{"rendered":"https:\/\/agora.xtec.cat\/ceipbufala\/?p=2430"},"modified":"2020-06-07T21:55:09","modified_gmt":"2020-06-07T19:55:09","slug":"propostes-activitats-del-8-al-12-de-juny","status":"publish","type":"post","link":"https:\/\/agora.xtec.cat\/ceipbufala\/infantil\/p3\/propostes-activitats-del-8-al-12-de-juny\/","title":{"rendered":"PROPOSTA D&#8217;ACTIVITATS P3        (del 8 al 12 de juny)"},"content":{"rendered":"<p><span style=\"font-weight: 400\"><a href=\"https:\/\/agora.xtec.cat\/ceipbufala\/wp-content\/uploads\/usu1674\/2020\/06\/descarga.jpg\"><img loading=\"lazy\" decoding=\"async\" class=\"wp-image-2432 aligncenter\" src=\"https:\/\/agora.xtec.cat\/ceipbufala\/wp-content\/uploads\/usu1674\/2020\/06\/descarga.jpg\" alt=\"\" width=\"209\" height=\"148\" \/><\/a><\/span><\/p>\n<p><span style=\"font-family: inherit;font-size: 1em\">Bon dia estimats\/es nens i nenes!!!!\u00a0<\/span><\/p>\n<p><span style=\"font-weight: 400\">Una altra setmana m\u00e9s us hem preparat unes activitats molt xules perqu\u00e8 continueu aprenent, esperem que us ho passeu molt b\u00e9 i us entretingueu fent-les.<\/span><\/p>\n<p><span style=\"font-weight: 400\">Esperem que us agradin. Ja queda molt poquet perqu\u00e8 s\u2019acabi el curs!!<\/span><\/p>\n<p><span style=\"font-weight: 400\">Treballeu una miqueta cada dia que ho esteu fent molt b\u00e9!<\/span><\/p>\n<p><span style=\"font-weight: 400\">Per veure\u00a0 la proposta d&#8217;activitats, clica aqu\u00ed: <a href=\"https:\/\/docs.google.com\/document\/d\/1qMMxlITYkcPnKLqBxvpGFE5FX19NMAgf0XJwCfGpw2s\/edit\"><b>enlla\u00e7<\/b><\/a><\/span><\/p>\n<p><span style=\"font-weight: 400\">Una abra\u00e7ada i molts petonets,<\/span><\/p>\n<p><span style=\"font-weight: 400\">Thais i Loida\u00a0\u00a0<\/span><\/p>\n<p>&nbsp;<\/p>\n","protected":false},"excerpt":{"rendered":"<p><a href=\"https:\/\/agora.xtec.cat\/ceipbufala\/wp-content\/uploads\/usu1674\/2020\/06\/descarga.jpg\"><\/a><br \/>\nBon dia estimats\/es nens i nenes!!!!\u00a0<br \/>\nUna altra setmana m\u00e9s us hem preparat unes activitats molt xules perqu\u00e8 continueu aprenent, esperem que us ho passeu molt b\u00e9 i us entretingueu fent-les.<br \/>\nEsperem que us agradin. Ja queda molt poquet perqu\u00e8 s\u2019acabi el curs!!<br \/>\nTreballeu una miqueta cada&hellip;  <a href=\"https:\/\/agora.xtec.cat\/ceipbufala\/infantil\/p3\/propostes-activitats-del-8-al-12-de-juny\/\" title=\"Read PROPOSTA D&#8217;ACTIVITATS P3        (del 8 al 12 de juny)\">Llegeix m\u00e9s\u00bb<\/a><\/p>\n","protected":false},"author":1,"featured_media":2431,"comment_status":"open","ping_status":"closed","sticky":false,"template":"","format":"standard","meta":{"_bbp_topic_count":0,"_bbp_reply_count":0,"_bbp_total_topic_count":0,"_bbp_total_reply_count":0,"_bbp_voice_count":0,"_bbp_anonymous_reply_count":0,"_bbp_topic_count_hidden":0,"_bbp_reply_count_hidden":0,"_bbp_forum_subforum_count":0,"footnotes":""},"categories":[3],"tags":[],"class_list":["post-2430","post","type-post","status-publish","format-standard","has-post-thumbnail","hentry","category-p3"],"post_mailing_queue_ids":[],"_links":{"self":[{"href":"https:\/\/agora.xtec.cat\/ceipbufala\/wp-json\/wp\/v2\/posts\/2430","targetHints":{"allow":["GET"]}}],"collection":[{"href":"https:\/\/agora.xtec.cat\/ceipbufala\/wp-json\/wp\/v2\/posts"}],"about":[{"href":"https:\/\/agora.xtec.cat\/ceipbufala\/wp-json\/wp\/v2\/types\/post"}],"author":[{"embeddable":true,"href":"https:\/\/agora.xtec.cat\/ceipbufala\/wp-json\/wp\/v2\/users\/1"}],"replies":[{"embeddable":true,"href":"https:\/\/agora.xtec.cat\/ceipbufala\/wp-json\/wp\/v2\/comments?post=2430"}],"version-history":[{"count":3,"href":"https:\/\/agora.xtec.cat\/ceipbufala\/wp-json\/wp\/v2\/posts\/2430\/revisions"}],"predecessor-version":[{"id":2440,"href":"https:\/\/agora.xtec.cat\/ceipbufala\/wp-json\/wp\/v2\/posts\/2430\/revisions\/2440"}],"wp:featuredmedia":[{"embeddable":true,"href":"https:\/\/agora.xtec.cat\/ceipbufala\/wp-json\/wp\/v2\/media\/2431"}],"wp:attachment":[{"href":"https:\/\/agora.xtec.cat\/ceipbufala\/wp-json\/wp\/v2\/media?parent=2430"}],"wp:term":[{"taxonomy":"category","embeddable":true,"href":"https:\/\/agora.xtec.cat\/ceipbufala\/wp-json\/wp\/v2\/categories?post=2430"},{"taxonomy":"post_tag","embeddable":true,"href":"https:\/\/agora.xtec.cat\/ceipbufala\/wp-json\/wp\/v2\/tags?post=2430"}],"curies":[{"name":"wp","href":"https:\/\/api.w.org\/{rel}","templated":true}]}}