{"id":2258,"date":"2020-05-25T09:23:57","date_gmt":"2020-05-25T07:23:57","guid":{"rendered":"https:\/\/agora.xtec.cat\/ceipbufala\/?p=2258"},"modified":"2020-05-28T09:58:20","modified_gmt":"2020-05-28T07:58:20","slug":"graella-setmana-del-25-de-maig-al-29-de-maig","status":"publish","type":"post","link":"https:\/\/agora.xtec.cat\/ceipbufala\/primaria\/6e\/graella-setmana-del-25-de-maig-al-29-de-maig\/","title":{"rendered":"Graella setmana del 25 de maig al 29 de maig"},"content":{"rendered":"<div class=\"gmail_default\">Benvolgudes fam\u00edlies,<\/div>\n<div class=\"gmail_default\">Ja entrem a fase 1 i esperem que tots continueu b\u00e9. A poc a poc anem pel bon cam\u00ed i sembla que la nova &#8220;normalitat&#8221; est\u00e0 cada vegada m\u00e9s a prop, com el final d&#8217;aquest curs.<\/div>\n<div class=\"gmail_default\">\u00c9s el moment de fer un \u00faltim esfor\u00e7.<\/div>\n<div class=\"gmail_default\"><\/div>\n<div class=\"gmail_default\">Com cada dilluns adjuntem la graella d&#8217;activitats d&#8217;aquesta setmana.<\/div>\n<div class=\"gmail_default\">Veureu que de matem\u00e0tiques i d&#8217;angl\u00e8s, les activitats s\u00f3n amb la web liveworksheet. Els alumnes han d&#8217;entrar amb el seu usuari que \u00e9s el nom seguit de les inicials dels seus 2 cognoms i seguit de 6A \u00f3 6B segons el grup al que pertany. La contrasenya \u00e9s la mateixa.<\/div>\n<div class=\"gmail_default\">Un cop feta l&#8217;activitat han de clicar\u00a0a &#8220;terminado&#8221; i els hi sortir\u00e0 el resultat obtingut al moment.<\/div>\n<div class=\"gmail_default\">Els mestres tamb\u00e9 rebrem l&#8217;informe de l&#8217;activitat.<\/div>\n<div class=\"gmail_default\"><\/div>\n<div class=\"gmail_default\">A m\u00e9s hem programat videoconfer\u00e8ncies per dijous a les 10.30 i 11.30 el grup de 6\u00e8 A i a les 10.00h el grup de 6\u00e8B. En aquestes trobades aprofitem per resoldre dubtes, preguntes, propostes i comentaris dels alumnes.<\/div>\n<div><\/div>\n<div class=\"gmail_default\">\u00c0nims!!!<\/div>\n<div><\/div>\n<div><a href=\"https:\/\/agora.xtec.cat\/ceipbufala\/wp-content\/uploads\/usu1674\/2020\/05\/GRAELLA-6\u00e8-25-29-maig-1.pdf\">GRAELLA 6\u00e8 25-29 maig<\/a><\/div>\n<div><\/div>\n<div>Salutacions<\/div>\n<div>L&#8217;equip de mestres de 6\u00e8<\/div>\n","protected":false},"excerpt":{"rendered":"<p>Benvolgudes fam\u00edlies,<br \/>\nJa entrem a fase 1 i esperem que tots continueu b\u00e9. A poc a poc anem pel bon cam\u00ed i sembla que la nova &#8220;normalitat&#8221; est\u00e0 cada vegada m\u00e9s a prop, com el final d&#8217;aquest curs.<br \/>\n\u00c9s el moment de fer un \u00faltim esfor\u00e7.<\/p>\n<p>Com cada&hellip;  <a href=\"https:\/\/agora.xtec.cat\/ceipbufala\/primaria\/6e\/graella-setmana-del-25-de-maig-al-29-de-maig\/\" title=\"Read Graella setmana del 25 de maig al 29 de maig\">Llegeix m\u00e9s\u00bb<\/a><\/p>\n","protected":false},"author":1,"featured_media":0,"comment_status":"open","ping_status":"closed","sticky":false,"template":"","format":"standard","meta":{"_bbp_topic_count":0,"_bbp_reply_count":0,"_bbp_total_topic_count":0,"_bbp_total_reply_count":0,"_bbp_voice_count":0,"_bbp_anonymous_reply_count":0,"_bbp_topic_count_hidden":0,"_bbp_reply_count_hidden":0,"_bbp_forum_subforum_count":0,"footnotes":""},"categories":[15],"tags":[],"class_list":["post-2258","post","type-post","status-publish","format-standard","hentry","category-6e"],"post_mailing_queue_ids":[],"_links":{"self":[{"href":"https:\/\/agora.xtec.cat\/ceipbufala\/wp-json\/wp\/v2\/posts\/2258","targetHints":{"allow":["GET"]}}],"collection":[{"href":"https:\/\/agora.xtec.cat\/ceipbufala\/wp-json\/wp\/v2\/posts"}],"about":[{"href":"https:\/\/agora.xtec.cat\/ceipbufala\/wp-json\/wp\/v2\/types\/post"}],"author":[{"embeddable":true,"href":"https:\/\/agora.xtec.cat\/ceipbufala\/wp-json\/wp\/v2\/users\/1"}],"replies":[{"embeddable":true,"href":"https:\/\/agora.xtec.cat\/ceipbufala\/wp-json\/wp\/v2\/comments?post=2258"}],"version-history":[{"count":4,"href":"https:\/\/agora.xtec.cat\/ceipbufala\/wp-json\/wp\/v2\/posts\/2258\/revisions"}],"predecessor-version":[{"id":2297,"href":"https:\/\/agora.xtec.cat\/ceipbufala\/wp-json\/wp\/v2\/posts\/2258\/revisions\/2297"}],"wp:attachment":[{"href":"https:\/\/agora.xtec.cat\/ceipbufala\/wp-json\/wp\/v2\/media?parent=2258"}],"wp:term":[{"taxonomy":"category","embeddable":true,"href":"https:\/\/agora.xtec.cat\/ceipbufala\/wp-json\/wp\/v2\/categories?post=2258"},{"taxonomy":"post_tag","embeddable":true,"href":"https:\/\/agora.xtec.cat\/ceipbufala\/wp-json\/wp\/v2\/tags?post=2258"}],"curies":[{"name":"wp","href":"https:\/\/api.w.org\/{rel}","templated":true}]}}