{"id":2213,"date":"2020-05-20T17:18:10","date_gmt":"2020-05-20T15:18:10","guid":{"rendered":"https:\/\/agora.xtec.cat\/ceipbufala\/?p=2213"},"modified":"2020-05-23T10:00:57","modified_gmt":"2020-05-23T08:00:57","slug":"practiquem-el-puntillisme","status":"publish","type":"post","link":"https:\/\/agora.xtec.cat\/ceipbufala\/primaria\/practiquem-el-puntillisme\/","title":{"rendered":"Practiquem el puntillisme"},"content":{"rendered":"<p>Coneixeu qu\u00e8 \u00e9s el puntillisme?<\/p>\n<p>Els nens i nenes de sis\u00e8 han posat en pr\u00e0ctica aquesta t\u00e8cnica pl\u00e0stica fent uns dibuixos. Aqu\u00ed podeu veure el resultat de les seves creacions.<\/p>\n<p><iframe loading=\"lazy\" src=\"\/\/www.youtube.com\/embed\/f0qRFZlBNYY\" width=\"560\" height=\"314\"><\/iframe><\/p>\n<p>Esperem hagueu gaudit molt!<\/p>\n","protected":false},"excerpt":{"rendered":"<p>Coneixeu qu\u00e8 \u00e9s el puntillisme?<br \/>\nEls nens i nenes de sis\u00e8 han posat en pr\u00e0ctica aquesta t\u00e8cnica pl\u00e0stica fent uns dibuixos. Aqu\u00ed podeu veure el resultat de les seves creacions.<\/p>\n<p>Esperem hagueu gaudit molt!<\/p>\n","protected":false},"author":20,"featured_media":2214,"comment_status":"open","ping_status":"closed","sticky":false,"template":"","format":"standard","meta":{"_bbp_topic_count":0,"_bbp_reply_count":0,"_bbp_total_topic_count":0,"_bbp_total_reply_count":0,"_bbp_voice_count":0,"_bbp_anonymous_reply_count":0,"_bbp_topic_count_hidden":0,"_bbp_reply_count_hidden":0,"_bbp_forum_subforum_count":0,"footnotes":""},"categories":[15,5],"tags":[],"class_list":["post-2213","post","type-post","status-publish","format-standard","has-post-thumbnail","hentry","category-6e","category-primaria"],"post_mailing_queue_ids":[],"_links":{"self":[{"href":"https:\/\/agora.xtec.cat\/ceipbufala\/wp-json\/wp\/v2\/posts\/2213","targetHints":{"allow":["GET"]}}],"collection":[{"href":"https:\/\/agora.xtec.cat\/ceipbufala\/wp-json\/wp\/v2\/posts"}],"about":[{"href":"https:\/\/agora.xtec.cat\/ceipbufala\/wp-json\/wp\/v2\/types\/post"}],"author":[{"embeddable":true,"href":"https:\/\/agora.xtec.cat\/ceipbufala\/wp-json\/wp\/v2\/users\/20"}],"replies":[{"embeddable":true,"href":"https:\/\/agora.xtec.cat\/ceipbufala\/wp-json\/wp\/v2\/comments?post=2213"}],"version-history":[{"count":1,"href":"https:\/\/agora.xtec.cat\/ceipbufala\/wp-json\/wp\/v2\/posts\/2213\/revisions"}],"predecessor-version":[{"id":2215,"href":"https:\/\/agora.xtec.cat\/ceipbufala\/wp-json\/wp\/v2\/posts\/2213\/revisions\/2215"}],"wp:featuredmedia":[{"embeddable":true,"href":"https:\/\/agora.xtec.cat\/ceipbufala\/wp-json\/wp\/v2\/media\/2214"}],"wp:attachment":[{"href":"https:\/\/agora.xtec.cat\/ceipbufala\/wp-json\/wp\/v2\/media?parent=2213"}],"wp:term":[{"taxonomy":"category","embeddable":true,"href":"https:\/\/agora.xtec.cat\/ceipbufala\/wp-json\/wp\/v2\/categories?post=2213"},{"taxonomy":"post_tag","embeddable":true,"href":"https:\/\/agora.xtec.cat\/ceipbufala\/wp-json\/wp\/v2\/tags?post=2213"}],"curies":[{"name":"wp","href":"https:\/\/api.w.org\/{rel}","templated":true}]}}