{"id":2189,"date":"2020-05-18T07:48:37","date_gmt":"2020-05-18T05:48:37","guid":{"rendered":"https:\/\/agora.xtec.cat\/ceipbufala\/?p=2189"},"modified":"2020-05-18T07:53:28","modified_gmt":"2020-05-18T05:53:28","slug":"proposta-dactivitats-p3-semana-del-18-al-22-de-maig","status":"publish","type":"post","link":"https:\/\/agora.xtec.cat\/ceipbufala\/infantil\/p3\/proposta-dactivitats-p3-semana-del-18-al-22-de-maig\/","title":{"rendered":"PROPOSTA D&#8217;ACTIVITATS P3 (setmana del 18 al 22 de maig)"},"content":{"rendered":"<p>Hola nens i nenes de P3!!!<\/p>\n<p>Que tal? Com esteu? Esperem que estigueu molt b\u00e9 tots i totes.<\/p>\n<p>Nosaltres us hem de dir que estem super contentes de rebre les vostres feinetes, fotografies, \u00e0udios, v\u00eddeos i comentaris. Us esforceu molt. Tamb\u00e9 ens ha encantat veure com heu fet el mar o h\u00e0bitat dels nostres amics marins. Feu meravelles! Continueu aix\u00ed!!!<\/p>\n<p>Aquesta setmana comencem amb noves propostes i esperem que us agradin molt i que aprengueu moltes coses. Aaaah!!! per comen\u00e7ar la setmana heu de clicar a on posa Endevinalla sorpresa us trobareu una sorpreseta.<\/p>\n<p>Cliqueu l&#8217;enlla\u00e7 per veure les activitats. <strong><a href=\"https:\/\/docs.google.com\/document\/d\/1Zmj6TUNErlgyrsFniD_5duBr8qjO1dwHq-nSMJ3v6Hc\/edit?usp=sharing\">https:\/\/docs.google.com\/document\/d\/1Zmj6TUNErlgyrsFniD_5duBr8qjO1dwHq-nSMJ3v6Hc\/edit?usp=sharing<\/a><\/strong><\/p>\n<p>Una forta abra\u00e7ada i petonets dol\u00e7os per tots i totes<\/p>\n<p>Loida i Thais<\/p>\n","protected":false},"excerpt":{"rendered":"<p>Hola nens i nenes de P3!!!<br \/>\nQue tal? Com esteu? Esperem que estigueu molt b\u00e9 tots i totes.<br \/>\nNosaltres us hem de dir que estem super contentes de rebre les vostres feinetes, fotografies, \u00e0udios, v\u00eddeos i comentaris. Us esforceu molt. Tamb\u00e9 ens ha encantat veure com heu&hellip;  <a href=\"https:\/\/agora.xtec.cat\/ceipbufala\/infantil\/p3\/proposta-dactivitats-p3-semana-del-18-al-22-de-maig\/\" title=\"Read PROPOSTA D&#8217;ACTIVITATS P3 (setmana del 18 al 22 de maig)\">Llegeix m\u00e9s\u00bb<\/a><\/p>\n","protected":false},"author":19,"featured_media":2190,"comment_status":"open","ping_status":"closed","sticky":false,"template":"","format":"standard","meta":{"_bbp_topic_count":0,"_bbp_reply_count":0,"_bbp_total_topic_count":0,"_bbp_total_reply_count":0,"_bbp_voice_count":0,"_bbp_anonymous_reply_count":0,"_bbp_topic_count_hidden":0,"_bbp_reply_count_hidden":0,"_bbp_forum_subforum_count":0,"footnotes":""},"categories":[3],"tags":[],"class_list":["post-2189","post","type-post","status-publish","format-standard","has-post-thumbnail","hentry","category-p3"],"post_mailing_queue_ids":[],"_links":{"self":[{"href":"https:\/\/agora.xtec.cat\/ceipbufala\/wp-json\/wp\/v2\/posts\/2189","targetHints":{"allow":["GET"]}}],"collection":[{"href":"https:\/\/agora.xtec.cat\/ceipbufala\/wp-json\/wp\/v2\/posts"}],"about":[{"href":"https:\/\/agora.xtec.cat\/ceipbufala\/wp-json\/wp\/v2\/types\/post"}],"author":[{"embeddable":true,"href":"https:\/\/agora.xtec.cat\/ceipbufala\/wp-json\/wp\/v2\/users\/19"}],"replies":[{"embeddable":true,"href":"https:\/\/agora.xtec.cat\/ceipbufala\/wp-json\/wp\/v2\/comments?post=2189"}],"version-history":[{"count":3,"href":"https:\/\/agora.xtec.cat\/ceipbufala\/wp-json\/wp\/v2\/posts\/2189\/revisions"}],"predecessor-version":[{"id":2193,"href":"https:\/\/agora.xtec.cat\/ceipbufala\/wp-json\/wp\/v2\/posts\/2189\/revisions\/2193"}],"wp:featuredmedia":[{"embeddable":true,"href":"https:\/\/agora.xtec.cat\/ceipbufala\/wp-json\/wp\/v2\/media\/2190"}],"wp:attachment":[{"href":"https:\/\/agora.xtec.cat\/ceipbufala\/wp-json\/wp\/v2\/media?parent=2189"}],"wp:term":[{"taxonomy":"category","embeddable":true,"href":"https:\/\/agora.xtec.cat\/ceipbufala\/wp-json\/wp\/v2\/categories?post=2189"},{"taxonomy":"post_tag","embeddable":true,"href":"https:\/\/agora.xtec.cat\/ceipbufala\/wp-json\/wp\/v2\/tags?post=2189"}],"curies":[{"name":"wp","href":"https:\/\/api.w.org\/{rel}","templated":true}]}}