{"id":2063,"date":"2020-05-05T12:00:25","date_gmt":"2020-05-05T10:00:25","guid":{"rendered":"https:\/\/agora.xtec.cat\/ceipbufala\/?p=2063"},"modified":"2020-05-10T14:11:13","modified_gmt":"2020-05-10T12:11:13","slug":"festes-de-maig-confinades","status":"publish","type":"post","link":"https:\/\/agora.xtec.cat\/ceipbufala\/portada\/festes-de-maig-confinades\/","title":{"rendered":"Festes de maig confinades"},"content":{"rendered":"<p>&nbsp;<\/p>\n<p>Benvolgudes fam\u00edlies!<\/p>\n<p>Aquest any ens toca viure les festes de maig <span class=\"hiddenGrammarError\">confinats<\/span> a casa.<\/p>\n<p>Des de l&#8217;Ajuntament de Badalona s&#8217;est\u00e0 organitzant diferents activitats per poder veure i fer amb els petits de la casa.<\/p>\n<p>Us deixem un enlla\u00e7 a la p\u00e0gina on trobareu una programaci\u00f3 del dia a dia, recursos, elements festius&#8230;<\/p>\n<p><a href=\"http:\/\/festesdemaig.cat\">Festes de maig 2020<\/a><\/p>\n<p>i un v\u00eddeo amb el tutorial de com fer el mocador de les festes.<\/p>\n<p><a href=\"https:\/\/youtu.be\/qmMYgjXncwo\">#FestesdeMaigConfinades<\/a><\/p>\n<p><a href=\"https:\/\/agora.xtec.cat\/ceipbufala\/wp-content\/uploads\/usu1674\/2020\/05\/1500x500.jpeg\"><img loading=\"lazy\" decoding=\"async\" class=\"alignnone size-full wp-image-2066\" src=\"https:\/\/agora.xtec.cat\/ceipbufala\/wp-content\/uploads\/usu1674\/2020\/05\/1500x500.jpeg\" alt=\"\" width=\"1500\" height=\"500\" srcset=\"https:\/\/agora.xtec.cat\/ceipbufala\/wp-content\/uploads\/usu1674\/2020\/05\/1500x500.jpeg 1500w, https:\/\/agora.xtec.cat\/ceipbufala\/wp-content\/uploads\/usu1674\/2020\/05\/1500x500-300x100.jpeg 300w, https:\/\/agora.xtec.cat\/ceipbufala\/wp-content\/uploads\/usu1674\/2020\/05\/1500x500-768x256.jpeg 768w, https:\/\/agora.xtec.cat\/ceipbufala\/wp-content\/uploads\/usu1674\/2020\/05\/1500x500-1024x341.jpeg 1024w\" sizes=\"auto, (max-width: 1500px) 100vw, 1500px\" \/><\/a><\/p>\n<p>&nbsp;<\/p>\n<p>Conte: \u00a0&#8220;<strong>Els pescadors i el dimoni&#8221;<\/strong><\/p>\n<p><iframe loading=\"lazy\" src=\"\/\/www.youtube.com\/embed\/NNtJK1sBx1s\" width=\"560\" height=\"314\"><\/iframe><\/p>\n","protected":false},"excerpt":{"rendered":"<p>&nbsp;<br \/>\nBenvolgudes fam\u00edlies!<br \/>\nAquest any ens toca viure les festes de maig confinats a casa.<br \/>\nDes de l&#8217;Ajuntament de Badalona s&#8217;est\u00e0 organitzant diferents activitats per poder veure i fer amb els petits de la casa.<br \/>\nUs deixem un enlla\u00e7 a la p\u00e0gina on trobareu una programaci\u00f3 del dia a&hellip;  <a href=\"https:\/\/agora.xtec.cat\/ceipbufala\/portada\/festes-de-maig-confinades\/\" title=\"Read Festes de maig confinades\">Llegeix m\u00e9s\u00bb<\/a><\/p>\n","protected":false},"author":3,"featured_media":2065,"comment_status":"open","ping_status":"closed","sticky":false,"template":"","format":"standard","meta":{"_bbp_topic_count":0,"_bbp_reply_count":0,"_bbp_total_topic_count":0,"_bbp_total_reply_count":0,"_bbp_voice_count":0,"_bbp_anonymous_reply_count":0,"_bbp_topic_count_hidden":0,"_bbp_reply_count_hidden":0,"_bbp_forum_subforum_count":0,"footnotes":""},"categories":[4],"tags":[],"class_list":["post-2063","post","type-post","status-publish","format-standard","has-post-thumbnail","hentry","category-portada"],"post_mailing_queue_ids":[],"_links":{"self":[{"href":"https:\/\/agora.xtec.cat\/ceipbufala\/wp-json\/wp\/v2\/posts\/2063","targetHints":{"allow":["GET"]}}],"collection":[{"href":"https:\/\/agora.xtec.cat\/ceipbufala\/wp-json\/wp\/v2\/posts"}],"about":[{"href":"https:\/\/agora.xtec.cat\/ceipbufala\/wp-json\/wp\/v2\/types\/post"}],"author":[{"embeddable":true,"href":"https:\/\/agora.xtec.cat\/ceipbufala\/wp-json\/wp\/v2\/users\/3"}],"replies":[{"embeddable":true,"href":"https:\/\/agora.xtec.cat\/ceipbufala\/wp-json\/wp\/v2\/comments?post=2063"}],"version-history":[{"count":3,"href":"https:\/\/agora.xtec.cat\/ceipbufala\/wp-json\/wp\/v2\/posts\/2063\/revisions"}],"predecessor-version":[{"id":2104,"href":"https:\/\/agora.xtec.cat\/ceipbufala\/wp-json\/wp\/v2\/posts\/2063\/revisions\/2104"}],"wp:featuredmedia":[{"embeddable":true,"href":"https:\/\/agora.xtec.cat\/ceipbufala\/wp-json\/wp\/v2\/media\/2065"}],"wp:attachment":[{"href":"https:\/\/agora.xtec.cat\/ceipbufala\/wp-json\/wp\/v2\/media?parent=2063"}],"wp:term":[{"taxonomy":"category","embeddable":true,"href":"https:\/\/agora.xtec.cat\/ceipbufala\/wp-json\/wp\/v2\/categories?post=2063"},{"taxonomy":"post_tag","embeddable":true,"href":"https:\/\/agora.xtec.cat\/ceipbufala\/wp-json\/wp\/v2\/tags?post=2063"}],"curies":[{"name":"wp","href":"https:\/\/api.w.org\/{rel}","templated":true}]}}