{"id":1895,"date":"2020-04-25T20:04:43","date_gmt":"2020-04-25T18:04:43","guid":{"rendered":"https:\/\/agora.xtec.cat\/ceipbufala\/?p=1895"},"modified":"2020-04-25T20:04:43","modified_gmt":"2020-04-25T18:04:43","slug":"sortida-nens-i-nenes-al-carrer","status":"publish","type":"post","link":"https:\/\/agora.xtec.cat\/ceipbufala\/general\/sortida-nens-i-nenes-al-carrer\/","title":{"rendered":"Sortida nens i nenes al carrer"},"content":{"rendered":"<p>A partir de dem\u00e0 diumenge 26 d&#8217;abril els nens i nenes poden sortir al carrer a fer un passeig.<\/p>\n<p>L&#8217;\u00f3s llaminer us vol explicar com i quan podem tornar a sortir al carrer.<\/p>\n<p><a href=\"https:\/\/agora.xtec.cat\/ceipbufala\/wp-content\/uploads\/usu1674\/2020\/04\/SORTIDA-NENS-I-NENES.pdf\"><img loading=\"lazy\" decoding=\"async\" class=\"alignnone wp-image-1899\" src=\"https:\/\/agora.xtec.cat\/ceipbufala\/wp-content\/uploads\/usu1674\/2020\/04\/sortida-nens-i-nenes-\u00f3s-llaminer.jpg\" alt=\"\" width=\"130\" height=\"113\" \/><\/a> <a href=\"https:\/\/agora.xtec.cat\/ceipbufala\/wp-content\/uploads\/usu1674\/2020\/04\/SORTIDA-NENS-I-NENES.pdf\">SORTIDA NENS I NENES<\/a><\/p>\n<p>Tamb\u00e9 us volem deixar un document de protecci\u00f3 civil amb preguntes freq\u00fcents.<\/p>\n<p><a href=\"https:\/\/agora.xtec.cat\/ceipbufala\/wp-content\/uploads\/usu1674\/2020\/04\/FAQS-NENS_plantilla-revisat.pdf\">FAQ&#8217;S NENS_plantilla revisat<\/a><\/p>\n<p>I per \u00faltim, una eina \u00fatil per saber fins a on podem anar.<\/p>\n<p>Quant \u00e9s 1km? <a href=\"https:\/\/1km.geomatico.es\/\" target=\"_blank\" rel=\"noopener noreferrer\" data-saferedirecturl=\"https:\/\/www.google.com\/url?q=https:\/\/1km.geomatico.es&amp;source=gmail&amp;ust=1587922787056000&amp;usg=AFQjCNEgCcSCJOJeJZarJ7KIyEOi7sJMAg\">https:\/\/1km.geomatico.es<\/a><\/p>\n<p>Com diu l&#8217;\u00f3s llaminer, \u00e0nims nens i nenes! Recordeu que un dia m\u00e9s \u00e9s un dia menys.<\/p>\n<p><a href=\"https:\/\/agora.xtec.cat\/ceipbufala\/wp-content\/uploads\/usu1674\/2020\/04\/\u00e0nims-nens-i-nenes.jpg\"><img loading=\"lazy\" decoding=\"async\" class=\"alignnone  wp-image-1900\" src=\"https:\/\/agora.xtec.cat\/ceipbufala\/wp-content\/uploads\/usu1674\/2020\/04\/\u00e0nims-nens-i-nenes.jpg\" alt=\"\" width=\"154\" height=\"248\" \/><\/a><\/p>\n","protected":false},"excerpt":{"rendered":"<p>A partir de dem\u00e0 diumenge 26 d&#8217;abril els nens i nenes poden sortir al carrer a fer un passeig.<br \/>\nL&#8217;\u00f3s llaminer us vol explicar com i quan podem tornar a sortir al carrer.<br \/>\n<a href=\"https:\/\/agora.xtec.cat\/ceipbufala\/wp-content\/uploads\/usu1674\/2020\/04\/SORTIDA-NENS-I-NENES.pdf\"><\/a> <a href=\"https:\/\/agora.xtec.cat\/ceipbufala\/wp-content\/uploads\/usu1674\/2020\/04\/SORTIDA-NENS-I-NENES.pdf\">SORTIDA NENS I NENES<\/a><br \/>\nTamb\u00e9 us volem deixar un document de protecci\u00f3&hellip;  <a href=\"https:\/\/agora.xtec.cat\/ceipbufala\/general\/sortida-nens-i-nenes-al-carrer\/\" title=\"Read Sortida nens i nenes al carrer\">Llegeix m\u00e9s\u00bb<\/a><\/p>\n","protected":false},"author":4,"featured_media":1900,"comment_status":"open","ping_status":"closed","sticky":false,"template":"","format":"standard","meta":{"_bbp_topic_count":0,"_bbp_reply_count":0,"_bbp_total_topic_count":0,"_bbp_total_reply_count":0,"_bbp_voice_count":0,"_bbp_anonymous_reply_count":0,"_bbp_topic_count_hidden":0,"_bbp_reply_count_hidden":0,"_bbp_forum_subforum_count":0,"footnotes":""},"categories":[1,4],"tags":[],"class_list":["post-1895","post","type-post","status-publish","format-standard","has-post-thumbnail","hentry","category-general","category-portada"],"post_mailing_queue_ids":[],"_links":{"self":[{"href":"https:\/\/agora.xtec.cat\/ceipbufala\/wp-json\/wp\/v2\/posts\/1895","targetHints":{"allow":["GET"]}}],"collection":[{"href":"https:\/\/agora.xtec.cat\/ceipbufala\/wp-json\/wp\/v2\/posts"}],"about":[{"href":"https:\/\/agora.xtec.cat\/ceipbufala\/wp-json\/wp\/v2\/types\/post"}],"author":[{"embeddable":true,"href":"https:\/\/agora.xtec.cat\/ceipbufala\/wp-json\/wp\/v2\/users\/4"}],"replies":[{"embeddable":true,"href":"https:\/\/agora.xtec.cat\/ceipbufala\/wp-json\/wp\/v2\/comments?post=1895"}],"version-history":[{"count":3,"href":"https:\/\/agora.xtec.cat\/ceipbufala\/wp-json\/wp\/v2\/posts\/1895\/revisions"}],"predecessor-version":[{"id":1902,"href":"https:\/\/agora.xtec.cat\/ceipbufala\/wp-json\/wp\/v2\/posts\/1895\/revisions\/1902"}],"wp:featuredmedia":[{"embeddable":true,"href":"https:\/\/agora.xtec.cat\/ceipbufala\/wp-json\/wp\/v2\/media\/1900"}],"wp:attachment":[{"href":"https:\/\/agora.xtec.cat\/ceipbufala\/wp-json\/wp\/v2\/media?parent=1895"}],"wp:term":[{"taxonomy":"category","embeddable":true,"href":"https:\/\/agora.xtec.cat\/ceipbufala\/wp-json\/wp\/v2\/categories?post=1895"},{"taxonomy":"post_tag","embeddable":true,"href":"https:\/\/agora.xtec.cat\/ceipbufala\/wp-json\/wp\/v2\/tags?post=1895"}],"curies":[{"name":"wp","href":"https:\/\/api.w.org\/{rel}","templated":true}]}}