{"id":1865,"date":"2020-04-23T14:47:28","date_gmt":"2020-04-23T12:47:28","guid":{"rendered":"https:\/\/agora.xtec.cat\/ceipbufala\/?p=1865"},"modified":"2020-04-23T14:48:43","modified_gmt":"2020-04-23T12:48:43","slug":"felic-sant-jordi","status":"publish","type":"post","link":"https:\/\/agora.xtec.cat\/ceipbufala\/primaria\/1r\/felic-sant-jordi\/","title":{"rendered":"Feli\u00e7 Sant Jordi!!"},"content":{"rendered":"<p><span style=\"font-weight: 400;\">Benvolgudes fam\u00edlies!<\/span><\/p>\n<p><span style=\"font-weight: 400;\">Aquest any estem vivint un Sant Jordi molt especial.<\/span><\/p>\n<p><span style=\"font-weight: 400;\">No podem mostrar-vos les feines que els infants de l\u2019escola han anat fent durant el curs a l\u2019exposici\u00f3 del gimn\u00e0s. <\/span><\/p>\n<p><span style=\"font-weight: 400;\">All\u00e0 es respira un aire diferent, ple de treballs, rondalles, hist\u00f2ries, imatges, dibuixos, art ,roses i llibres\u2026<\/span><\/p>\n<p><span style=\"font-weight: 400;\">Est\u00e0 clar que aquesta diada no \u00e9s com les altres, per\u00f2 encara que sigui des de casa us recomanem que llegiu.<\/span><\/p>\n<p><span style=\"font-weight: 400;\">Llegir ens pot ajudar a sortir a prendre l\u2019aire, a viatjar a mons diferents i a\u00a0 jugar a ser personatges especials que viuen aventures meravelloses.<\/span><\/p>\n<p><span style=\"font-weight: 400;\">Volem celebrar aquest dia recordant que els llibres i la lectura han de formar part de les nostres vides i en aquests moments ens poden ajudar a veure-hi m\u00e9s enll\u00e0.\u00a0<\/span><\/p>\n<p><span style=\"font-weight: 400;\">Us desitgem que passeu una molt bona diada!<\/span><\/p>\n<p><span style=\"font-weight: 400;\">Molts petons<\/span><\/p>\n<p><span style=\"font-weight: 400;\">Elisa i Patri<\/span><\/p>\n<p><span style=\"font-weight: 400;\">Se&#8217;ns oblidava!!! Estem gaudint molt dels vostres v\u00eddeos amb les vostres llegendes, els contes inventats, amb els finals m\u00e9s inesperats\u2026 Riem, ens emocionem i estem encantades de veure-us les cares. Fins aviat!\u00a0<\/span><\/p>\n<p>&nbsp;<\/p>\n","protected":false},"excerpt":{"rendered":"<p>Benvolgudes fam\u00edlies!<br \/>\nAquest any estem vivint un Sant Jordi molt especial.<br \/>\nNo podem mostrar-vos les feines que els infants de l\u2019escola han anat fent durant el curs a l\u2019exposici\u00f3 del gimn\u00e0s.<br \/>\nAll\u00e0 es respira un aire diferent, ple de treballs, rondalles, hist\u00f2ries, imatges, dibuixos, art ,roses i&hellip;  <a href=\"https:\/\/agora.xtec.cat\/ceipbufala\/primaria\/1r\/felic-sant-jordi\/\" title=\"Read Feli\u00e7 Sant Jordi!!\">Llegeix m\u00e9s\u00bb<\/a><\/p>\n","protected":false},"author":3,"featured_media":1866,"comment_status":"open","ping_status":"closed","sticky":false,"template":"","format":"standard","meta":{"_bbp_topic_count":0,"_bbp_reply_count":0,"_bbp_total_topic_count":0,"_bbp_total_reply_count":0,"_bbp_voice_count":0,"_bbp_anonymous_reply_count":0,"_bbp_topic_count_hidden":0,"_bbp_reply_count_hidden":0,"_bbp_forum_subforum_count":0,"footnotes":""},"categories":[10],"tags":[],"class_list":["post-1865","post","type-post","status-publish","format-standard","has-post-thumbnail","hentry","category-1r"],"post_mailing_queue_ids":[],"_links":{"self":[{"href":"https:\/\/agora.xtec.cat\/ceipbufala\/wp-json\/wp\/v2\/posts\/1865","targetHints":{"allow":["GET"]}}],"collection":[{"href":"https:\/\/agora.xtec.cat\/ceipbufala\/wp-json\/wp\/v2\/posts"}],"about":[{"href":"https:\/\/agora.xtec.cat\/ceipbufala\/wp-json\/wp\/v2\/types\/post"}],"author":[{"embeddable":true,"href":"https:\/\/agora.xtec.cat\/ceipbufala\/wp-json\/wp\/v2\/users\/3"}],"replies":[{"embeddable":true,"href":"https:\/\/agora.xtec.cat\/ceipbufala\/wp-json\/wp\/v2\/comments?post=1865"}],"version-history":[{"count":1,"href":"https:\/\/agora.xtec.cat\/ceipbufala\/wp-json\/wp\/v2\/posts\/1865\/revisions"}],"predecessor-version":[{"id":1867,"href":"https:\/\/agora.xtec.cat\/ceipbufala\/wp-json\/wp\/v2\/posts\/1865\/revisions\/1867"}],"wp:featuredmedia":[{"embeddable":true,"href":"https:\/\/agora.xtec.cat\/ceipbufala\/wp-json\/wp\/v2\/media\/1866"}],"wp:attachment":[{"href":"https:\/\/agora.xtec.cat\/ceipbufala\/wp-json\/wp\/v2\/media?parent=1865"}],"wp:term":[{"taxonomy":"category","embeddable":true,"href":"https:\/\/agora.xtec.cat\/ceipbufala\/wp-json\/wp\/v2\/categories?post=1865"},{"taxonomy":"post_tag","embeddable":true,"href":"https:\/\/agora.xtec.cat\/ceipbufala\/wp-json\/wp\/v2\/tags?post=1865"}],"curies":[{"name":"wp","href":"https:\/\/api.w.org\/{rel}","templated":true}]}}