{"id":1848,"date":"2020-04-20T09:37:08","date_gmt":"2020-04-20T07:37:08","guid":{"rendered":"https:\/\/agora.xtec.cat\/ceipbufala\/?p=1848"},"modified":"2020-04-20T09:37:08","modified_gmt":"2020-04-20T07:37:08","slug":"activitats-3r-setmana-del-20-al-24-dabril","status":"publish","type":"post","link":"https:\/\/agora.xtec.cat\/ceipbufala\/primaria\/3r\/activitats-3r-setmana-del-20-al-24-dabril\/","title":{"rendered":"ACTIVITATS 3R. SETMANA DEL 20 AL 24 D&#8217;ABRIL"},"content":{"rendered":"<p>&nbsp;<\/p>\n<p><span style=\"font-weight: 400\">Hola fam\u00edlies de 3r<a href=\"https:\/\/agora.xtec.cat\/ceipbufala\/wp-content\/uploads\/usu1674\/2020\/04\/3-e1587322383203.jpg\"><img loading=\"lazy\" decoding=\"async\" class=\"alignnone size-full wp-image-1799\" src=\"https:\/\/agora.xtec.cat\/ceipbufala\/wp-content\/uploads\/usu1674\/2020\/04\/3-e1587322383203.jpg\" alt=\"\" width=\"180\" height=\"127\" \/><\/a><\/span><\/p>\n<p><span style=\"font-weight: 400\">Ja hem superat la primera setmana del 3r trimestre i esperem que us hagin agradat les tasques proposades.\u00a0<\/span><\/p>\n<p><span style=\"font-weight: 400\">Estem molt contentes de saber de vosaltres i, sobretot, de saber que esteu tots i totes b\u00e9.<\/span><\/p>\n<p><span style=\"font-weight: 400\">Aquesta setmana \u00e9s especial ja que, com sabeu, el dijous \u00e9s Sant Jordi i per aquest motiu hem fet una setmana enfocada a aquest dia tan especial. Aquest any ser\u00e0 una mica diferent, per\u00f2 amb aquestes activitats esperem que gaudiu gaireb\u00e9 com si estigu\u00e9ssiu a l\u2019escola.\u00a0<\/span><\/p>\n<p><a href=\"https:\/\/drive.google.com\/file\/d\/1z89r_osEw-r6wCUJNTdxtN-T72CKIRup\/view?usp=sharing\"><span style=\"font-weight: 400\">Graella activitats setmana del 20 al 24 d&#8217;abril<\/span><\/a><\/p>\n<p><span style=\"font-weight: 400\">Us enviem una abra\u00e7ada virtual!<\/span><\/p>\n<p><span style=\"font-weight: 400\">Amparo i Almudena<\/span><\/p>\n<p>&nbsp;<\/p>\n","protected":false},"excerpt":{"rendered":"<p>&nbsp;<br \/>\nHola fam\u00edlies de 3r<a href=\"https:\/\/agora.xtec.cat\/ceipbufala\/wp-content\/uploads\/usu1674\/2020\/04\/3-e1587322383203.jpg\"><\/a><br \/>\nJa hem superat la primera setmana del 3r trimestre i esperem que us hagin agradat les tasques proposades.\u00a0<br \/>\nEstem molt contentes de saber de vosaltres i, sobretot, de saber que esteu tots i totes b\u00e9.<br \/>\nAquesta setmana \u00e9s especial ja que, com sabeu,&hellip;  <a href=\"https:\/\/agora.xtec.cat\/ceipbufala\/primaria\/3r\/activitats-3r-setmana-del-20-al-24-dabril\/\" title=\"Read ACTIVITATS 3R. SETMANA DEL 20 AL 24 D&#8217;ABRIL\">Llegeix m\u00e9s\u00bb<\/a><\/p>\n","protected":false},"author":8,"featured_media":0,"comment_status":"open","ping_status":"closed","sticky":false,"template":"","format":"standard","meta":{"_bbp_topic_count":0,"_bbp_reply_count":0,"_bbp_total_topic_count":0,"_bbp_total_reply_count":0,"_bbp_voice_count":0,"_bbp_anonymous_reply_count":0,"_bbp_topic_count_hidden":0,"_bbp_reply_count_hidden":0,"_bbp_forum_subforum_count":0,"footnotes":""},"categories":[12],"tags":[],"class_list":["post-1848","post","type-post","status-publish","format-standard","hentry","category-3r"],"post_mailing_queue_ids":[],"_links":{"self":[{"href":"https:\/\/agora.xtec.cat\/ceipbufala\/wp-json\/wp\/v2\/posts\/1848","targetHints":{"allow":["GET"]}}],"collection":[{"href":"https:\/\/agora.xtec.cat\/ceipbufala\/wp-json\/wp\/v2\/posts"}],"about":[{"href":"https:\/\/agora.xtec.cat\/ceipbufala\/wp-json\/wp\/v2\/types\/post"}],"author":[{"embeddable":true,"href":"https:\/\/agora.xtec.cat\/ceipbufala\/wp-json\/wp\/v2\/users\/8"}],"replies":[{"embeddable":true,"href":"https:\/\/agora.xtec.cat\/ceipbufala\/wp-json\/wp\/v2\/comments?post=1848"}],"version-history":[{"count":1,"href":"https:\/\/agora.xtec.cat\/ceipbufala\/wp-json\/wp\/v2\/posts\/1848\/revisions"}],"predecessor-version":[{"id":1854,"href":"https:\/\/agora.xtec.cat\/ceipbufala\/wp-json\/wp\/v2\/posts\/1848\/revisions\/1854"}],"wp:attachment":[{"href":"https:\/\/agora.xtec.cat\/ceipbufala\/wp-json\/wp\/v2\/media?parent=1848"}],"wp:term":[{"taxonomy":"category","embeddable":true,"href":"https:\/\/agora.xtec.cat\/ceipbufala\/wp-json\/wp\/v2\/categories?post=1848"},{"taxonomy":"post_tag","embeddable":true,"href":"https:\/\/agora.xtec.cat\/ceipbufala\/wp-json\/wp\/v2\/tags?post=1848"}],"curies":[{"name":"wp","href":"https:\/\/api.w.org\/{rel}","templated":true}]}}