{"id":1798,"date":"2020-04-19T20:48:02","date_gmt":"2020-04-19T18:48:02","guid":{"rendered":"https:\/\/agora.xtec.cat\/ceipbufala\/?p=1798"},"modified":"2020-04-19T20:53:40","modified_gmt":"2020-04-19T18:53:40","slug":"proposta-dactivitats-p5-setmana-del-20-al-24-dabril","status":"publish","type":"post","link":"https:\/\/agora.xtec.cat\/ceipbufala\/infantil\/p5\/proposta-dactivitats-p5-setmana-del-20-al-24-dabril\/","title":{"rendered":"PROPOSTA D\u2019ACTIVITATS P5!!  SETMANA DEL 20 AL 24 D\u2019ABRIL"},"content":{"rendered":"<p><span style=\"font-weight: 400\">Hola nens i nenes!!!\u00a0<\/span><\/p>\n<p><span style=\"font-weight: 400\">Qu\u00e8 tal? Com esteu?<\/span><\/p>\n<p><span style=\"font-weight: 400\">A nosaltres ens ha fet molta il\u00b7lusi\u00f3 saber que esteu b\u00e9 i veure com heu fet a casa algunes de les activitats que us vam proposar la setmana passada!!! Continueu aix\u00ed, que ho feu genial!!!<\/span><\/p>\n<p><span style=\"font-weight: 400\">Aquesta setmana estem molt contentes!!! i sabeu per qu\u00e8?? Doncs perqu\u00e8 \u00e9s una setmana especial, ja que el dijous celebrem el dia de Sant Jordi!!! I tot i que aquest any no el poguem celebrar com estem acostumats\u2026 Estem segures de que tot i aix\u00ed ser\u00e0 un dia i una setmana molt especial!!!<\/span><\/p>\n<p><span style=\"font-weight: 400\">Aix\u00ed que aqu\u00ed us deixem les activitats d\u2019aquesta setmana!!! Esperem que us agradin!!!\u00a0<\/span><\/p>\n<p><span style=\"font-weight: 400\">Diana i Esther<\/span><\/p>\n<p><a href=\"https:\/\/docs.google.com\/document\/d\/1CU9ObyhgQ7Fjy27j39-QjPegu6F1WoWkKwYdjlBYz5g\/edit?usp=sharing\">https:\/\/docs.google.com\/document\/d\/1CU9ObyhgQ7Fjy27j39-QjPegu6F1WoWkKwYdjlBYz5g\/edit?usp=sharing<\/a><\/p>\n","protected":false},"excerpt":{"rendered":"<p>Hola nens i nenes!!!\u00a0<br \/>\nQu\u00e8 tal? Com esteu?<br \/>\nA nosaltres ens ha fet molta il\u00b7lusi\u00f3 saber que esteu b\u00e9 i veure com heu fet a casa algunes de les activitats que us vam proposar la setmana passada!!! Continueu aix\u00ed, que ho feu genial!!!<br \/>\nAquesta setmana estem molt contentes!!!&hellip;  <a href=\"https:\/\/agora.xtec.cat\/ceipbufala\/infantil\/p5\/proposta-dactivitats-p5-setmana-del-20-al-24-dabril\/\" title=\"Read PROPOSTA D\u2019ACTIVITATS P5!!  SETMANA DEL 20 AL 24 D\u2019ABRIL\">Llegeix m\u00e9s\u00bb<\/a><\/p>\n","protected":false},"author":14,"featured_media":1799,"comment_status":"open","ping_status":"closed","sticky":false,"template":"","format":"standard","meta":{"_bbp_topic_count":0,"_bbp_reply_count":0,"_bbp_total_topic_count":0,"_bbp_total_reply_count":0,"_bbp_voice_count":0,"_bbp_anonymous_reply_count":0,"_bbp_topic_count_hidden":0,"_bbp_reply_count_hidden":0,"_bbp_forum_subforum_count":0,"footnotes":""},"categories":[9],"tags":[],"class_list":["post-1798","post","type-post","status-publish","format-standard","has-post-thumbnail","hentry","category-p5"],"post_mailing_queue_ids":[],"_links":{"self":[{"href":"https:\/\/agora.xtec.cat\/ceipbufala\/wp-json\/wp\/v2\/posts\/1798","targetHints":{"allow":["GET"]}}],"collection":[{"href":"https:\/\/agora.xtec.cat\/ceipbufala\/wp-json\/wp\/v2\/posts"}],"about":[{"href":"https:\/\/agora.xtec.cat\/ceipbufala\/wp-json\/wp\/v2\/types\/post"}],"author":[{"embeddable":true,"href":"https:\/\/agora.xtec.cat\/ceipbufala\/wp-json\/wp\/v2\/users\/14"}],"replies":[{"embeddable":true,"href":"https:\/\/agora.xtec.cat\/ceipbufala\/wp-json\/wp\/v2\/comments?post=1798"}],"version-history":[{"count":1,"href":"https:\/\/agora.xtec.cat\/ceipbufala\/wp-json\/wp\/v2\/posts\/1798\/revisions"}],"predecessor-version":[{"id":1801,"href":"https:\/\/agora.xtec.cat\/ceipbufala\/wp-json\/wp\/v2\/posts\/1798\/revisions\/1801"}],"wp:featuredmedia":[{"embeddable":true,"href":"https:\/\/agora.xtec.cat\/ceipbufala\/wp-json\/wp\/v2\/media\/1799"}],"wp:attachment":[{"href":"https:\/\/agora.xtec.cat\/ceipbufala\/wp-json\/wp\/v2\/media?parent=1798"}],"wp:term":[{"taxonomy":"category","embeddable":true,"href":"https:\/\/agora.xtec.cat\/ceipbufala\/wp-json\/wp\/v2\/categories?post=1798"},{"taxonomy":"post_tag","embeddable":true,"href":"https:\/\/agora.xtec.cat\/ceipbufala\/wp-json\/wp\/v2\/tags?post=1798"}],"curies":[{"name":"wp","href":"https:\/\/api.w.org\/{rel}","templated":true}]}}