{"id":1764,"date":"2020-04-16T14:57:02","date_gmt":"2020-04-16T12:57:02","guid":{"rendered":"https:\/\/agora.xtec.cat\/ceipbufala\/?p=1764"},"modified":"2020-04-16T15:00:26","modified_gmt":"2020-04-16T13:00:26","slug":"els-invents-dels-nens-i-nenes-de-6e","status":"publish","type":"post","link":"https:\/\/agora.xtec.cat\/ceipbufala\/primaria\/6e\/els-invents-dels-nens-i-nenes-de-6e\/","title":{"rendered":"Els invents dels nens i nenes de 6\u00e8"},"content":{"rendered":"<p>Al llarg del segon trimestre els nens i nens de 6\u00e8 van dissenyar uns invents molts originals amb material de reciclatge. Despr\u00e9s els van exposar a classe.<\/p>\n<p>Si voleu veure&#8217;ls aneu a l&#8217;article corresponen a la vostra classe.<\/p>\n<p>Esperem us agradin i aix\u00ed totes les fam\u00edlies podeu comprovar com s\u00f3n de creatius els vostres fills i filles.<\/p>\n<p>Vam gaudir molt amb aquesta activitat!!!<\/p>\n","protected":false},"excerpt":{"rendered":"<p>Al llarg del segon trimestre els nens i nens de 6\u00e8 van dissenyar uns invents molts originals amb material de reciclatge. Despr\u00e9s els van exposar a classe.<br \/>\nSi voleu veure&#8217;ls aneu a l&#8217;article corresponen a la vostra classe.<br \/>\nEsperem us agradin i aix\u00ed totes les fam\u00edlies podeu&hellip;  <a href=\"https:\/\/agora.xtec.cat\/ceipbufala\/primaria\/6e\/els-invents-dels-nens-i-nenes-de-6e\/\" title=\"Read Els invents dels nens i nenes de 6\u00e8\">Llegeix m\u00e9s\u00bb<\/a><\/p>\n","protected":false},"author":20,"featured_media":0,"comment_status":"open","ping_status":"closed","sticky":false,"template":"","format":"standard","meta":{"_bbp_topic_count":0,"_bbp_reply_count":0,"_bbp_total_topic_count":0,"_bbp_total_reply_count":0,"_bbp_voice_count":0,"_bbp_anonymous_reply_count":0,"_bbp_topic_count_hidden":0,"_bbp_reply_count_hidden":0,"_bbp_forum_subforum_count":0,"footnotes":""},"categories":[15],"tags":[],"class_list":["post-1764","post","type-post","status-publish","format-standard","hentry","category-6e"],"post_mailing_queue_ids":[],"_links":{"self":[{"href":"https:\/\/agora.xtec.cat\/ceipbufala\/wp-json\/wp\/v2\/posts\/1764","targetHints":{"allow":["GET"]}}],"collection":[{"href":"https:\/\/agora.xtec.cat\/ceipbufala\/wp-json\/wp\/v2\/posts"}],"about":[{"href":"https:\/\/agora.xtec.cat\/ceipbufala\/wp-json\/wp\/v2\/types\/post"}],"author":[{"embeddable":true,"href":"https:\/\/agora.xtec.cat\/ceipbufala\/wp-json\/wp\/v2\/users\/20"}],"replies":[{"embeddable":true,"href":"https:\/\/agora.xtec.cat\/ceipbufala\/wp-json\/wp\/v2\/comments?post=1764"}],"version-history":[{"count":2,"href":"https:\/\/agora.xtec.cat\/ceipbufala\/wp-json\/wp\/v2\/posts\/1764\/revisions"}],"predecessor-version":[{"id":1766,"href":"https:\/\/agora.xtec.cat\/ceipbufala\/wp-json\/wp\/v2\/posts\/1764\/revisions\/1766"}],"wp:attachment":[{"href":"https:\/\/agora.xtec.cat\/ceipbufala\/wp-json\/wp\/v2\/media?parent=1764"}],"wp:term":[{"taxonomy":"category","embeddable":true,"href":"https:\/\/agora.xtec.cat\/ceipbufala\/wp-json\/wp\/v2\/categories?post=1764"},{"taxonomy":"post_tag","embeddable":true,"href":"https:\/\/agora.xtec.cat\/ceipbufala\/wp-json\/wp\/v2\/tags?post=1764"}],"curies":[{"name":"wp","href":"https:\/\/api.w.org\/{rel}","templated":true}]}}