{"id":1615,"date":"2020-04-03T11:02:00","date_gmt":"2020-04-03T09:02:00","guid":{"rendered":"https:\/\/agora.xtec.cat\/ceipbufala\/?p=1615"},"modified":"2020-04-03T14:54:22","modified_gmt":"2020-04-03T12:54:22","slug":"recomanacions-p4-divendres-3-dabril","status":"publish","type":"post","link":"https:\/\/agora.xtec.cat\/ceipbufala\/infantil\/recomanacions-p4-divendres-3-dabril\/","title":{"rendered":"RECOMANACIONS  P4! DIVENDRES 3 D&#8217;ABRIL"},"content":{"rendered":"<p><b>RECOMANACIONS P4! DIVENDRES 3 D\u2019ABRIL<\/b><\/p>\n<p>Bon dia Gats i Gates, Lleons i Lleones!<\/p>\n<p>Avui, obrirem la sessi\u00f3 amb mooolt ritme&#8230; amb una can\u00e7\u00f3 de Jordi Tonietti que us encantar\u00e0.<\/p>\n<p>Vinga, som-hi! A cantar!<\/p>\n<p><a href=\"https:\/\/www.youtube.com\/watch?v=CS8vlU_BMC0\">https:\/\/www.youtube.com\/watch?v=CS8vlU_BMC0<\/a><\/p>\n<p><b>Descoberta d\u2019un mateix i dels altres\u00a0<\/b><\/p>\n<p>Us volem proposar uns jocs molt divertits\u2026<\/p>\n<ul>\n<li>Aneu al seg\u00fcent enlla\u00e7:<\/li>\n<\/ul>\n<p><a href=\"https:\/\/clic.xtec.cat\/projects\/carnaval9\/jclic.js\/index.html\">https:\/\/clic.xtec.cat\/projects\/carnaval9\/jclic.js\/index.html<\/a><\/p>\n<p>Voleu disfressar a la Laura i l\u2019Edgar?\u00a0 Qu\u00e8 us sembla si escolliu les disfresses i llegiu la paraula que posa? Est\u00e0 escrita en lletra de pal. \u00c9s f\u00e0cil! Ja ho veureu!<\/p>\n<ul>\n<li>Qu\u00e8 divertit, oi? Doncs, quan us vingui de gust, podeu agafar un full blanc i dibuixar-vos a vosaltres i a la vostra fam\u00edlia. Despr\u00e9s, us retalleu.<\/li>\n<li>Quan estigueu de retallar-vos, us proposem agafar un altre full i dibuixar disfresses o diferents tipus de roba i accessoris ben xul.los i divertits (faldilles, pantalons, jerseis, jaquetes, sabates, lla\u00e7os, barrets&#8230;), ho aneu retallant amb l\u2019ajuda dels papes i us aneu disfressant i vestint com volgueu!\u00a0 Qu\u00e8 us sembla? Divertit, oi?<\/li>\n<\/ul>\n<p>Nosaltres quan an\u00e0vem a p4 ho f\u00e8iem amb els nostres papes i ens ho passavem s\u00faper b\u00e9!<\/p>\n<p><b>\u00a0\u00a0\u00a0Descoberta de l\u2019entorn\u00a0<\/b><\/p>\n<ul>\n<li>I avui\u2026 quin dia \u00e9s? Ho sabeu?<\/li>\n<\/ul>\n<p>Anem-ho a esbrinar\u2026<\/p>\n<p><a href=\"https:\/\/www.youtube.com\/watch?v=4atoVE3t-yo\">\u00a0\u00a0\u00a0\u00a0\u00a0 https:\/\/www.youtube.com\/watch?v=4atoVE3t-yo<\/a><\/p>\n<ul>\n<li>I quin temps fa? Mireu per la finestra\u2026, hi ha n\u00favols? Com s\u00f3n? Quines formes tenen? Juguem a imaginar? A nosaltres ens encanta mirar el cel i imaginar-nos quins dibuixos fan els n\u00favols\u2026, apa! Ara estem veient un n\u00favol que sembla un gat! I un altre que sembla una lleona!!!! Qu\u00e8 divertit!<\/li>\n<\/ul>\n<p>I no oblideu mirar el cel de nit! \u00c9s tan bonic! Podeu imaginar noves constel.lacions! Que qu\u00e8 s\u00f3n les constel.lacions? No us enrecordeu? Doncs els dibuixos que fan molt estels junts. A nosaltres ens encanta mirar el cel de nit i imaginar-nos moltes coses\u2026, seria genial poder volar cap al cel i viatjar per tot l\u2019univers oi?<\/p>\n<p>Vinga que marxem!!! Esteu preparats?<\/p>\n<p><a href=\"https:\/\/www.youtube.com\/watch?v=v0s0jii8-p0\"><b>https:\/\/www.youtube.com\/watch?v=v0s0jii8-p0<\/b><\/a><\/p>\n<p>Cantem una altra can\u00e7\u00f3 de coets? Escolteu qu\u00e8 divertida \u00e9s!<\/p>\n<p><a href=\"https:\/\/www.youtube.com\/watch?v=r4wbs-jaA9I\"><b>https:\/\/www.youtube.com\/watch?v=r4wbs-jaA9I<\/b><\/a><\/p>\n<ul>\n<li>I per cert\u2026 volem fer-vos una pregunta:<\/li>\n<\/ul>\n<p>Us agrada la mona de Pasqua???<\/p>\n<p>La Setmana vinent \u00e9s Setmana Santa i us proposem escoltar un conte molt divertit:\u00a0 \u201cLa mona de Pasqua.\u201d<\/p>\n<p><a href=\"https:\/\/www.youtube.com\/watch?v=flO3YMZDizY\">https:\/\/www.youtube.com\/watch?v=flO3YMZDizY<\/a><\/p>\n<ul>\n<li>Us ha agradat? Voleu cantar la can\u00e7\u00f3 de \u201cLa Mona rodona\u201d?<\/li>\n<\/ul>\n<p><a href=\"https:\/\/www.youtube.com\/watch?v=E4AX5W9TB9w\">https:\/\/www.youtube.com\/watch?v=E4AX5W9TB9w<\/a><\/p>\n<ul>\n<li>I si voleu, aqu\u00ed teniu activitats molt divertides per pintar ous de Pasqua! Som-hi artistes!<\/li>\n<\/ul>\n<p><a href=\"https:\/\/www.euroresidentes.com\/hogar\/consejos-trucos-remedios\/como-pintar-huevos-de-pascua\">\u00a0\u00a0\u00a0\u00a0\u00a0\u00a0 https:\/\/www.euroresidentes.com\/hogar\/consejos-trucos-remedios\/como-pintar-huevos-de-pascua<\/a><\/p>\n<p><a href=\"https:\/\/mi1ercole.es\/pintar-huevos-pascua-ninos\/\">https:\/\/mi1ercole.es\/pintar-huevos-pascua-ninos\/<\/a><\/p>\n<ul>\n<li>Us ha agradat? Seguim? Doncs tenim la darrera proposta fer fer-vos.<\/li>\n<\/ul>\n<p>Qu\u00e8 us sembla si fem\u00a0 conillets de Pasqua i Mones ben divertides?<\/p>\n<p>Mireu, mireu! no us ho podeu perdre!<\/p>\n<p>Quina bona pinta! Nyam! Nyam! Bon Profit!<\/p>\n<p><a href=\"https:\/\/totnens.cat\/conill-de-pasqua-de-pa-de-llet\/?fbclid=IwAR3M-nxotVYdnmDBSOMHjcbI9Axx6fUl-7hOegXzouRLSW60vfzPF9DJnHk\">https:\/\/totnens.cat\/conill-de-pasqua-de-pa-de-llet\/?fbclid=IwAR3M-nxotVYdnmDBSOMHjcbI9Axx6fUl-7hOegXzouRLSW60vfzPF9DJnHk<\/a><\/p>\n<p><b>Comunicaci\u00f3 i llenguatges<\/b><\/p>\n<p>Recordeu les can\u00e7ons que us vam proposar el dimarts?<\/p>\n<p>Qu\u00e8 us sembla si les tornem a cantar?<\/p>\n<p>Recordeu que les lletres de l\u2019abecedari, les hem de pronunciar molt b\u00e9! Fer el seu so!<\/p>\n<p>Som-hi!<\/p>\n<p><a href=\"https:\/\/www.youtube.com\/watch?v=uvrdzQwLhHc\">https:\/\/www.youtube.com\/watch?v=uvrdzQwLhHc<\/a><\/p>\n<p>I ara, en cantarem, una altra vegada, la can\u00e7\u00f3 de \u201c Les Vocals\u201d de la D\u00e0maris Gelabert. Som-hi!<\/p>\n<p><a href=\"https:\/\/www.youtube.com\/watch?v=whuKasZzqDU\">https:\/\/www.youtube.com\/watch?v=whuKasZzqDU<\/a><\/p>\n<p>&nbsp;<\/p>\n<p>Gats i Gates i Lleons i Lleones,<\/p>\n<p>Arriba la Setmana Santa.<\/p>\n<p>Ja sabeu que s\u00f3n les vacances que tots i totes tenim cada primavera.<\/p>\n<p>Desitgem que us ho passeu d\u2019all\u00f2 m\u00e9s b\u00e9 amb totes les propostes que us hem anat donant.<\/p>\n<p>Aquesta Setmana Santa llegirem, jugarem, cantarem, ballarem, cuinarem, serem endre\u00e7ats\u2026, i sobretot, no perdrem mai el nostre somriure. Ens trobarem aviat, el dimarts 14 d\u2019abril.<\/p>\n<p>Us estimem! Petons de xocolata!<\/p>\n<p>Nuria i Vanesa<\/p>\n","protected":false},"excerpt":{"rendered":"<p>RECOMANACIONS P4! DIVENDRES 3 D\u2019ABRIL<br \/>\nBon dia Gats i Gates, Lleons i Lleones!<br \/>\nAvui, obrirem la sessi\u00f3 amb mooolt ritme&#8230; amb una can\u00e7\u00f3 de Jordi Tonietti que us encantar\u00e0.<br \/>\nVinga, som-hi! A cantar!<br \/>\n<a href=\"https:\/\/www.youtube.com\/watch?v=CS8vlU_BMC0\">https:\/\/www.youtube.com\/watch?v=CS8vlU_BMC0<\/a><br \/>\nDescoberta d\u2019un mateix i dels altres\u00a0<br \/>\nUs volem proposar uns jocs molt divertits\u2026<\/p>\n<ul>\n<li>Aneu al seg\u00fcent enlla\u00e7:<\/li>\n<\/ul>\n<p><a&hellip;  <a href=\"https:\/\/agora.xtec.cat\/ceipbufala\/infantil\/recomanacions-p4-divendres-3-dabril\/\" title=\"Read RECOMANACIONS  P4! DIVENDRES 3 D&#8217;ABRIL\">Llegeix m\u00e9s\u00bb<\/a><\/p>\n","protected":false},"author":32,"featured_media":0,"comment_status":"open","ping_status":"closed","sticky":false,"template":"","format":"standard","meta":{"_bbp_topic_count":0,"_bbp_reply_count":0,"_bbp_total_topic_count":0,"_bbp_total_reply_count":0,"_bbp_voice_count":0,"_bbp_anonymous_reply_count":0,"_bbp_topic_count_hidden":0,"_bbp_reply_count_hidden":0,"_bbp_forum_subforum_count":0,"footnotes":""},"categories":[8,2],"tags":[],"class_list":["post-1615","post","type-post","status-publish","format-standard","hentry","category-p4","category-infantil"],"post_mailing_queue_ids":[],"_links":{"self":[{"href":"https:\/\/agora.xtec.cat\/ceipbufala\/wp-json\/wp\/v2\/posts\/1615","targetHints":{"allow":["GET"]}}],"collection":[{"href":"https:\/\/agora.xtec.cat\/ceipbufala\/wp-json\/wp\/v2\/posts"}],"about":[{"href":"https:\/\/agora.xtec.cat\/ceipbufala\/wp-json\/wp\/v2\/types\/post"}],"author":[{"embeddable":true,"href":"https:\/\/agora.xtec.cat\/ceipbufala\/wp-json\/wp\/v2\/users\/32"}],"replies":[{"embeddable":true,"href":"https:\/\/agora.xtec.cat\/ceipbufala\/wp-json\/wp\/v2\/comments?post=1615"}],"version-history":[{"count":2,"href":"https:\/\/agora.xtec.cat\/ceipbufala\/wp-json\/wp\/v2\/posts\/1615\/revisions"}],"predecessor-version":[{"id":1632,"href":"https:\/\/agora.xtec.cat\/ceipbufala\/wp-json\/wp\/v2\/posts\/1615\/revisions\/1632"}],"wp:attachment":[{"href":"https:\/\/agora.xtec.cat\/ceipbufala\/wp-json\/wp\/v2\/media?parent=1615"}],"wp:term":[{"taxonomy":"category","embeddable":true,"href":"https:\/\/agora.xtec.cat\/ceipbufala\/wp-json\/wp\/v2\/categories?post=1615"},{"taxonomy":"post_tag","embeddable":true,"href":"https:\/\/agora.xtec.cat\/ceipbufala\/wp-json\/wp\/v2\/tags?post=1615"}],"curies":[{"name":"wp","href":"https:\/\/api.w.org\/{rel}","templated":true}]}}