{"id":1560,"date":"2020-05-12T11:00:47","date_gmt":"2020-05-12T09:00:47","guid":{"rendered":"https:\/\/agora.xtec.cat\/ceipbufala\/?p=1560"},"modified":"2020-05-12T19:01:45","modified_gmt":"2020-05-12T17:01:45","slug":"twitter-departament-deducacio-generalitat-de-catalunya","status":"publish","type":"post","link":"https:\/\/agora.xtec.cat\/ceipbufala\/portada\/twitter-departament-deducacio-generalitat-de-catalunya\/","title":{"rendered":"Twitter Departament d&#8217;Educaci\u00f3. Generalitat de Catalunya"},"content":{"rendered":"<blockquote class=\"twitter-tweet\" data-width=\"500\" data-dnt=\"true\">\n<p lang=\"ca\" dir=\"ltr\">\ud83d\udce2 Del 13 al 22 de maig, <a href=\"https:\/\/twitter.com\/hashtag\/preinscripci%C3%B3?src=hash&amp;ref_src=twsrc%5Etfw\">#preinscripci\u00f3<\/a> a educaci\u00f3 <a href=\"https:\/\/twitter.com\/hashtag\/infantil?src=hash&amp;ref_src=twsrc%5Etfw\">#infantil<\/a>, <a href=\"https:\/\/twitter.com\/hashtag\/prim%C3%A0ria?src=hash&amp;ref_src=twsrc%5Etfw\">#prim\u00e0ria<\/a> i <a href=\"https:\/\/twitter.com\/hashtag\/ESO?src=hash&amp;ref_src=twsrc%5Etfw\">#ESO<\/a> \ud83c\udf92 <\/p>\n<p>\ud83d\udda5\ufe0f Tot el tr\u00e0mit es podr\u00e0 fer online, com a mesura de prevenci\u00f3 pel coronavirus <a href=\"https:\/\/twitter.com\/hashtag\/Preinscripci%C3%B3Escolar?src=hash&amp;ref_src=twsrc%5Etfw\">#Preinscripci\u00f3Escolar<\/a><\/p>\n<p>\ud83d\udc49 <a href=\"https:\/\/t.co\/Q6RxK3rYdm\">https:\/\/t.co\/Q6RxK3rYdm<\/a> <a href=\"https:\/\/t.co\/M01HpDIZ0k\">pic.twitter.com\/M01HpDIZ0k<\/a><\/p>\n<p>&mdash; Educaci\u00f3 (@educaciocat) <a href=\"https:\/\/twitter.com\/educaciocat\/status\/1258839677399969792?ref_src=twsrc%5Etfw\">May 8, 2020<\/a><\/p><\/blockquote>\n<p><script async src=\"https:\/\/platform.twitter.com\/widgets.js\" charset=\"utf-8\"><\/script><\/p>\n<blockquote class=\"twitter-tweet\" data-width=\"500\" data-dnt=\"true\">\n<p lang=\"ca\" dir=\"ltr\">\ud83d\udce2 Atenci\u00f3, fam\u00edlies! \ud83d\udc49 La <a href=\"https:\/\/twitter.com\/hashtag\/preinscripci%C3%B3?src=hash&amp;ref_src=twsrc%5Etfw\">#preinscripci\u00f3<\/a> escolar per a l\u2019educaci\u00f3 <a href=\"https:\/\/twitter.com\/hashtag\/infantil?src=hash&amp;ref_src=twsrc%5Etfw\">#infantil<\/a>, <a href=\"https:\/\/twitter.com\/hashtag\/prim%C3%A0ria?src=hash&amp;ref_src=twsrc%5Etfw\">#prim\u00e0ria<\/a> i <a href=\"https:\/\/twitter.com\/hashtag\/ESO?src=hash&amp;ref_src=twsrc%5Etfw\">#ESO<\/a> ser\u00e0 entre el 13 i el 22 de maig<\/p>\n<p>\ud83d\udcbb Tots els tr\u00e0mits es podran fer en l\u00ednia, per evitar despla\u00e7aments als centres<\/p>\n<p>\ud83d\udd17 [Comunicat] <a href=\"https:\/\/t.co\/xwWm90c3SU\">https:\/\/t.co\/xwWm90c3SU<\/a> <a href=\"https:\/\/t.co\/du4xhMlTrv\">pic.twitter.com\/du4xhMlTrv<\/a><\/p>\n<p>&mdash; Educaci\u00f3 (@educaciocat) <a href=\"https:\/\/twitter.com\/educaciocat\/status\/1258377319518998530?ref_src=twsrc%5Etfw\">May 7, 2020<\/a><\/p><\/blockquote>\n<p><script async src=\"https:\/\/platform.twitter.com\/widgets.js\" charset=\"utf-8\"><\/script><\/p>\n<blockquote class=\"twitter-tweet\" data-width=\"500\" data-dnt=\"true\">\n<p lang=\"ca\" dir=\"ltr\">\ud83d\udce2 <a href=\"https:\/\/twitter.com\/hashtag\/Fam%C3%ADlies?src=hash&amp;ref_src=twsrc%5Etfw\">#Fam\u00edlies<\/a>: Hem estrenat un nou espai web adre\u00e7at a vosaltres \ud83d\udc68\u200d\ud83d\udc69\u200d\ud83d\udc66\u200d\ud83d\udc66\ud83d\udc6a\ud83d\udc68\u200d\ud83d\udc66 <\/p>\n<p>\ud83c\udf92 Hi trobareu eines per facilitar la participaci\u00f3 en la vida escolar dels fills i filles i per guiar-vos en l&#39;acompanyament de la seva <a href=\"https:\/\/twitter.com\/hashtag\/educaci%C3%B3?src=hash&amp;ref_src=twsrc%5Etfw\">#educaci\u00f3<\/a> \ud83d\udc6d\ud83d\udc6b<\/p>\n<p>\ud83d\udd17 <a href=\"https:\/\/t.co\/2OrX5I9j72\">https:\/\/t.co\/2OrX5I9j72<\/a> <a href=\"https:\/\/t.co\/qEBhY0daF0\">pic.twitter.com\/qEBhY0daF0<\/a><\/p>\n<p>&mdash; Educaci\u00f3 (@educaciocat) <a href=\"https:\/\/twitter.com\/educaciocat\/status\/1257376949011349517?ref_src=twsrc%5Etfw\">May 4, 2020<\/a><\/p><\/blockquote>\n<p><script async src=\"https:\/\/platform.twitter.com\/widgets.js\" charset=\"utf-8\"><\/script><\/p>\n<blockquote class=\"twitter-tweet\" data-width=\"500\" data-dnt=\"true\">\n<p lang=\"ca\" dir=\"ltr\">M\u00e9s propostes i recursos per a un Sant Jordi confinat. Edu365, Sant Jordi als centres, Moodle, Rodari i molt m\u00e9s.<a href=\"https:\/\/t.co\/Voqj3kljK4\">https:\/\/t.co\/Voqj3kljK4<\/a><a href=\"https:\/\/twitter.com\/hashtag\/alscentres?src=hash&amp;ref_src=twsrc%5Etfw\">#alscentres<\/a> <a href=\"https:\/\/twitter.com\/hashtag\/recursos?src=hash&amp;ref_src=twsrc%5Etfw\">#recursos<\/a> <a href=\"https:\/\/twitter.com\/hashtag\/sinapsi?src=hash&amp;ref_src=twsrc%5Etfw\">#sinapsi<\/a> <a href=\"https:\/\/twitter.com\/hashtag\/JoEmQuedoACasa?src=hash&amp;ref_src=twsrc%5Etfw\">#JoEmQuedoACasa<\/a> <a href=\"https:\/\/t.co\/ghhkJrD3U9\">pic.twitter.com\/ghhkJrD3U9<\/a><\/p>\n<p>&mdash; XTEC (@xtec) <a href=\"https:\/\/twitter.com\/xtec\/status\/1252490752451473408?ref_src=twsrc%5Etfw\">April 21, 2020<\/a><\/p><\/blockquote>\n<p><script async src=\"https:\/\/platform.twitter.com\/widgets.js\" charset=\"utf-8\"><\/script><\/p>\n<blockquote class=\"twitter-tweet\" data-width=\"500\" data-dnt=\"true\">\n<p lang=\"ca\" dir=\"ltr\">5\u20e3 Consells per aprendre i conviure en fam\u00edlia en situacions de <a href=\"https:\/\/twitter.com\/hashtag\/confinament?src=hash&amp;ref_src=twsrc%5Etfw\">#confinament<\/a> \ud83d\udc68\u200d\ud83d\udc69\u200d\ud83d\udc66\u200d\ud83d\udc66\ud83c\udfe0<\/p>\n<p>\ud83d\ude4c Respecteu-vos<br \/>\ud83d\udd58 Establiu rutines<br \/>\ud83d\udcbb Apreneu junts<br \/>\ud83d\udcac Compartiu temps en fam\u00edlia<br \/> \ud83e\uddce\u200d\u2640\ufe0f Busqueu temps per a vosaltres<a href=\"https:\/\/twitter.com\/hashtag\/JoActuo?src=hash&amp;ref_src=twsrc%5Etfw\">#JoActuo<\/a> <a href=\"https:\/\/twitter.com\/hashtag\/JoAprencACasa?src=hash&amp;ref_src=twsrc%5Etfw\">#JoAprencACasa<\/a> <a href=\"https:\/\/twitter.com\/hashtag\/EnsEnSortirem?src=hash&amp;ref_src=twsrc%5Etfw\">#EnsEnSortirem<\/a> <a href=\"https:\/\/twitter.com\/hashtag\/QuedatACasa?src=hash&amp;ref_src=twsrc%5Etfw\">#QuedatACasa<\/a> <a href=\"https:\/\/t.co\/ZoTXhszGLo\">pic.twitter.com\/ZoTXhszGLo<\/a><\/p>\n<p>&mdash; Educaci\u00f3 (@educaciocat) <a href=\"https:\/\/twitter.com\/educaciocat\/status\/1246100370251812864?ref_src=twsrc%5Etfw\">April 3, 2020<\/a><\/p><\/blockquote>\n<p><script async src=\"https:\/\/platform.twitter.com\/widgets.js\" charset=\"utf-8\"><\/script><\/p>\n<blockquote class=\"twitter-tweet\" data-width=\"500\" data-dnt=\"true\">\n<p lang=\"ca\" dir=\"ltr\">\ud83d\udd34 <a href=\"https:\/\/twitter.com\/hashtag\/Conseller?src=hash&amp;ref_src=twsrc%5Etfw\">#Conseller<\/a> <a href=\"https:\/\/twitter.com\/JosepBargallo?ref_src=twsrc%5Etfw\">@JosepBargallo<\/a>, ara al <a href=\"https:\/\/twitter.com\/hashtag\/PopApEscolar?src=hash&amp;ref_src=twsrc%5Etfw\">#PopApEscolar<\/a>: &quot;La nostra voluntat \u00e9s comen\u00e7ar el curs com m\u00e9s aviat possible despr\u00e9s de Setmana Santa. Tot apunta que no podrem obrir els centres. Per tant haurem de comen\u00e7ar a partir d&#39;una doc\u00e8ncia no presencial&quot; <a href=\"https:\/\/t.co\/OpDqaopaVz\">https:\/\/t.co\/OpDqaopaVz<\/a><\/p>\n<p>&mdash; Educaci\u00f3 (@educaciocat) <a href=\"https:\/\/twitter.com\/educaciocat\/status\/1244991908851650563?ref_src=twsrc%5Etfw\">March 31, 2020<\/a><\/p><\/blockquote>\n<p><script async src=\"https:\/\/platform.twitter.com\/widgets.js\" charset=\"utf-8\"><\/script><\/p>\n<blockquote class=\"twitter-tweet\" data-width=\"500\" data-dnt=\"true\">\n<p lang=\"ca\" dir=\"ltr\">\ud83d\udccb Ahir vam publicar els <a href=\"https:\/\/twitter.com\/hashtag\/criteris?src=hash&amp;ref_src=twsrc%5Etfw\">#criteris<\/a> per a l&#39;<a href=\"https:\/\/twitter.com\/hashtag\/avaluaci%C3%B3?src=hash&amp;ref_src=twsrc%5Etfw\">#avaluaci\u00f3<\/a> i el <a href=\"https:\/\/twitter.com\/hashtag\/seguiment?src=hash&amp;ref_src=twsrc%5Etfw\">#seguiment<\/a> de l&#39;alumnat durant el confinament \ud83d\udc47\ud83d\udc47\ud83d\udc47 <a href=\"https:\/\/t.co\/WAbV2LEAV1\">https:\/\/t.co\/WAbV2LEAV1<\/a><\/p>\n<p>&mdash; Educaci\u00f3 (@educaciocat) <a href=\"https:\/\/twitter.com\/educaciocat\/status\/1244951092141719552?ref_src=twsrc%5Etfw\">March 31, 2020<\/a><\/p><\/blockquote>\n<p><script async src=\"https:\/\/platform.twitter.com\/widgets.js\" charset=\"utf-8\"><\/script><\/p>\n","protected":false},"excerpt":{"rendered":"<p>\ud83d\udce2 Del 13 al 22 de maig, <a href=\"https:\/\/twitter.com\/hashtag\/preinscripci%C3%B3?src=hash&amp;ref_src=twsrc%5Etfw\">#preinscripci\u00f3<\/a> a educaci\u00f3 <a href=\"https:\/\/twitter.com\/hashtag\/infantil?src=hash&amp;ref_src=twsrc%5Etfw\">#infantil<\/a>, <a href=\"https:\/\/twitter.com\/hashtag\/prim%C3%A0ria?src=hash&amp;ref_src=twsrc%5Etfw\">#prim\u00e0ria<\/a> i <a href=\"https:\/\/twitter.com\/hashtag\/ESO?src=hash&amp;ref_src=twsrc%5Etfw\">#ESO<\/a> \ud83c\udf92<br \/>\n\ud83d\udda5\ufe0f Tot el tr\u00e0mit es podr\u00e0 fer online, com a mesura de prevenci\u00f3 pel coronavirus <a href=\"https:\/\/twitter.com\/hashtag\/Preinscripci%C3%B3Escolar?src=hash&amp;ref_src=twsrc%5Etfw\">#Preinscripci\u00f3Escolar<\/a><br \/>\n\ud83d\udc49 <a href=\"https:\/\/t.co\/Q6RxK3rYdm\">https:\/\/t.co\/Q6RxK3rYdm<\/a> <a href=\"https:\/\/t.co\/M01HpDIZ0k\">pic.twitter.com\/M01HpDIZ0k<\/a><br \/>\n&mdash; Educaci\u00f3 (@educaciocat) <a href=\"https:\/\/twitter.com\/educaciocat\/status\/1258839677399969792?ref_src=twsrc%5Etfw\">May 8,&hellip;  <a href=\"https:\/\/agora.xtec.cat\/ceipbufala\/portada\/twitter-departament-deducacio-generalitat-de-catalunya\/\" title=\"Read Twitter Departament d&#8217;Educaci\u00f3. Generalitat de Catalunya\">Llegeix m\u00e9s\u00bb<\/a><\/p>\n","protected":false},"author":1,"featured_media":0,"comment_status":"open","ping_status":"closed","sticky":false,"template":"","format":"standard","meta":{"_bbp_topic_count":0,"_bbp_reply_count":0,"_bbp_total_topic_count":0,"_bbp_total_reply_count":0,"_bbp_voice_count":0,"_bbp_anonymous_reply_count":0,"_bbp_topic_count_hidden":0,"_bbp_reply_count_hidden":0,"_bbp_forum_subforum_count":0,"footnotes":""},"categories":[4],"tags":[],"class_list":["post-1560","post","type-post","status-publish","format-standard","hentry","category-portada"],"post_mailing_queue_ids":[],"_links":{"self":[{"href":"https:\/\/agora.xtec.cat\/ceipbufala\/wp-json\/wp\/v2\/posts\/1560","targetHints":{"allow":["GET"]}}],"collection":[{"href":"https:\/\/agora.xtec.cat\/ceipbufala\/wp-json\/wp\/v2\/posts"}],"about":[{"href":"https:\/\/agora.xtec.cat\/ceipbufala\/wp-json\/wp\/v2\/types\/post"}],"author":[{"embeddable":true,"href":"https:\/\/agora.xtec.cat\/ceipbufala\/wp-json\/wp\/v2\/users\/1"}],"replies":[{"embeddable":true,"href":"https:\/\/agora.xtec.cat\/ceipbufala\/wp-json\/wp\/v2\/comments?post=1560"}],"version-history":[{"count":3,"href":"https:\/\/agora.xtec.cat\/ceipbufala\/wp-json\/wp\/v2\/posts\/1560\/revisions"}],"predecessor-version":[{"id":2152,"href":"https:\/\/agora.xtec.cat\/ceipbufala\/wp-json\/wp\/v2\/posts\/1560\/revisions\/2152"}],"wp:attachment":[{"href":"https:\/\/agora.xtec.cat\/ceipbufala\/wp-json\/wp\/v2\/media?parent=1560"}],"wp:term":[{"taxonomy":"category","embeddable":true,"href":"https:\/\/agora.xtec.cat\/ceipbufala\/wp-json\/wp\/v2\/categories?post=1560"},{"taxonomy":"post_tag","embeddable":true,"href":"https:\/\/agora.xtec.cat\/ceipbufala\/wp-json\/wp\/v2\/tags?post=1560"}],"curies":[{"name":"wp","href":"https:\/\/api.w.org\/{rel}","templated":true}]}}