{"id":1536,"date":"2020-03-31T11:15:08","date_gmt":"2020-03-31T09:15:08","guid":{"rendered":"https:\/\/agora.xtec.cat\/ceipbufala\/?p=1536"},"modified":"2020-03-31T11:15:33","modified_gmt":"2020-03-31T09:15:33","slug":"recomanacions-p4-31-de-marc","status":"publish","type":"post","link":"https:\/\/agora.xtec.cat\/ceipbufala\/infantil\/p4\/recomanacions-p4-31-de-marc\/","title":{"rendered":"RECOMANACIONS P4! 31 DE MAR\u00c7"},"content":{"rendered":"<p><b>RECOMANACIONS P4! DIMARTS 31 DE MAR\u00c7\u00a0<\/b><\/p>\n<p>Hola Gats i Gates i Lleons i Lleones!<\/p>\n<p>Com esteu?\u00a0 Nosaltres <b>\u00a0<\/b>pensem molt en vosaltres. I per aquest motiu, us portem m\u00e9s sorpreses des de l\u2019ordinador\u2026<\/p>\n<p><strong>\u00a0<\/strong><\/p>\n<p><b>Descoberta de l\u2019entorn<\/b><\/p>\n<ul>\n<li>Imagineu-vos que ens trobem a l\u2019aula&#8230; ens asseiem davant del nostre arbre amic\u2026, el recordeu? Li cantem la can\u00e7\u00f3?<\/li>\n<\/ul>\n<p><a href=\"https:\/\/www.youtube.com\/watch?v=rcvVdgau_Dg\">https:\/\/www.youtube.com\/watch?v=rcvVdgau_Dg<\/a><\/p>\n<p>El nostre arbre amic \u00e9s un arbre fruiter. Recordeu que vam veure les flors de l\u2019arbre ametller?<\/p>\n<p>Doncs ara, ja floreixen tots els arbres fruiters com l\u2019ametller. Floreix el cirerer, el presseguer, l\u2019albercoquer, la prunera, el nectariner\u2026<\/p>\n<p>Escolteu la can\u00e7\u00f3 dels \u201cArbres Fruiters\u201d de la D\u00e0maris Gelabert. Us agradar\u00e0 molt!<\/p>\n<p><a href=\"https:\/\/www.youtube.com\/watch?v=W_xs3VA_EXo\">https:\/\/www.youtube.com\/watch?v=W_xs3VA_EXo<\/a><\/p>\n<ul>\n<li>El nostre arbre amic \u00e9s un cirerer! Si \u00e9s un cirerer\u2026, qu\u00e8 li estar\u00e0 passant ara mateix? Li hauran sortit les flors? I les fulles? Qu\u00e8 penseu?<\/li>\n<\/ul>\n<p>Doncs s\u00ed. Com que ja ha arribat la primavera, els cirerers han comen\u00e7at a florir! Els han sortit les flors i s\u00f3n molt boniques.<\/p>\n<p>Mireu! Ho voleu veure??? Doncs vinga!\u00a0 Fem una excursi\u00f3 virtual? Voleu veure com s\u00f3n els Cirerers?<\/p>\n<p>Esteu preparats? Doncs apa, vinga!<\/p>\n<p><a href=\"https:\/\/www.youtube.com\/watch?v=YVchzoy4RkI\">https:\/\/www.youtube.com\/watch?v=YVchzoy4RkI<\/a><\/p>\n<ul>\n<li>Us ha agradat la visita? Ara nom\u00e9s ens ho podem mirar des de l\u2019ordinador, per\u00f2 l\u2019any vinent, els podrem anar a visitar!<\/li>\n<\/ul>\n<p>I despr\u00e9s de la visita, feu silenci&#8230; shhh silenci&#8230; pareu atenci\u00f3&#8230; Ara escoltarem el conte \u201c El cirerer\u201d, d\u2019Alba Garcia Puig. Us encantar\u00e0!<\/p>\n<p><a href=\"https:\/\/www.youtube.com\/watch?v=74HNIDd9m0g&amp;t=4s\">https:\/\/www.youtube.com\/watch?v=74HNIDd9m0g&amp;t=4s<\/a><\/p>\n<p>Us ha agradat oi?<\/p>\n<p>\u00c9s que les cireres s\u00f3n bon\u00edssimes. \u00c9s una fruita deliciosa. Aquest estiu, en podrem tornar a menjar!<\/p>\n<p><strong>\u00a0<\/strong><\/p>\n<p><b>Descoberta d\u2019un mateix i dels altres<\/b><\/p>\n<ul>\n<li>Poseu l\u2019altaveu ben fort!<\/li>\n<\/ul>\n<p>Anem a ballar!<\/p>\n<p>Preparats\u2026 a la una, a les dues i a les&#8230;. tres!<\/p>\n<p><a href=\"https:\/\/www.youtube.com\/watch?v=byuDZIj5G3k\">https:\/\/www.youtube.com\/watch?v=byuDZIj5G3k<\/a><\/p>\n<p>I ara, la mateixa can\u00e7\u00f3 en angl\u00e8s!<\/p>\n<p>Vinga, som-hi!!!<\/p>\n<p><a href=\"https:\/\/www.youtube.com\/watch?v=RuqvGiZi0qg\">https:\/\/www.youtube.com\/watch?v=RuqvGiZi0qg<\/a><\/p>\n<p><strong>\u00a0<\/strong><\/p>\n<p><b>Comunicaci\u00f3 i llenguatges<\/b><\/p>\n<ul>\n<li>Recordeu quan f\u00e8iem sonar el so de les lletres a classe?<\/li>\n<\/ul>\n<p>Doncs ara\u2026\u00a0 cantarem junts \u201cla can\u00e7\u00f3 de l\u2019Abecedari\u201d!<\/p>\n<p>Heu d\u2019estar molt atents. Molt!<\/p>\n<p>I pronunciar molt b\u00e9 tots els sons, d\u2019acord? Som-hi!<\/p>\n<p><a href=\"https:\/\/www.youtube.com\/watch?v=uvrdzQwLhHc\">https:\/\/www.youtube.com\/watch?v=uvrdzQwLhHc<\/a><\/p>\n<ul>\n<li>Doncs ara, repassarem la can\u00e7\u00f3 de \u201c Les Vocals\u201d de la D\u00e0maris Gelabert, us agradar\u00e0 molt\u00edssim!<\/li>\n<\/ul>\n<p>Som-hi!<\/p>\n<p><a href=\"https:\/\/www.youtube.com\/watch?v=whuKasZzqDU\">https:\/\/www.youtube.com\/watch?v=whuKasZzqDU<\/a><\/p>\n<p><strong>\u00a0<\/strong><\/p>\n<p>Esperem que us vagin agradant les propostes que us anem suggerint. Ens retrobem el proper divendres!<\/p>\n<p>Nuria i Vanesa<\/p>\n<p>&nbsp;<\/p>\n<p>&nbsp;<\/p>\n","protected":false},"excerpt":{"rendered":"<p>RECOMANACIONS P4! DIMARTS 31 DE MAR\u00c7\u00a0<br \/>\nHola Gats i Gates i Lleons i Lleones!<br \/>\nCom esteu?\u00a0 Nosaltres \u00a0pensem molt en vosaltres. I per aquest motiu, us portem m\u00e9s sorpreses des de l\u2019ordinador\u2026<br \/>\n\u00a0<br \/>\nDescoberta de l\u2019entorn<\/p>\n<ul>\n<li>Imagineu-vos que ens trobem a l\u2019aula&#8230; ens asseiem davant del nostre arbre amic\u2026, el&hellip;  <a href=\"https:\/\/agora.xtec.cat\/ceipbufala\/infantil\/p4\/recomanacions-p4-31-de-marc\/\" title=\"Read RECOMANACIONS P4! 31 DE MAR\u00c7\">Llegeix m\u00e9s\u00bb<\/a><br \/>\n","protected":false},"author":32,"featured_media":0,"comment_status":"open","ping_status":"closed","sticky":false,"template":"","format":"standard","meta":{"_bbp_topic_count":0,"_bbp_reply_count":0,"_bbp_total_topic_count":0,"_bbp_total_reply_count":0,"_bbp_voice_count":0,"_bbp_anonymous_reply_count":0,"_bbp_topic_count_hidden":0,"_bbp_reply_count_hidden":0,"_bbp_forum_subforum_count":0,"footnotes":""},"categories":[8],"tags":[],"class_list":["post-1536","post","type-post","status-publish","format-standard","hentry","category-p4"],"post_mailing_queue_ids":[],"_links":{"self":[{"href":"https:\/\/agora.xtec.cat\/ceipbufala\/wp-json\/wp\/v2\/posts\/1536","targetHints":{"allow":["GET"]}}],"collection":[{"href":"https:\/\/agora.xtec.cat\/ceipbufala\/wp-json\/wp\/v2\/posts"}],"about":[{"href":"https:\/\/agora.xtec.cat\/ceipbufala\/wp-json\/wp\/v2\/types\/post"}],"author":[{"embeddable":true,"href":"https:\/\/agora.xtec.cat\/ceipbufala\/wp-json\/wp\/v2\/users\/32"}],"replies":[{"embeddable":true,"href":"https:\/\/agora.xtec.cat\/ceipbufala\/wp-json\/wp\/v2\/comments?post=1536"}],"version-history":[{"count":2,"href":"https:\/\/agora.xtec.cat\/ceipbufala\/wp-json\/wp\/v2\/posts\/1536\/revisions"}],"predecessor-version":[{"id":1541,"href":"https:\/\/agora.xtec.cat\/ceipbufala\/wp-json\/wp\/v2\/posts\/1536\/revisions\/1541"}],"wp:attachment":[{"href":"https:\/\/agora.xtec.cat\/ceipbufala\/wp-json\/wp\/v2\/media?parent=1536"}],"wp:term":[{"taxonomy":"category","embeddable":true,"href":"https:\/\/agora.xtec.cat\/ceipbufala\/wp-json\/wp\/v2\/categories?post=1536"},{"taxonomy":"post_tag","embeddable":true,"href":"https:\/\/agora.xtec.cat\/ceipbufala\/wp-json\/wp\/v2\/tags?post=1536"}],"curies":[{"name":"wp","href":"https:\/\/api.w.org\/{rel}","templated":true}]}}