{"id":1529,"date":"2020-03-31T11:21:36","date_gmt":"2020-03-31T09:21:36","guid":{"rendered":"https:\/\/agora.xtec.cat\/ceipbufala\/?p=1529"},"modified":"2020-03-31T11:33:16","modified_gmt":"2020-03-31T09:33:16","slug":"recomanacions-p3-dimarts-31-de-marc","status":"publish","type":"post","link":"https:\/\/agora.xtec.cat\/ceipbufala\/infantil\/p3\/recomanacions-p3-dimarts-31-de-marc\/","title":{"rendered":"RECOMANACIONS P3! DIMARTS 31 DE MAR\u00c7"},"content":{"rendered":"<p><span style=\"font-weight: 400\">Hola dofins i tortugues,\u00a0\u00a0\u00a0\u00a0<\/span><\/p>\n<p><span style=\"font-weight: 400\">Com esteu? Ja portem dies sense classes i us trobem molt a faltar. Avui us deixem m\u00e9s propostes perqu\u00e8 pugueu anar fent amb els vostres pares i mares.<\/span><\/p>\n<p><span style=\"font-weight: 400\">Cuideu-vos molt. Una abra\u00e7ada<\/span><\/p>\n<p><span style=\"font-weight: 400\">\u00a0\u00a0\u00a0\u00a0\u00a0\u00a0Loida i Thais\u00a0<\/span><\/p>\n<p>&nbsp;<\/p>\n<p><b>Descoberta d\u2019un mateix i dels altres<\/b><\/p>\n<ul>\n<li style=\"font-weight: 400\"><span style=\"font-weight: 400\">Repassar les <\/span><b>parts del cos<\/b><span style=\"font-weight: 400\"> (parts de la cara, cap, bra\u00e7os, mans, pit, panxa, cames, peus, etc.). Per exemple, podeu jugar amb el papa o la mama i endevinar quina part del cos es toca i dir-ho.\u00a0<\/span><\/li>\n<li style=\"font-weight: 400\"><span style=\"font-weight: 400\">Practicar el <\/span><b><i>dibuix del cos<\/i><\/b><span style=\"font-weight: 400\"> intentant no oblidar-vos cap de les seves parts. Podeu mirar-vos en un mirall i anar fent el dibuix.<\/span><\/li>\n<li style=\"font-weight: 400\"><span style=\"font-weight: 400\">Podeu escoltar i cantar la can\u00e7\u00f3: <\/span><b><i>El mosquit<\/i><\/b><span style=\"font-weight: 400\"> (Damaris Gelabert).<\/span><\/li>\n<\/ul>\n<p><span style=\"font-weight: 400\">\u00a0<\/span><a href=\"https:\/\/www.youtube.com\/watch?v=4jVSaapPujY\"><span style=\"font-weight: 400\">https:\/\/www.youtube.com\/watch?v=4jVSaapPujY<\/span><\/a><\/p>\n<p><span style=\"font-weight: 400\">Tamb\u00e9 us podeu animar a cantar i ballar la can\u00e7\u00f3 del <\/span><b><i>Joan Petit quan balla<\/i><\/b><span style=\"font-weight: 400\"> (Mainasons)\u00a0\u00a0<\/span><\/p>\n<p><a href=\"https:\/\/www.youtube.com\/watch?v=c_qH2SI_-Ts#action=share\"><span style=\"font-weight: 400\">https:\/\/www.youtube.com\/watch?v=c_qH2SI_-Ts#action=share<\/span><\/a><\/p>\n<p>&nbsp;<\/p>\n<p><b>\u00a0Descoberta de l\u2019entorn\u00a0\u00a0\u00a0\u00a0\u00a0\u00a0\u00a0\u00a0\u00a0\u00a0\u00a0\u00a0\u00a0\u00a0<\/b><\/p>\n<ul>\n<li><b><span style=\"font-weight: 400\">El<\/span> JOC <span style=\"font-weight: 400\">dels<\/span> colors<\/b><\/li>\n<\/ul>\n<p><a href=\"https:\/\/clic.xtec.cat\/projects\/jocolors\/jclic.js\/index.html\"><span style=\"font-weight: 400\">https:\/\/clic.xtec.cat\/projects\/jocolors\/jclic.js\/index.html<\/span><\/a><\/p>\n<p><span style=\"font-weight: 400\">Amb aquest joc dels colors podreu repassar-los i gaudir de l\u2019estona. Hi ha varies activitats entretingudes.<\/span><\/p>\n<ul>\n<li><b><span style=\"font-weight: 400\">Observar <\/span><i>quin temps fa?<\/i><span style=\"font-weight: 400\"> durant la setmana. Sortir al balc\u00f3 o mirar per la finestra i mirar quin temps fa. Podeu posar en un full els dies de la setmana i que dibuixin cada dia el temps que fa (per ex. un sol, n\u00favol, pluja, sol i n\u00favol).I preguntar si avui fa fred o calor. Quan acabi la setmana podeu contar quants dies ha fet sol, n\u00favol,&#8230; Aquesta proposta la podeu continuar fent la seg\u00fcent setmana.<\/span><\/b><\/li>\n<\/ul>\n<p><span style=\"font-weight: 400\">A m\u00e9s a m\u00e9s podeu escolteu la <\/span><b><i>can\u00e7\u00f3<\/i><\/b><span style=\"font-weight: 400\">: <\/span><b>Quin dia fa? <\/b><a href=\"https:\/\/www.youtube.com\/watch?v=_p3Gl_ogA30\"><span style=\"font-weight: 400\">https:\/\/www.youtube.com\/watch?v=_p3Gl_ogA30<\/span><\/a><\/p>\n<p>&nbsp;<\/p>\n<p><b>\u00a0 \u00a0Comunicaci\u00f3 i llenguatges<\/b><\/p>\n<p><b>\u00a0\u00a0\u00a0\u00a0\u00a0\u00a0\u00a0\u00a0\u00a0\u00a0\u00a0Llenguatge oral i escrit<\/b><\/p>\n<ul>\n<li style=\"font-weight: 400\"><span style=\"font-weight: 400\">Retallar lletres de diaris o revistes i <\/span><b>confegir paraules senzilles<\/b><span style=\"font-weight: 400\"> amb el model de la paraula al davant. (parts del cos, animals, noms dels nens i nenes de la classe\u2026)<\/span><\/li>\n<li style=\"font-weight: 400\"><span style=\"font-weight: 400\">Jugar a les <\/span><b>endevinalles<\/b><span style=\"font-weight: 400\"> relacionades amb el tema de la primavera.<\/span><\/li>\n<\/ul>\n<p><span style=\"font-weight: 400\">Per exemple Endevina, endevinalla&#8230;li llegeixes i el vostre fill\/a ha d\u2019intentar endevinar\u2026\u00a0<\/span><\/p>\n<p><span style=\"font-weight: 400\">Aqu\u00ed teniu algunes endevinalles, per\u00f2 podeu buscar alguna m\u00e9s per internet.\u00a0\u00a0<\/span><\/p>\n<p><a href=\"https:\/\/agora.xtec.cat\/ceipmescolacasas\/wp-content\/uploads\/usu1999\/2019\/06\/E1.jpg\"><span style=\"font-weight: 400\">https:\/\/agora.xtec.cat\/ceipmescolacasas\/wp-content\/uploads\/usu1999\/2019\/06\/E1.jpg<\/span><\/a><span style=\"font-weight: 400\">\u00a0<\/span><\/p>\n<p><a href=\"https:\/\/agora.xtec.cat\/ceipmescolacasas\/wp-content\/uploads\/usu1999\/2019\/06\/E2.jpg\"><span style=\"font-weight: 400\">https:\/\/agora.xtec.cat\/ceipmescolacasas\/wp-content\/uploads\/usu1999\/2019\/06\/E2.jpg<\/span><\/a><\/p>\n<p><b>\u00a0 \u00a0 \u00a0 \u00a0 \u00a0 \u00a0Llenguatge matem\u00e0tic<\/b><\/p>\n<ul>\n<li style=\"font-weight: 400\"><span style=\"font-weight: 400\">Fer<\/span><b><i> s\u00e8ries<\/i><\/b><span style=\"font-weight: 400\"> de 2 o 3 elements amb diferents objectes o gomets de colors.<\/span><\/li>\n<li style=\"font-weight: 400\"><span style=\"font-weight: 400\">Jugar a<\/span><b><i> jocs de taula<\/i><\/b><span style=\"font-weight: 400\">: puzzles, d\u00f2mino, memory, parx\u00eds, joc de la oca&#8230;<\/span><\/li>\n<li style=\"font-weight: 400\"><span style=\"font-weight: 400\">Continuar practicant l\u2019<\/span><b><i>escriptura<\/i><\/b><span style=\"font-weight: 400\"> dels<\/span><b><i> n\u00fameros<\/i><\/b><span style=\"font-weight: 400\"> del <\/span><b><i>0 al 3<\/i><\/b><span style=\"font-weight: 400\"> vigilant el tra\u00e7 i la direccionalitat. Jugar a comptar amb diferents materials (boletes, cigrons, mongetes, pedretes\u2026).<\/span><\/li>\n<\/ul>\n<p><b>\u00a0 \u00a0 \u00a0 \u00a0 \u00a0 \u00a0Llenguatge pl\u00e0stic<\/b><\/p>\n<ul>\n<li style=\"font-weight: 400\"><span style=\"font-weight: 400\">Mireu per internet un camp florit de roselles, observeu i comenteu el que veieu. Despr\u00e8s ja que estem a la primavera podrieu pintar un <\/span><b><i>camp florit de roselles<\/i><\/b><span style=\"font-weight: 400\">.<\/span><\/li>\n<\/ul>\n<p><span style=\"font-weight: 400\">Aqui teniu un exemple d\u2019ajuda: <\/span><a href=\"http:\/\/petitmonblogger.blogspot.com\/2016\/05\/primavera-amb-roselles.html?m=1\"><span style=\"font-weight: 400\">http:\/\/petitmonblogger.blogspot.com\/2016\/05\/primavera-amb-roselles.html?m=1<\/span><\/a><\/p>\n<p><span style=\"font-weight: 400\">Si no teniu pintura podeu fabricar pintura comestible: <\/span><a href=\"https:\/\/kiddykits.wordpress.com\/2013\/03\/01\/com-fer-pintura-comestible-per-nens\/\"><span style=\"font-weight: 400\">https:\/\/kiddykits.wordpress.com\/2013\/03\/01\/com-fer-pintura-comestible-per-nens\/<\/span><\/a><span style=\"font-weight: 400\"> \u00a0 \u00a0 <\/span><span style=\"font-weight: 400\">\u00a0\u00a0<\/span><\/p>\n<ul>\n<li style=\"font-weight: 400\"><span style=\"font-weight: 400\">En aquesta p\u00e0gina podeu trobar idees de <\/span><b>materials sensorials per jugar i manipular<\/b><span style=\"font-weight: 400\">. <\/span><a style=\"font-family: inherit;font-size: 1em\" href=\"https:\/\/mamay1000cosasmas.com\/primeras-bandejas-sensoriales\/\">https:\/\/mamay1000cosasmas.com\/primeras-bandejas-sensoriales\/<\/a><\/li>\n<\/ul>\n<p><b>\u00a0\u00a0<\/b><\/p>\n","protected":false},"excerpt":{"rendered":"<p>Hola dofins i tortugues,\u00a0\u00a0\u00a0\u00a0<br \/>\nCom esteu? Ja portem dies sense classes i us trobem molt a faltar. Avui us deixem m\u00e9s propostes perqu\u00e8 pugueu anar fent amb els vostres pares i mares.<br \/>\nCuideu-vos molt. Una abra\u00e7ada<br \/>\n\u00a0\u00a0\u00a0\u00a0\u00a0\u00a0Loida i Thais\u00a0<br \/>\n&nbsp;<br \/>\nDescoberta d\u2019un mateix i dels altres<\/p>\n<ul>\n<li style=\"font-weight: 400\">Repassar les parts&hellip;  <a href=\"https:\/\/agora.xtec.cat\/ceipbufala\/infantil\/p3\/recomanacions-p3-dimarts-31-de-marc\/\" title=\"Read RECOMANACIONS P3! DIMARTS 31 DE MAR\u00c7\">Llegeix m\u00e9s\u00bb<\/a><br \/>\n","protected":false},"author":1,"featured_media":1534,"comment_status":"open","ping_status":"closed","sticky":false,"template":"","format":"standard","meta":{"_bbp_topic_count":0,"_bbp_reply_count":0,"_bbp_total_topic_count":0,"_bbp_total_reply_count":0,"_bbp_voice_count":0,"_bbp_anonymous_reply_count":0,"_bbp_topic_count_hidden":0,"_bbp_reply_count_hidden":0,"_bbp_forum_subforum_count":0,"footnotes":""},"categories":[3],"tags":[],"class_list":["post-1529","post","type-post","status-publish","format-standard","has-post-thumbnail","hentry","category-p3"],"post_mailing_queue_ids":[],"_links":{"self":[{"href":"https:\/\/agora.xtec.cat\/ceipbufala\/wp-json\/wp\/v2\/posts\/1529","targetHints":{"allow":["GET"]}}],"collection":[{"href":"https:\/\/agora.xtec.cat\/ceipbufala\/wp-json\/wp\/v2\/posts"}],"about":[{"href":"https:\/\/agora.xtec.cat\/ceipbufala\/wp-json\/wp\/v2\/types\/post"}],"author":[{"embeddable":true,"href":"https:\/\/agora.xtec.cat\/ceipbufala\/wp-json\/wp\/v2\/users\/1"}],"replies":[{"embeddable":true,"href":"https:\/\/agora.xtec.cat\/ceipbufala\/wp-json\/wp\/v2\/comments?post=1529"}],"version-history":[{"count":3,"href":"https:\/\/agora.xtec.cat\/ceipbufala\/wp-json\/wp\/v2\/posts\/1529\/revisions"}],"predecessor-version":[{"id":1545,"href":"https:\/\/agora.xtec.cat\/ceipbufala\/wp-json\/wp\/v2\/posts\/1529\/revisions\/1545"}],"wp:featuredmedia":[{"embeddable":true,"href":"https:\/\/agora.xtec.cat\/ceipbufala\/wp-json\/wp\/v2\/media\/1534"}],"wp:attachment":[{"href":"https:\/\/agora.xtec.cat\/ceipbufala\/wp-json\/wp\/v2\/media?parent=1529"}],"wp:term":[{"taxonomy":"category","embeddable":true,"href":"https:\/\/agora.xtec.cat\/ceipbufala\/wp-json\/wp\/v2\/categories?post=1529"},{"taxonomy":"post_tag","embeddable":true,"href":"https:\/\/agora.xtec.cat\/ceipbufala\/wp-json\/wp\/v2\/tags?post=1529"}],"curies":[{"name":"wp","href":"https:\/\/api.w.org\/{rel}","templated":true}]}}