{"id":1526,"date":"2020-03-31T10:22:04","date_gmt":"2020-03-31T08:22:04","guid":{"rendered":"https:\/\/agora.xtec.cat\/ceipbufala\/?p=1526"},"modified":"2020-03-31T10:22:04","modified_gmt":"2020-03-31T08:22:04","slug":"recomanacions-p5-dimarts-31-de-marc","status":"publish","type":"post","link":"https:\/\/agora.xtec.cat\/ceipbufala\/infantil\/p5\/recomanacions-p5-dimarts-31-de-marc\/","title":{"rendered":"RECOMANACIONS P5!! DIMARTS 31 DE MAR\u00c7"},"content":{"rendered":"<p><span style=\"font-weight: 400\">Hola a tots i totes!!! Qu\u00e8 tal? Com esteu? Desitgem que estigueu mooolt b\u00e9 i que us estiguin agradant les diferents propostes d\u2019activitats que us estem fent arribar!!!<\/span><\/p>\n<p><span style=\"font-weight: 400\">Nosaltres estem b\u00e9, tot i que us trobem molt a faltar!!!\u00a0<\/span><\/p>\n<p><span style=\"font-weight: 400\">Aqu\u00ed us deixem noves activitats per fer a casa al llarg d\u2019aquesta setmana.<\/span><\/p>\n<p><span style=\"font-weight: 400\">Una abra\u00e7ada i fins aviat!!!<\/span><\/p>\n<p><span style=\"font-weight: 400\">Esther i M\u00f3nica<\/span><\/p>\n<p>&nbsp;<\/p>\n<p><b>Descoberta d\u2019un mateix i dels altres<\/b><\/p>\n<ul>\n<li style=\"font-weight: 400\"><span style=\"font-weight: 400\">Ets observador? Juga a aquest joc i troba les 7 difer\u00e8ncies.<\/span>\n<ul>\n<li style=\"font-weight: 400\"><a href=\"http:\/\/www.edu365.cat\/infantil\/jocs\/7diferencies\/index.html\"><span style=\"font-weight: 400\">http:\/\/www.edu365.cat\/infantil\/jocs\/7diferencies\/index.html<\/span><\/a><\/li>\n<\/ul>\n<\/li>\n<li style=\"font-weight: 400\"><span style=\"font-weight: 400\">Com et sents? Quines emocions podem transmetre amb la cara? Realitza les activitats de la unitat 5.<\/span>\n<ul>\n<li style=\"font-weight: 400\"><a href=\"https:\/\/author.weeras.com\/ebook\/html5\/?content=142357\"><span style=\"font-weight: 400\">https:\/\/author.weeras.com\/ebook\/html5\/?content=142357<\/span><\/a><\/li>\n<\/ul>\n<\/li>\n<\/ul>\n<p><b>Descoberta de l\u2019entorn<\/b><\/p>\n<ul>\n<li style=\"font-weight: 400\"><span style=\"font-weight: 400\">Juga a fer construccions amb blocs<\/span>\n<ul>\n<li style=\"font-weight: 400\"><a href=\"http:\/\/www.cercifaf.org.pt\/mosaico.edu\/ca\/blocos.html\"><span style=\"font-weight: 400\">http:\/\/www.cercifaf.org.pt\/mosaico.edu\/ca\/blocos.html<\/span><\/a><\/li>\n<\/ul>\n<\/li>\n<li style=\"font-weight: 400\"><span style=\"font-weight: 400\">Busca per casa objectes amb diferents formes geom\u00e8triques (cercle, quadrat, triangle i rectangle) i juga a classificar els objectes segons la seva forma. Un cop classificats, fes una llista amb els noms dels diferents objectes (escriptura lliure).\u00a0<\/span><\/li>\n<li style=\"font-weight: 400\"><span style=\"font-weight: 400\">Com ja estem a la primavera, escolta la can\u00e7\u00f3 de la D\u00e0maris Gelabert: \u201cNaturalment\u201d que ens ensenya a valorar i cuidar la natura.\u00a0<\/span>\n<ul>\n<li style=\"font-weight: 400\"><a href=\"https:\/\/www.youtube.com\/watch?v=LBZF2mTvybQ\"><span style=\"font-weight: 400\">https:\/\/www.youtube.com\/watch?v=LBZF2mTvybQ<\/span><\/a><\/li>\n<\/ul>\n<\/li>\n<\/ul>\n<p><b>Comunicaci\u00f3 i llenguatges<\/b><\/p>\n<ul>\n<li style=\"font-weight: 400\"><span style=\"font-weight: 400\">Practica l\u2019escriptura de paraules amb aquest joc. Per comen\u00e7ar tria el nivell f\u00e0cil.<\/span>\n<ul>\n<li style=\"font-weight: 400\"><a href=\"https:\/\/clic.xtec.cat\/projects\/100paraules\/jclic.js\/index.html\"><span style=\"font-weight: 400\">https:\/\/clic.xtec.cat\/projects\/100paraules\/jclic.js\/index.html<\/span><\/a><\/li>\n<\/ul>\n<\/li>\n<li style=\"font-weight: 400\"><span style=\"font-weight: 400\">Fes d\u2019artista i realitza el teu propi quadre dels Gira-sols del pintor holand\u00e9s Vincent Van Gogh!!! Pots inspirar-te en aquesta imatge o buscar altres materials: pasta, papers, oueres, trossets de roba, pintura, plastilina\u2026\u00a0<\/span>\n<ul>\n<li style=\"font-weight: 400\"><a href=\"https:\/\/i0.wp.com\/www.imageneseducativas.com\/wp-content\/uploads\/2016\/03\/Manulidades-con-pasta-4.jpg?ssl=1\"><span style=\"font-weight: 400\">https:\/\/i0.wp.com\/www.imageneseducativas.com\/wp-content\/uploads\/2016\/03\/Manulidades-con-pasta-4.jpg?ssl=1<\/span><\/a><\/li>\n<li style=\"font-weight: 400\"><a href=\"https:\/\/www.google.es\/search?q=gira-sols+van+gogh&amp;tbm=isch&amp;ved=2ahUKEwjT96mNxb_oAhVSIRoKHQPZCQ8Q2-cCegQIABAA&amp;oq=gira-sols+van+gogh&amp;gs_lcp=CgNpbWcQAzIGCAAQBxAeMggIABAHEAUQHjoCCAA6BAgAEEM6BggAEAgQHlCpSlikamCBbWgDcAB4AoAB1QKIAdMQkgEHNS40LjIuMpgBAKABAaoBC2d3cy13aXotaW1n&amp;sclient=img&amp;ei=FYGAXpOZH9LCaIOyp3g&amp;bih=620&amp;biw=1366&amp;hl=ca\"><span style=\"font-weight: 400\">Els Gira-sols de Van Gogh<\/span><\/a><\/li>\n<\/ul>\n<\/li>\n<\/ul>\n","protected":false},"excerpt":{"rendered":"<p>Hola a tots i totes!!! Qu\u00e8 tal? Com esteu? Desitgem que estigueu mooolt b\u00e9 i que us estiguin agradant les diferents propostes d\u2019activitats que us estem fent arribar!!!<br \/>\nNosaltres estem b\u00e9, tot i que us trobem molt a faltar!!!\u00a0<br \/>\nAqu\u00ed us deixem noves activitats per fer a&hellip;  <a href=\"https:\/\/agora.xtec.cat\/ceipbufala\/infantil\/p5\/recomanacions-p5-dimarts-31-de-marc\/\" title=\"Read RECOMANACIONS P5!! DIMARTS 31 DE MAR\u00c7\">Llegeix m\u00e9s\u00bb<\/a><\/p>\n","protected":false},"author":14,"featured_media":1527,"comment_status":"open","ping_status":"closed","sticky":false,"template":"","format":"standard","meta":{"_bbp_topic_count":0,"_bbp_reply_count":0,"_bbp_total_topic_count":0,"_bbp_total_reply_count":0,"_bbp_voice_count":0,"_bbp_anonymous_reply_count":0,"_bbp_topic_count_hidden":0,"_bbp_reply_count_hidden":0,"_bbp_forum_subforum_count":0,"footnotes":""},"categories":[9],"tags":[],"class_list":["post-1526","post","type-post","status-publish","format-standard","has-post-thumbnail","hentry","category-p5"],"post_mailing_queue_ids":[],"_links":{"self":[{"href":"https:\/\/agora.xtec.cat\/ceipbufala\/wp-json\/wp\/v2\/posts\/1526","targetHints":{"allow":["GET"]}}],"collection":[{"href":"https:\/\/agora.xtec.cat\/ceipbufala\/wp-json\/wp\/v2\/posts"}],"about":[{"href":"https:\/\/agora.xtec.cat\/ceipbufala\/wp-json\/wp\/v2\/types\/post"}],"author":[{"embeddable":true,"href":"https:\/\/agora.xtec.cat\/ceipbufala\/wp-json\/wp\/v2\/users\/14"}],"replies":[{"embeddable":true,"href":"https:\/\/agora.xtec.cat\/ceipbufala\/wp-json\/wp\/v2\/comments?post=1526"}],"version-history":[{"count":1,"href":"https:\/\/agora.xtec.cat\/ceipbufala\/wp-json\/wp\/v2\/posts\/1526\/revisions"}],"predecessor-version":[{"id":1528,"href":"https:\/\/agora.xtec.cat\/ceipbufala\/wp-json\/wp\/v2\/posts\/1526\/revisions\/1528"}],"wp:featuredmedia":[{"embeddable":true,"href":"https:\/\/agora.xtec.cat\/ceipbufala\/wp-json\/wp\/v2\/media\/1527"}],"wp:attachment":[{"href":"https:\/\/agora.xtec.cat\/ceipbufala\/wp-json\/wp\/v2\/media?parent=1526"}],"wp:term":[{"taxonomy":"category","embeddable":true,"href":"https:\/\/agora.xtec.cat\/ceipbufala\/wp-json\/wp\/v2\/categories?post=1526"},{"taxonomy":"post_tag","embeddable":true,"href":"https:\/\/agora.xtec.cat\/ceipbufala\/wp-json\/wp\/v2\/tags?post=1526"}],"curies":[{"name":"wp","href":"https:\/\/api.w.org\/{rel}","templated":true}]}}