{"id":1464,"date":"2020-03-27T14:32:37","date_gmt":"2020-03-27T13:32:37","guid":{"rendered":"https:\/\/agora.xtec.cat\/ceipbufala\/?p=1464"},"modified":"2020-03-27T16:15:14","modified_gmt":"2020-03-27T15:15:14","slug":"recomanacions-3r-2","status":"publish","type":"post","link":"https:\/\/agora.xtec.cat\/ceipbufala\/primaria\/3r\/recomanacions-3r-2\/","title":{"rendered":"Recomanacions 3r."},"content":{"rendered":"<p><span style=\"font-weight: 400\">Hola a tots i totes! Ja s\u2019acaba la segona setmana de confinament. Esperem que us estigueu acostumant a treballar des de casa perqu\u00e8 aix\u00f2 s\u2019allarga m\u00e9s del que teniem pensat. Confiem que aneu fent les feines que us estem preparant. Avui us afegim algunes altres tasques que esperem us siguin profitoses!<\/span><\/p>\n<p><span style=\"font-weight: 400\">Per cert, heu escrit ja el mail al company\/a? Com porteu el vostre diari? I el conte amb titelles pels vostres fillols? Recordeu que heu d\u2019anar guardant tot el que feu, incloent les vostres creacions art\u00edstiques!\u00a0<\/span><\/p>\n<table>\n<tbody>\n<tr>\n<td><span style=\"font-weight: 400\">LLENGUA<\/span><\/p>\n<ul>\n<li style=\"font-weight: 400\"><b>Castell\u00e0<\/b><span style=\"font-weight: 400\">: Aqu\u00ed us deixem un enlla\u00e7 per repassar aspectes de llengua treballats aquest curs. Teniu diferents tipus d\u2019activitats per anar fent al llarg de la setmana (comprensi\u00f3 lectora, dictats, \u2026).<\/span><\/li>\n<\/ul>\n<p><span style=\"font-weight: 400\">\u00a0<\/span><a href=\"https:\/\/author.weeras.com\/ebook\/html5\/?content=142282\"><span style=\"font-weight: 400\">https:\/\/author.weeras.com\/ebook\/html5\/?content=142282<\/span><\/a><b>\u00a0\u00a0<\/b><\/p>\n<ul>\n<li><b>Catal\u00e0:<\/b><b>\u00a0<\/b><\/li>\n<\/ul>\n<p><b>Activitat d\u2019expressi\u00f3 escrita: <\/b><span style=\"font-weight: 400\">Observa les imatges i escriu una petita hist\u00f2ria que expliqui qu\u00e8 passa: <\/span><a href=\"https:\/\/docs.google.com\/document\/d\/e\/2PACX-1vT8eC41RWNSEuR_E3Uun9sCZuRnLYC3WncQV4DRckj0xr38HaRzsaTfivmTdSsvoo7V2hQELlQzbM3f\/pub\"><span style=\"font-weight: 400\">https:\/\/docs.google.com\/document\/d\/e\/2PACX-1vT8eC41RWNSEuR_E3Uun9sCZuRnLYC3WncQV4DRckj0xr38HaRzsaTfivmTdSsvoo7V2hQELlQzbM3f\/pub<\/span><\/a><\/p>\n<p><b>Activitat de compensi\u00f3 lectora: \u00a0 \u00a0 <\/b><a href=\"https:\/\/docs.google.com\/document\/d\/e\/2PACX-1vT_3d6r9wpkO15pZeWJk_xzIsifrfFSd0eeCst6mhQVJX3XMDjQoRlVj3UH6ydODg\/pub\"><span style=\"font-weight: 400\">https:\/\/docs.google.com\/document\/d\/e\/2PACX-1vT_3d6r9wpkO15pZeWJk_xzIsifrfFSd0eeCst6mhQVJX3XMDjQoRlVj3UH6ydODg\/pub<\/span><\/a><\/td>\n<\/tr>\n<tr>\n<td><span style=\"font-weight: 400\">MATES<\/span><\/p>\n<ul>\n<li style=\"font-weight: 400\"><span style=\"font-weight: 400\">Podeu fer activitats de <\/span><b>rob\u00f3tica<\/b><span style=\"font-weight: 400\"> tots els dies, a les 17:oo h., a\u00a0 <\/span><a href=\"https:\/\/m.youtube.com\/channel\/UCenVzT7NDOQQH62WcYWBS0w\"><span style=\"font-weight: 400\">https:\/\/m.youtube.com\/channel\/UCenVzT7NDOQQH62WcYWBS0w<\/span><\/a><\/li>\n<li style=\"font-weight: 400\"><b>C\u00e0lcul d\u2019euros<\/b><b>. <\/b><span style=\"font-weight: 400\">Us proposem que investigueu el seg\u00fcent a internet:\u00a0<\/span><\/li>\n<\/ul>\n<p><span style=\"font-weight: 400\">On \u00e9s m\u00e9s barat?<\/span> <span style=\"font-weight: 400\">Fer una llista de coses que voldries comprar anotant el preu que\u00a0<\/span><span style=\"font-weight: 400\">t\u00e9 en diferents botigues online. Identificar quin \u00e9s el preu m\u00e9s barat, el m\u00e9s car\u00a0<\/span><\/p>\n<p><span style=\"font-weight: 400\">i la difer\u00e8ncia de diners que ens podr\u00edem estalviar si compr\u00e9ssim el m\u00e9s barat.\u00a0<\/span><\/p>\n<p><span style=\"font-weight: 400\">Quina oferta m\u2019interessa?<\/span><span style=\"font-weight: 400\"> Anotar les ofertes on no hi hagi indicat el percentatge\u00a0<\/span><span style=\"font-weight: 400\">de descompte (per exemple 3&#215;2, segona unitat a meitat de preu, etc.). Intu\u00eftivament\u00a0<\/span><\/p>\n<p><span style=\"font-weight: 400\">decidir quina \u00e9s la millor. Despr\u00e9s calcular el percentatge de descompte que et fan\u00a0<\/span><span style=\"font-weight: 400\">en l\u2019article comprat a cadascuna de les diferents ofertes i comprovar d\u2019aquesta\u00a0<\/span><\/p>\n<p><span style=\"font-weight: 400\">manera si la intu\u00efci\u00f3 ha estat la correcta.\u00a0<\/span><\/td>\n<\/tr>\n<tr>\n<td><span style=\"font-weight: 400\">MEDI<\/span><\/p>\n<ul>\n<li style=\"font-weight: 400\"><span style=\"font-weight: 400\">Seguim amb experiments. Aqu\u00ed en trobareu alguns que ens han agradat molt: <\/span><a href=\"https:\/\/www.youmekids.com\/top-5-portals-experiments-nens\/\"><span style=\"font-weight: 400\">https:\/\/www.youmekids.com\/top-5-portals-experiments-nens\/<\/span><\/a><\/li>\n<li style=\"font-weight: 400\"><span style=\"font-weight: 400\">Podeu enregistrar els experiments que feu en aquest model de full: <\/span><a href=\"https:\/\/docs.google.com\/document\/d\/e\/2PACX-1vQDNhs--WTnwN2_NVHsaseieUM0VxrQJAKxVWJIAGa8wf4MHODY8uo8m7eW5AD-nUpWEseXEriDqDSl\/pub\"><span style=\"font-weight: 400\">https:\/\/docs.google.com\/document\/d\/e\/2PACX-1vQDNhs&#8211;WTnwN2_NVHsaseieUM0VxrQJAKxVWJIAGa8wf4MHODY8uo8m7eW5AD-nUpWEseXEriDqDSl\/pub<\/span><\/a><\/li>\n<\/ul>\n<\/td>\n<\/tr>\n<tr>\n<td><span style=\"font-weight: 400\">ART\u00cdSTICA<\/span><\/p>\n<ul>\n<li style=\"font-weight: 400\"><b>Repte creatiu:<\/b> <span style=\"font-weight: 400\">T\u2019atreveixes amb aquest repte? Utilitza coses quotidianes del nostre dia a dia, transforma-les i dona\u2019ls-hi vida. Us animem a compartir les activitats que us proposem, ens far\u00e0 molta il\u00b7lusi\u00f3 veure les vostres creacions.<\/span><\/li>\n<\/ul>\n<p><a href=\"https:\/\/docs.google.com\/document\/d\/e\/2PACX-1vTfxMCSNSDjlkCAfD4q8w_x_pgXZtDJ6APQip9X3pmcIwG9AjdJveA_RAAWz3NWxA\/pub\"><span style=\"font-weight: 400\">https:\/\/docs.google.com\/document\/d\/e\/2PACX-1vTfxMCSNSDjlkCAfD4q8w_x_pgXZtDJ6APQip9X3pmcIwG9AjdJveA_RAAWz3NWxA\/pub<\/span><\/a><\/p>\n<ul>\n<li style=\"font-weight: 400\"><span style=\"font-weight: 400\">Us agraden les <\/span><b>mandales<\/b><span style=\"font-weight: 400\">? aqu\u00ed en teniu unes quantes: <\/span><a href=\"https:\/\/maresipares.cat\/gaudim-pintant-mandales\/\"><span style=\"font-weight: 400\">https:\/\/maresipares.cat\/gaudim-pintant-mandales\/<\/span><\/a><span style=\"font-weight: 400\">\u00a0<\/span><\/li>\n<\/ul>\n<\/td>\n<\/tr>\n<tr>\n<td><span style=\"font-weight: 400\">ALTRES<\/span><\/p>\n<ul>\n<li style=\"font-weight: 400\"><span style=\"font-weight: 400\">Avui \u00e9s el dia mundial del teatre i ja que no podem anar a cap <\/span><b>teatre,<\/b><span style=\"font-weight: 400\"> el podem veure en fam\u00edlia, des de casa. Aqu\u00ed teniu l\u2019obra \u201c<\/span><b>Al\u00edcia al pa\u00eds de les meravelles<\/b><span style=\"font-weight: 400\">\u201d:\u00a0 <\/span><a href=\"https:\/\/www.socpetit.cat\/alicia-meravelles\/\"><span style=\"font-weight: 400\">https:\/\/www.socpetit.cat\/alicia-meravelles\/<\/span><\/a><\/li>\n<li style=\"font-weight: 400\"><span style=\"font-weight: 400\">Un altra activitat en fam\u00edlia<\/span><b>, <\/b><span style=\"font-weight: 400\">a partir de dissabte 28 de mar\u00e7, \u00e9s la de\u00a0 <\/span><b>participar al #MuseumQuizACasa<\/b><span style=\"font-weight: 400\">, una edici\u00f3 especial del concurs Museum Quiz que us ofereix una alternativa cultural i de lleure divertida!<\/span><span style=\"font-weight: 400\">. <\/span><a href=\"https:\/\/ajuntament.barcelona.cat\/museudeldisseny\/ca\/activitat\/museum-quiz-casa\/?utm_source=ICUB%20%2F%20Museu%20Disseny&amp;utm_medium=email&amp;utm_campaign=MuseuDissenyVirtual&amp;utm_content=20200326_link_second_block_2_Especial%2026%20de%20mar%C3%A7\"><span style=\"font-weight: 400\">https:\/\/ajuntament.barcelona.cat\/museudeldisseny\/ca\/activitat\/museum-quiz-casa\/?utm_source=ICUB%20%2F%20Museu%20Disseny&amp;utm_medium=email&amp;utm_campaign=MuseuDissenyVirtual&amp;utm_content=20200326_link_second_block_2_Especial%2026%20de%20mar%C3%A7<\/span><\/a><\/li>\n<li style=\"font-weight: 400\"><span style=\"font-weight: 400\">Podem visitar el Museu de Dal\u00ed!! A veure si trobeu algunes de les obres que vam veure tots junts a la classe! <\/span><a href=\"https:\/\/www.salvador-dali.org\/ca\/museus\/teatre-museu-dali-de-figueres\/visita-virtual\/\"><span style=\"font-weight: 400\">https:\/\/www.salvador-dali.org\/ca\/museus\/teatre-museu-dali-de-figueres\/visita-virtual\/<\/span><\/a><\/li>\n<li style=\"font-weight: 400\"><span style=\"font-weight: 400\">I no oblideu la programaci\u00f3 especial d\u2019aquests dies a la <\/span><b>tele<\/b><span style=\"font-weight: 400\">. Podeu visualitzar pel\u00b7l\u00edcules i altres programes com: <\/span><i><span style=\"font-weight: 400\">InfoK<\/span><\/i><span style=\"font-weight: 400\">, <\/span><i><span style=\"font-weight: 400\">Dinamiks<\/span><\/i><span style=\"font-weight: 400\">, <\/span><i><span style=\"font-weight: 400\">Manduka<\/span><\/i><span style=\"font-weight: 400\">, <\/span><i><span style=\"font-weight: 400\">Una m\u00e0 de contes<\/span><\/i><span style=\"font-weight: 400\">, <\/span><i><span style=\"font-weight: 400\">Qu\u00e8, qui, com? Fish&amp;Chips <\/span><\/i><span style=\"font-weight: 400\">i recollir en el diari idees o aspectes destacats.<\/span><\/li>\n<\/ul>\n<\/td>\n<\/tr>\n<\/tbody>\n<\/table>\n<p><span style=\"font-weight: 400\">Esperem tingueu un bon cap de setmana! Us mantindrem informats de qualsevol novetat i seguirem enviant-vos activitats engrescadores per aquests dies.\u00a0<\/span><\/p>\n<p><span style=\"font-weight: 400\">Aprofitem per fer-vos una super abra\u00e7ada virtual i un pet\u00f3 ben fort!!<\/span><\/p>\n<p><span style=\"font-weight: 400\">\u00c0ngels, Almudena i Amparo<\/span><\/p>\n<p>&nbsp;<\/p>\n","protected":false},"excerpt":{"rendered":"<p>Hola a tots i totes! Ja s\u2019acaba la segona setmana de confinament. Esperem que us estigueu acostumant a treballar des de casa perqu\u00e8 aix\u00f2 s\u2019allarga m\u00e9s del que teniem pensat. Confiem que aneu fent les feines que us estem preparant. Avui us afegim algunes altres&hellip;  <a href=\"https:\/\/agora.xtec.cat\/ceipbufala\/primaria\/3r\/recomanacions-3r-2\/\" title=\"Read Recomanacions 3r.\">Llegeix m\u00e9s\u00bb<\/a><\/p>\n","protected":false},"author":8,"featured_media":0,"comment_status":"open","ping_status":"closed","sticky":false,"template":"","format":"standard","meta":{"_bbp_topic_count":0,"_bbp_reply_count":0,"_bbp_total_topic_count":0,"_bbp_total_reply_count":0,"_bbp_voice_count":0,"_bbp_anonymous_reply_count":0,"_bbp_topic_count_hidden":0,"_bbp_reply_count_hidden":0,"_bbp_forum_subforum_count":0,"footnotes":""},"categories":[12],"tags":[],"class_list":["post-1464","post","type-post","status-publish","format-standard","hentry","category-3r"],"post_mailing_queue_ids":[],"_links":{"self":[{"href":"https:\/\/agora.xtec.cat\/ceipbufala\/wp-json\/wp\/v2\/posts\/1464","targetHints":{"allow":["GET"]}}],"collection":[{"href":"https:\/\/agora.xtec.cat\/ceipbufala\/wp-json\/wp\/v2\/posts"}],"about":[{"href":"https:\/\/agora.xtec.cat\/ceipbufala\/wp-json\/wp\/v2\/types\/post"}],"author":[{"embeddable":true,"href":"https:\/\/agora.xtec.cat\/ceipbufala\/wp-json\/wp\/v2\/users\/8"}],"replies":[{"embeddable":true,"href":"https:\/\/agora.xtec.cat\/ceipbufala\/wp-json\/wp\/v2\/comments?post=1464"}],"version-history":[{"count":2,"href":"https:\/\/agora.xtec.cat\/ceipbufala\/wp-json\/wp\/v2\/posts\/1464\/revisions"}],"predecessor-version":[{"id":1472,"href":"https:\/\/agora.xtec.cat\/ceipbufala\/wp-json\/wp\/v2\/posts\/1464\/revisions\/1472"}],"wp:attachment":[{"href":"https:\/\/agora.xtec.cat\/ceipbufala\/wp-json\/wp\/v2\/media?parent=1464"}],"wp:term":[{"taxonomy":"category","embeddable":true,"href":"https:\/\/agora.xtec.cat\/ceipbufala\/wp-json\/wp\/v2\/categories?post=1464"},{"taxonomy":"post_tag","embeddable":true,"href":"https:\/\/agora.xtec.cat\/ceipbufala\/wp-json\/wp\/v2\/tags?post=1464"}],"curies":[{"name":"wp","href":"https:\/\/api.w.org\/{rel}","templated":true}]}}