{"id":1448,"date":"2020-03-27T11:02:11","date_gmt":"2020-03-27T10:02:11","guid":{"rendered":"https:\/\/agora.xtec.cat\/ceipbufala\/?p=1448"},"modified":"2020-03-27T11:04:58","modified_gmt":"2020-03-27T10:04:58","slug":"recomanacions-4t-2","status":"publish","type":"post","link":"https:\/\/agora.xtec.cat\/ceipbufala\/primaria\/4t\/recomanacions-4t-2\/","title":{"rendered":"Recomanacions 4t"},"content":{"rendered":"<p><em><strong>Bon d\u00eda fam\u00edlies de 4t!<\/strong><\/em><\/p>\n<p><em><span style=\"font-weight: 400\">Esperem estigueu vivint el millor possible aquest per\u00edode excepcional de reclusi\u00f3 i confinament.<\/span> Us afegim a continuaci\u00f3 unes feines per a poder continuar treballant a casa.\u00a0<\/em><\/p>\n<p><strong>CASTELL\u00c0: <\/strong>Seguim millorant l&#8217;ortografia i aprenent les seues normes. Ens centrarem aquestos dies amb les seg\u00fcents activitats per a coneixer i treballar: L&#8217;us de la maj\u00fascula, paraules amb &#8220;h&#8221; i\u00a0 paraules amb &#8220;j&#8221; i &#8220;g&#8221;.<\/p>\n<p>http:\/\/www.edu365.cat\/primaria\/castella\/ortografiate\/index.html<\/p>\n<p><strong>CATAL\u00c0: <\/strong>Seguim treballant l&#8217;ortografia, en aquest cas l&#8217;us de la b\/v.<\/p>\n<p>http:\/\/www.edu365.cat\/primaria\/catala\/ortografia\/cm01.html<\/p>\n<p><strong>MATEM\u00c0TIQUES: <\/strong>Al link hi han molts exercicis per continuar refor\u00e7ant les multiplicacions i les divisions. Tamb\u00e8 poden jugar a venedors i compradors, apuntant totes les compres o ventes que realitzen a un foli (Sumes i restes amb decimals, centims i euros)<\/p>\n<p>https:\/\/es.ixl.com\/math\/4-primaria<\/p>\n<p><strong>MEDI<\/strong>: A Medi Social, viatjarem en el temps per veure com vivien els nostres avantpassats a l&#8217;edat mitjana (als monestirs, als castells, al camp o a la ciutat). A medi natural, tamb\u00e8 viatjarem al passat, per\u00f2 en aquest cas per explorar el m\u00f3n dels dinosaures.<\/p>\n<p>http:\/\/www.edu365.cat\/primaria\/socials\/index.html<\/p>\n<p>http:\/\/www.edu365.cat\/primaria\/natural\/index.html?page=2<\/p>\n<p><em>Els tutors de 4t som conscients que son dies dif\u00edcils, per\u00f2 us recomanem establir una rutina d&#8217;estudi per no perdre l&#8217;habit de treball, una mica cada d\u00eda els vindr\u00e0 b\u00e8 per mantenir la ment desperta i activa. A l&#8217;infoK<span style=\"font-weight: 400\"> han canviat la programaci\u00f3 aquestes setmanes de confinament i tenen m\u00e9s not\u00edcies que els faran entendre millor el que passa fora de casa.<\/span><\/em><\/p>\n<p>https:\/\/www.ccma.cat\/tv3\/super3\/infok\/.<\/p>\n<p><em><strong>Gr\u00e0cies i esperem vagi tot b\u00e8! Salut!<\/strong><\/em><\/p>\n<p>&nbsp;<\/p>\n","protected":false},"excerpt":{"rendered":"<p>Bon d\u00eda fam\u00edlies de 4t!<br \/>\nEsperem estigueu vivint el millor possible aquest per\u00edode excepcional de reclusi\u00f3 i confinament. Us afegim a continuaci\u00f3 unes feines per a poder continuar treballant a casa.\u00a0<br \/>\nCASTELL\u00c0: Seguim millorant l&#8217;ortografia i aprenent les seues normes. Ens centrarem aquestos dies amb les seg\u00fcents&hellip;  <a href=\"https:\/\/agora.xtec.cat\/ceipbufala\/primaria\/4t\/recomanacions-4t-2\/\" title=\"Read Recomanacions 4t\">Llegeix m\u00e9s\u00bb<\/a><\/p>\n","protected":false},"author":1,"featured_media":0,"comment_status":"open","ping_status":"closed","sticky":false,"template":"","format":"standard","meta":{"_bbp_topic_count":0,"_bbp_reply_count":0,"_bbp_total_topic_count":0,"_bbp_total_reply_count":0,"_bbp_voice_count":0,"_bbp_anonymous_reply_count":0,"_bbp_topic_count_hidden":0,"_bbp_reply_count_hidden":0,"_bbp_forum_subforum_count":0,"footnotes":""},"categories":[13],"tags":[],"class_list":["post-1448","post","type-post","status-publish","format-standard","hentry","category-4t"],"post_mailing_queue_ids":[],"_links":{"self":[{"href":"https:\/\/agora.xtec.cat\/ceipbufala\/wp-json\/wp\/v2\/posts\/1448","targetHints":{"allow":["GET"]}}],"collection":[{"href":"https:\/\/agora.xtec.cat\/ceipbufala\/wp-json\/wp\/v2\/posts"}],"about":[{"href":"https:\/\/agora.xtec.cat\/ceipbufala\/wp-json\/wp\/v2\/types\/post"}],"author":[{"embeddable":true,"href":"https:\/\/agora.xtec.cat\/ceipbufala\/wp-json\/wp\/v2\/users\/1"}],"replies":[{"embeddable":true,"href":"https:\/\/agora.xtec.cat\/ceipbufala\/wp-json\/wp\/v2\/comments?post=1448"}],"version-history":[{"count":2,"href":"https:\/\/agora.xtec.cat\/ceipbufala\/wp-json\/wp\/v2\/posts\/1448\/revisions"}],"predecessor-version":[{"id":1455,"href":"https:\/\/agora.xtec.cat\/ceipbufala\/wp-json\/wp\/v2\/posts\/1448\/revisions\/1455"}],"wp:attachment":[{"href":"https:\/\/agora.xtec.cat\/ceipbufala\/wp-json\/wp\/v2\/media?parent=1448"}],"wp:term":[{"taxonomy":"category","embeddable":true,"href":"https:\/\/agora.xtec.cat\/ceipbufala\/wp-json\/wp\/v2\/categories?post=1448"},{"taxonomy":"post_tag","embeddable":true,"href":"https:\/\/agora.xtec.cat\/ceipbufala\/wp-json\/wp\/v2\/tags?post=1448"}],"curies":[{"name":"wp","href":"https:\/\/api.w.org\/{rel}","templated":true}]}}