{"id":1432,"date":"2020-03-26T11:37:52","date_gmt":"2020-03-26T10:37:52","guid":{"rendered":"https:\/\/agora.xtec.cat\/ceipbufala\/?p=1432"},"modified":"2020-03-26T11:37:52","modified_gmt":"2020-03-26T10:37:52","slug":"recomanacions-p3-dijous-26-de-marc","status":"publish","type":"post","link":"https:\/\/agora.xtec.cat\/ceipbufala\/infantil\/p3\/recomanacions-p3-dijous-26-de-marc\/","title":{"rendered":"RECOMANACIONS P3! DIJOUS 26 DE MAR\u00c7"},"content":{"rendered":"<p><b>RECOMANACIONS P3! DIJOUS 26 DE MAR\u00c7<\/b><\/p>\n<p>Hola fam\u00edlies,<\/p>\n<p>Avui us deixem m\u00e9s activitats o recursos que podeu anar fent amb els vostres fills\/es.<\/p>\n<p>Bon cap de setmana i els dimarts penjarem m\u00e9s coses.<\/p>\n<p>Una forta abra\u00e7ada,<\/p>\n<p>Les mestres de P3.<\/p>\n<h3>#joemquedoacasa<\/h3>\n<p><strong>\u00a0<\/strong><\/p>\n<p><b>Descoberta d\u2019un mateix i dels altres<\/b><\/p>\n<ul>\n<li>Continueu treballant l\u2019autonomia personal, \u00e9s molt important que\u00a0 tinguin la seva rutina, els hi d\u00f3na seguretat: vestir-se, h\u00e0bits d\u2019higiene, col\u00b7laborar en la realitzaci\u00f3 de diferents tasques a casa, endre\u00e7ar el material i els jocs que fan servir, etc\u2026<\/li>\n<li>Jugar a fer cases i cabanes amb llen\u00e7ols, coixins, peluixos, ninots, disfresses, peces de roba, titelles amb mitjons, etc.<\/li>\n<\/ul>\n<p><b>Descoberta de l\u2019entorn\u00a0\u00a0\u00a0\u00a0\u00a0<\/b><\/p>\n<ul>\n<li>La Primavera\u00a0 <b>\u00a0\u00a0\u00a0\u00a0\u00a0\u00a0<\/b><\/li>\n<\/ul>\n<p>Llibre d\u2019aprenentatges, d\u2019observaci\u00f3, vocabulari i consulta: <a href=\"https:\/\/get.google.com\/albumarchive\/110258442099006389783\/album\/AF1QipOP9pWGtfSvypzJPVh_jxrZYvQcu5H_GHdTEJaP\/AF1QipM0DA7yYiHU_PTixagQUg6O6g2XY2oxTOboMmI0\">https:\/\/get.google.com\/albumarchive\/110258442099006389783\/album\/AF1QipOP9pWGtfSvypzJPVh_jxrZYvQcu5H_GHdTEJaP\/AF1QipM0DA7yYiHU_PTixagQUg6O6g2XY2oxTOboMmI0<\/a><\/p>\n<p>Can\u00e7\u00f3 de la Primavera per cantar-la i per m\u00e9s vocabulari:<\/p>\n<p><a href=\"https:\/\/www.youtube.com\/watch?v=K851gOYea1E&amp;list=RDK851gOYea1E&amp;start_radio=1&amp;t=0\">https:\/\/www.youtube.com\/watch?v=K851gOYea1E&amp;list=RDK851gOYea1E&amp;start_radio=1&amp;t=0<\/a><\/p>\n<ul>\n<li>Fer construccions amb diferents materials (amb material reciclat de cartr\u00f3 o de pl\u00e0stic), amb construccions que tingueu o amb LEGO.\u00a0Jugar a construir fomenta la imaginaci\u00f3, l\u2019experimentaci\u00f3 i la creativitat dels petits i petites.<\/li>\n<\/ul>\n<p><b>\u00a0\u00a0\u00a0\u00a0\u00a0\u00a0 Comunicaci\u00f3 i llenguatges<\/b><\/p>\n<ul>\n<li style=\"list-style-type: none\">\n<ul>\n<li>Triar una hist\u00f2ria o conte que els hi agradi i representar-lo amb titelles o escenificant-lo.<\/li>\n<li><i>Conte<\/i>: <b>Ballarem sota una estrella <\/b><a href=\"https:\/\/www.evarami.com\/bailaremosbajounaestrella\">https:\/\/www.evarami.com\/bailaremosbajounaestrella<\/a>. En aquesta web es pot descarregar el conte en catal\u00e0. \u00c9s un conte ben adaptat pels infants sobre el coronavirus.<\/li>\n<li>Jugueu al joc del VEIG- VEIG, \u00e9s estretingut i motivador. A classe jug\u00e0vem i els agradava molt.<\/li>\n<\/ul>\n<\/li>\n<\/ul>\n<ul>\n<li><b>Jocs de lectura per descarregar: <a href=\"https:\/\/www.jocsdelectura.cat\/descarregar\/\">https:\/\/www.jocsdelectura.cat\/descarregar\/<\/a><\/b><\/li>\n<\/ul>\n<p>Web que us recomanem des de l\u2019escola. Es pot mirar des de l\u2019ordinador, i tamb\u00e9 hi ha una versi\u00f3 per tauletes. \u00c9s una eina interessant per aprendre a llegir i dedicat a nens i nenes de 3 a 8 anys.<\/p>\n<ul>\n<li>Llenguatge pl\u00e0stic: podeu pintar lliurement un paisatge primaveral. Amb el material que vulgueu: pintura, aquarel\u00b7les, colors, retoladors, guix, etc. I de fons poden escoltar una m\u00fasica cl\u00e0ssica com la de Vivaldi (La Primavera).<\/li>\n<li>P\u00e0gina de consulta amb un ventall ampli amb diferents <b>idees i recursos per fer manualitats<\/b> de manera original i per entretenir-se una estona.<a href=\"https:\/\/www.sortirambnens.com\/manualitats-infantils\/manualitats-segons-el-material\/\">\u00a0\u00a0 <\/a><\/li>\n<li><a href=\"https:\/\/www.sortirambnens.com\/manualitats-infantils\/manualitats-segons-el-material\/\">https:\/\/www.sortirambnens.com\/manualitats-infantils\/manualitats-segons-el-material\/<\/a><\/li>\n<li><b>Altres idees i recursos d\u2019ajuda: <\/b><a href=\"https:\/\/escoles.fundesplai.org\/blog\/21-idees-creatives-i-educatives-per-fer-amb-els-nens-i-nenes-a-casa\/\">https:\/\/escoles.fundesplai.org\/blog\/21-idees-creatives-i-educatives-per-fer-amb-els-nens-i-nenes-a-casa\u00a0\u00a0\u00a0<\/a><\/li>\n<\/ul>\n","protected":false},"excerpt":{"rendered":"<p>RECOMANACIONS P3! DIJOUS 26 DE MAR\u00c7<br \/>\nHola fam\u00edlies,<br \/>\nAvui us deixem m\u00e9s activitats o recursos que podeu anar fent amb els vostres fills\/es.<br \/>\nBon cap de setmana i els dimarts penjarem m\u00e9s coses.<br \/>\nUna forta abra\u00e7ada,<br \/>\nLes mestres de P3.<br \/>\n#joemquedoacasa<br \/>\n\u00a0<br \/>\nDescoberta d\u2019un mateix i dels altres<\/p>\n<ul>\n<li>Continueu treballant l\u2019autonomia personal, \u00e9s molt&hellip;  <a href=\"https:\/\/agora.xtec.cat\/ceipbufala\/infantil\/p3\/recomanacions-p3-dijous-26-de-marc\/\" title=\"Read RECOMANACIONS P3! DIJOUS 26 DE MAR\u00c7\">Llegeix m\u00e9s\u00bb<\/a><br \/>\n","protected":false},"author":19,"featured_media":1434,"comment_status":"open","ping_status":"closed","sticky":false,"template":"","format":"standard","meta":{"_bbp_topic_count":0,"_bbp_reply_count":0,"_bbp_total_topic_count":0,"_bbp_total_reply_count":0,"_bbp_voice_count":0,"_bbp_anonymous_reply_count":0,"_bbp_topic_count_hidden":0,"_bbp_reply_count_hidden":0,"_bbp_forum_subforum_count":0,"footnotes":""},"categories":[3],"tags":[],"class_list":["post-1432","post","type-post","status-publish","format-standard","has-post-thumbnail","hentry","category-p3"],"post_mailing_queue_ids":[],"_links":{"self":[{"href":"https:\/\/agora.xtec.cat\/ceipbufala\/wp-json\/wp\/v2\/posts\/1432","targetHints":{"allow":["GET"]}}],"collection":[{"href":"https:\/\/agora.xtec.cat\/ceipbufala\/wp-json\/wp\/v2\/posts"}],"about":[{"href":"https:\/\/agora.xtec.cat\/ceipbufala\/wp-json\/wp\/v2\/types\/post"}],"author":[{"embeddable":true,"href":"https:\/\/agora.xtec.cat\/ceipbufala\/wp-json\/wp\/v2\/users\/19"}],"replies":[{"embeddable":true,"href":"https:\/\/agora.xtec.cat\/ceipbufala\/wp-json\/wp\/v2\/comments?post=1432"}],"version-history":[{"count":1,"href":"https:\/\/agora.xtec.cat\/ceipbufala\/wp-json\/wp\/v2\/posts\/1432\/revisions"}],"predecessor-version":[{"id":1435,"href":"https:\/\/agora.xtec.cat\/ceipbufala\/wp-json\/wp\/v2\/posts\/1432\/revisions\/1435"}],"wp:featuredmedia":[{"embeddable":true,"href":"https:\/\/agora.xtec.cat\/ceipbufala\/wp-json\/wp\/v2\/media\/1434"}],"wp:attachment":[{"href":"https:\/\/agora.xtec.cat\/ceipbufala\/wp-json\/wp\/v2\/media?parent=1432"}],"wp:term":[{"taxonomy":"category","embeddable":true,"href":"https:\/\/agora.xtec.cat\/ceipbufala\/wp-json\/wp\/v2\/categories?post=1432"},{"taxonomy":"post_tag","embeddable":true,"href":"https:\/\/agora.xtec.cat\/ceipbufala\/wp-json\/wp\/v2\/tags?post=1432"}],"curies":[{"name":"wp","href":"https:\/\/api.w.org\/{rel}","templated":true}]}}