{"id":1431,"date":"2020-03-26T11:53:35","date_gmt":"2020-03-26T10:53:35","guid":{"rendered":"https:\/\/agora.xtec.cat\/ceipbufala\/?p=1431"},"modified":"2020-03-26T11:53:35","modified_gmt":"2020-03-26T10:53:35","slug":"recomanacions-p4-dijous-26-de-marc","status":"publish","type":"post","link":"https:\/\/agora.xtec.cat\/ceipbufala\/infantil\/p4\/recomanacions-p4-dijous-26-de-marc\/","title":{"rendered":"Recomanacions P4! Dijous 26 de mar\u00e7"},"content":{"rendered":"<p>Bon dia Gats i Gates! Bon dia Lleons i Lleones!!<\/p>\n<p>Com esteu?<\/p>\n<p>Tornem a trobar-nos! Quina il\u00b7lusi\u00f3!<\/p>\n<p>Mireu\u2026 avui continuem amb m\u00e9s sorpreses&#8230;<\/p>\n<p><b>Descoberta d\u2019un mateix i dels altres<\/b><\/p>\n<ul>\n<li>Continueu treballant l\u2019autonomia personal i els h\u00e0bits i no oblideu donar-los petites responsabilitats: que col.laborin a l\u2019hora de preparar l\u2019esmorzar, el dinar i el sopar, de parar i desparar la taula, de posar la rentadora, d\u2019estendre la roba, regar les plantes&#8230;gaudeixen molt quan ajuden i tenen petites responsabilitats.<b>\u00a0\u00a0<\/b><\/li>\n<li>Motiveu que utilitzin les tisores i retallin. Simplement amb fulls, colors, retoladors i unes tisores, poden crear tantes coses! Imaginaci\u00f3 al poder!<\/li>\n<\/ul>\n<p><b>Descoberta de l\u2019entorn<\/b><\/p>\n<p>Divendres passat vam dir: \u201cad\u00e9eeeu hiveeeern\u201d! Hoooola Primaveeeera!! Per aix\u00f2 ens fa molta il.lusi\u00f3 que veieu aquest bonic v\u00eddeo amb la m\u00fasica del senyor Antoni Vivaldi \u201cLa primavera\u201d\u2026<\/p>\n<p>Segur que us heu inspirat i com que sabem que sou uns artistes, perqu\u00e8 no us imagineu noves flors i les dibuixeu i les pinteu? Si voleu tamb\u00e9 li podeu posar un nom! Seran unes flors molt especials i \u00faniques i amb uns noms preciosos.<\/p>\n<p><a href=\"https:\/\/www.youtube.com\/watch?v=5Eaxcioiy2w\"><b>https:\/\/www.youtube.com\/watch?v=5Eaxcioiy2w<\/b><\/a><\/p>\n<p>Tamb\u00e9 podeu buscar aquest conte a internet:<\/p>\n<p><b>El conte de \u201cLa petita tulipa\u201d<\/b><\/p>\n<p><a href=\"https:\/\/www.google.es\/url?sa=t&amp;rct=j&amp;q=&amp;esrc=s&amp;source=video&amp;cd=10&amp;ved=0ahUKEwjr9cu_wrXoAhWQzIUKHRqFCn0QtwIIYTAJ&amp;url=https%3A%2F%2Fwww.youtube.com%2Fwatch%3Fv%3DDokCbPfBDx8&amp;usg=AOvVaw3bQz3HOLz5tCYBYkStcTUy\">https:\/\/www.google.es\/url?sa=t&amp;rct=j&amp;q=&amp;esrc=s&amp;source=video&amp;cd=10&amp;ved=0ahUKEwjr9cu_wrXoAhWQzIUKHRqFCn0QtwIIYTAJ&amp;url=https%3A%2F%2Fwww.youtube.com%2Fwatch%3Fv%3DDokCbPfBDx8&amp;usg=AOvVaw3bQz3HOLz5tCYBYkStcTUy<\/a><\/p>\n<p>Seieu a terra. Tanqueu els ulls. Imagineu-vos que estem tots junts a classe&#8230;<\/p>\n<p>I escolteu el conte.<\/p>\n<p>Us ha agradat? Encara no us aixequeu! Escolteu\u2026<\/p>\n<p>Escolteu el so de la pluja que sent la tulipa des de casa seva :<\/p>\n<p><a href=\"https:\/\/www.youtube.com\/watch?v=UHylpY4nxuI\">https:\/\/www.youtube.com\/watch?v=UHylpY4nxuI<\/a><\/p>\n<p>I el cant dels\u00a0 ocells\u2026<\/p>\n<p><a href=\"https:\/\/www.youtube.com\/watch?v=QgtfL_XR62Y\">https:\/\/www.youtube.com\/watch?v=QgtfL_XR62Y<\/a><\/p>\n<p>Mireu com s\u00f3n les tulipes!\u00a0 S\u00f3n molt boniques! Surten d\u2019una llavor o d\u2019un bulb? Qu\u00e8 creieu? Anem a esbrinar-ho!<\/p>\n<p><a href=\"https:\/\/www.google.es\/url?sa=i&amp;url=https%3A%2F%2Fwww.monapart.com%2Fca%2Fmagazine%2Fllar%2Fcom-cultivar-la-tulipa&amp;psig=AOvVaw1TiEHs0E1hmIYNd-H-44Wh&amp;ust=1585226469412000&amp;source=images&amp;cd=vfe&amp;ved=0CAIQjRxqFwoTCMCbjf7StegCFQAAAAAdAAAAABAD\">https:\/\/www.google.es\/url?sa=i&amp;url=https%3A%2F%2Fwww.monapart.com%2Fca%2Fmagazine%2Fllar%2Fcom-cultivar-la-tulipa&amp;psig=AOvVaw1TiEHs0E1hmIYNd-H-44Wh&amp;ust=1585226469412000&amp;source=images&amp;cd=vfe&amp;ved=0CAIQjRxqFwoTCMCbjf7StegCFQAAAAAdAAAAABAD<\/a><\/p>\n<p>Us ha agradat?<\/p>\n<p>I per \u00faltim\u2026 voleu llegir\u00a0 amb els pares aquest conte que heu escoltat?<\/p>\n<p>Cliqueu aqu\u00ed:<\/p>\n<p>El conte de \u201cLa petita Tulipa\u201d, en lletra de pal.<\/p>\n<p><a href=\"https:\/\/www.youtube.com\/watch?v=WXCWlBinMDg\">https:\/\/www.youtube.com\/watch?v=WXCWlBinMDg<\/a><\/p>\n<p><b>Comunicaci\u00f3 i llenguatges<\/b><\/p>\n<ul>\n<li>A classe, una cosa que els encanta \u00e9s marcar al calendari mensual:<\/li>\n<\/ul>\n<p>Quin dia de la setmana \u00e9s? Quin n\u00famero de dia?<\/p>\n<p>Tamb\u00e9 els agrada molt escriure els seus noms en el dia del seu aniversari i quants anys faran, quan seran els protagonistes, i comptar quants dies falten perqu\u00e8 arribi el seu dia especial \u2026, escriuen qualsevol fet que per ells \u00e9s important i els hi fa molta il.lusi\u00f3.<\/p>\n<p>Per aquest motiu, fam\u00edlia, us demanem que seguiu utilitzant el calendari. Escriviu coses (en lletra de PAL) que els pugui fer il.lusi\u00f3, com quin dia cuinareu un past\u00eds, una pizza&#8230;Si veuen que el que fan t\u00e9 un sentit i s\u2019emocionen fent-ho, aprenen molt m\u00e9s.<b>\u00a0\u00a0<\/b><\/p>\n<ul>\n<li>Esteu jugant al JOC DE LA FLOR? Segur que li heu explicat molt b\u00e9 als papes com es juga! Us ho passeu b\u00e9?<\/li>\n<li>Us esteu deixant missatges secrets per casa? Segur que cada vegada teniu m\u00e9s ganes d\u2019escriure i llegir! Que us encanta poder-los fer\u2026, i trobar-los tamb\u00e9!<\/li>\n<\/ul>\n<p>No oblideu que quan els ajudeu a escriure els missatges, heu de fer sonar el nom de cada lletra a poc a poc, perqu\u00e8 puguin identificar quina lletra \u00e9s i escriure-la.\u00a0 La lletra utilitzada que sigui la de PAL, la que utilitzem a classe.<\/p>\n<ul>\n<li>Us heu instal\u00b7lat ja l\u2019aplicaci\u00f3 dels jocs de lectura?<\/li>\n<\/ul>\n<p>Com que no? Aviam qu\u00e8 trobeu!<\/p>\n<p><a href=\"https:\/\/www.jocsdelectura.cat\/descarregar\/\"><b>https:\/\/www.jocsdelectura.cat\/descarregar\/<\/b><\/a><\/p>\n<p>Web que us recomanem des de l\u2019escola. Es pot mirar des de l\u2019ordinador, i tamb\u00e9 hi ha una versi\u00f3 per tauletes. \u00c9s una eina interessant per aprendre a llegir i dedicat a nens i nenes de 3 a 8 anys.<\/p>\n<p>Gats, Gates, Lleons i Lleones\u2026 esperem que us agradi el que us hem preparat.<\/p>\n<p>El proper dimarts, tornarem amb m\u00e9s propostes que, de ben segur, us entusiasmaran.<\/p>\n<p>Us estimem, fins aviat!<\/p>\n<p>Nuria i Vanesa<\/p>\n<h3>\u00a0\u00a0\u00a0\u00a0\u00a0\u00a0\u00a0\u00a0\u00a0\u00a0\u00a0#joemquedoacasa<\/h3>\n","protected":false},"excerpt":{"rendered":"<p>Bon dia Gats i Gates! Bon dia Lleons i Lleones!!<br \/>\nCom esteu?<br \/>\nTornem a trobar-nos! Quina il\u00b7lusi\u00f3!<br \/>\nMireu\u2026 avui continuem amb m\u00e9s sorpreses&#8230;<br \/>\nDescoberta d\u2019un mateix i dels altres<\/p>\n<ul>\n<li>Continueu treballant l\u2019autonomia personal i els h\u00e0bits i no oblideu donar-los petites responsabilitats: que col.laborin a l\u2019hora de preparar l\u2019esmorzar, el&hellip;  <a href=\"https:\/\/agora.xtec.cat\/ceipbufala\/infantil\/p4\/recomanacions-p4-dijous-26-de-marc\/\" title=\"Read Recomanacions P4! Dijous 26 de mar\u00e7\">Llegeix m\u00e9s\u00bb<\/a><br \/>\n","protected":false},"author":32,"featured_media":0,"comment_status":"open","ping_status":"closed","sticky":false,"template":"","format":"standard","meta":{"_bbp_topic_count":0,"_bbp_reply_count":0,"_bbp_total_topic_count":0,"_bbp_total_reply_count":0,"_bbp_voice_count":0,"_bbp_anonymous_reply_count":0,"_bbp_topic_count_hidden":0,"_bbp_reply_count_hidden":0,"_bbp_forum_subforum_count":0,"footnotes":""},"categories":[8],"tags":[],"class_list":["post-1431","post","type-post","status-publish","format-standard","hentry","category-p4"],"post_mailing_queue_ids":[],"_links":{"self":[{"href":"https:\/\/agora.xtec.cat\/ceipbufala\/wp-json\/wp\/v2\/posts\/1431","targetHints":{"allow":["GET"]}}],"collection":[{"href":"https:\/\/agora.xtec.cat\/ceipbufala\/wp-json\/wp\/v2\/posts"}],"about":[{"href":"https:\/\/agora.xtec.cat\/ceipbufala\/wp-json\/wp\/v2\/types\/post"}],"author":[{"embeddable":true,"href":"https:\/\/agora.xtec.cat\/ceipbufala\/wp-json\/wp\/v2\/users\/32"}],"replies":[{"embeddable":true,"href":"https:\/\/agora.xtec.cat\/ceipbufala\/wp-json\/wp\/v2\/comments?post=1431"}],"version-history":[{"count":1,"href":"https:\/\/agora.xtec.cat\/ceipbufala\/wp-json\/wp\/v2\/posts\/1431\/revisions"}],"predecessor-version":[{"id":1438,"href":"https:\/\/agora.xtec.cat\/ceipbufala\/wp-json\/wp\/v2\/posts\/1431\/revisions\/1438"}],"wp:attachment":[{"href":"https:\/\/agora.xtec.cat\/ceipbufala\/wp-json\/wp\/v2\/media?parent=1431"}],"wp:term":[{"taxonomy":"category","embeddable":true,"href":"https:\/\/agora.xtec.cat\/ceipbufala\/wp-json\/wp\/v2\/categories?post=1431"},{"taxonomy":"post_tag","embeddable":true,"href":"https:\/\/agora.xtec.cat\/ceipbufala\/wp-json\/wp\/v2\/tags?post=1431"}],"curies":[{"name":"wp","href":"https:\/\/api.w.org\/{rel}","templated":true}]}}