{"id":1367,"date":"2020-03-24T11:20:06","date_gmt":"2020-03-24T10:20:06","guid":{"rendered":"https:\/\/agora.xtec.cat\/ceipbufala\/?p=1367"},"modified":"2020-03-24T11:20:06","modified_gmt":"2020-03-24T10:20:06","slug":"recomanacions-p3-24-marc","status":"publish","type":"post","link":"https:\/\/agora.xtec.cat\/ceipbufala\/infantil\/p3\/recomanacions-p3-24-marc\/","title":{"rendered":"Recomanacions P3 (24 mar\u00e7)"},"content":{"rendered":"<p><b>RECOMANACIONS P3!\u00a0 DIMARTS 24 DE MAR\u00c7\u00a0<\/b><\/p>\n<p>Benvolgudes fam\u00edlies:<\/p>\n<p>Us fem arribar m\u00e9s suggeriments i idees perqu\u00e8 aneu fent amb els vostres fills\/es durant aquesta setmana. Hem pensat que seria interessant que poguessin continuar fent algunes d\u2019aquestes activitats amb vosaltres. A m\u00e9s a m\u00e9s cal que continu\u00efn tenint estones de joc lliure, que puguin col\u00b7laborar en alguna tasca adequada a la seva edat, com endre\u00e7ar les seves joguines o ajudar a parar la taula, etc., fer junts alguna recepta de cuina, llegir contes, etc.<\/p>\n<p>Esperem que continueu passant aquests dies de la millor manera. Cuideu-vos molt!<\/p>\n<p>Una abra\u00e7ada i molts petons per als petits i petites de la casa.<\/p>\n<p><strong>\u00a0<\/strong><\/p>\n<p>Les mestres de P3<\/p>\n<h3>#joemquedoacasa<\/h3>\n<p>&nbsp;<\/p>\n<p><b>Descoberta d\u2019un mateix i dels altres<\/b><\/p>\n<ul>\n<li>Treballar les parts del cos: (revista \u201cEl meu cos\u201d unitat 2)<\/li>\n<\/ul>\n<p><a href=\"https:\/\/author.weeras.com\/ebook\/html5\/?content=142355\">https:\/\/author.weeras.com\/ebook\/html5\/?content=142355<\/a><\/p>\n<ul>\n<li>Accedeix a la web i parleu sobre les diferents emocions amb la revista \u201c Com em sento?\u201d (unitat 2) i realitza les activitats proposades. <a href=\"https:\/\/author.weeras.com\/ebook\/html5\/?content=142357\">https:\/\/author.weeras.com\/ebook\/html5\/?content=142357<\/a><\/li>\n<\/ul>\n<p><b>Descoberta de l\u2019entorn<\/b><\/p>\n<ul>\n<li>Buscar imatges relacionades amb la primavera. Animals del bosc, ocells, insectes, flors, plantes, arbres, paisatge, roba, etc.<\/li>\n<li>Observar (a trav\u00e9s de les imatges) els canvis en el temps i en el paisatge: animals del bosc que surten dels seus caus, ocells que tornen, canvis en les plantes i els arbres (flors i fulles), etc.<\/li>\n<\/ul>\n<p><strong>\u00a0<\/strong><\/p>\n<p><b>Comunicaci\u00f3 i llenguatges<\/b><\/p>\n<ul>\n<li>Contes i dites de la primavera<\/li>\n<\/ul>\n<p>Buscar el conte \u201cel cargol i l\u2019herbeta de poliol\u201d en aquesta web:<\/p>\n<p><a href=\"https:\/\/www.ccma.cat\/tv3\/super3\/una-ma-de-contes\/\">https:\/\/www.ccma.cat\/tv3\/super3\/una-ma-de-contes\/<\/a><\/p>\n<ul>\n<li>Vocabulari relacionat amb l\u2019estaci\u00f3: noms de flors, d\u2019animals, de plantes i\/o arbres\u2026 \u00a0 <a href=\"http:\/\/dianaeduca.blogspot.com\/2010\/03\/vocabulari-de-primavera-1era-part.html\">http:\/\/dianaeduca.blogspot.com\/2010\/03\/vocabulari-de-primavera-1era-part.html<\/a><\/li>\n<\/ul>\n<p><a href=\"http:\/\/dianaeduca.blogspot.com\/2010\/03\/vocabulari-de-primavera-2ona-part.html\">http:\/\/dianaeduca.blogspot.com\/2010\/03\/vocabulari-de-primavera-2ona-part.html<\/a><\/p>\n<ul>\n<li>Fer alguna manualitat relacionada amb la primavera: flors, ocells, papallones, marietes, etc.<\/li>\n<\/ul>\n<p><a href=\"https:\/\/www.imageneseducativas.com\/coleccion-manualidades-elaboradas-pasta\/\">https:\/\/www.imageneseducativas.com\/coleccion-manualidades-elaboradas-pasta\/<\/a><\/p>\n","protected":false},"excerpt":{"rendered":"<p>RECOMANACIONS P3!\u00a0 DIMARTS 24 DE MAR\u00c7\u00a0<br \/>\nBenvolgudes fam\u00edlies:<br \/>\nUs fem arribar m\u00e9s suggeriments i idees perqu\u00e8 aneu fent amb els vostres fills\/es durant aquesta setmana. Hem pensat que seria interessant que poguessin continuar fent algunes d\u2019aquestes activitats amb vosaltres. A m\u00e9s a m\u00e9s cal que continu\u00efn tenint&hellip;  <a href=\"https:\/\/agora.xtec.cat\/ceipbufala\/infantil\/p3\/recomanacions-p3-24-marc\/\" title=\"Read Recomanacions P3 (24 mar\u00e7)\">Llegeix m\u00e9s\u00bb<\/a><\/p>\n","protected":false},"author":19,"featured_media":0,"comment_status":"open","ping_status":"closed","sticky":false,"template":"","format":"standard","meta":{"_bbp_topic_count":0,"_bbp_reply_count":0,"_bbp_total_topic_count":0,"_bbp_total_reply_count":0,"_bbp_voice_count":0,"_bbp_anonymous_reply_count":0,"_bbp_topic_count_hidden":0,"_bbp_reply_count_hidden":0,"_bbp_forum_subforum_count":0,"footnotes":""},"categories":[3],"tags":[],"class_list":["post-1367","post","type-post","status-publish","format-standard","hentry","category-p3"],"post_mailing_queue_ids":[],"_links":{"self":[{"href":"https:\/\/agora.xtec.cat\/ceipbufala\/wp-json\/wp\/v2\/posts\/1367","targetHints":{"allow":["GET"]}}],"collection":[{"href":"https:\/\/agora.xtec.cat\/ceipbufala\/wp-json\/wp\/v2\/posts"}],"about":[{"href":"https:\/\/agora.xtec.cat\/ceipbufala\/wp-json\/wp\/v2\/types\/post"}],"author":[{"embeddable":true,"href":"https:\/\/agora.xtec.cat\/ceipbufala\/wp-json\/wp\/v2\/users\/19"}],"replies":[{"embeddable":true,"href":"https:\/\/agora.xtec.cat\/ceipbufala\/wp-json\/wp\/v2\/comments?post=1367"}],"version-history":[{"count":1,"href":"https:\/\/agora.xtec.cat\/ceipbufala\/wp-json\/wp\/v2\/posts\/1367\/revisions"}],"predecessor-version":[{"id":1368,"href":"https:\/\/agora.xtec.cat\/ceipbufala\/wp-json\/wp\/v2\/posts\/1367\/revisions\/1368"}],"wp:attachment":[{"href":"https:\/\/agora.xtec.cat\/ceipbufala\/wp-json\/wp\/v2\/media?parent=1367"}],"wp:term":[{"taxonomy":"category","embeddable":true,"href":"https:\/\/agora.xtec.cat\/ceipbufala\/wp-json\/wp\/v2\/categories?post=1367"},{"taxonomy":"post_tag","embeddable":true,"href":"https:\/\/agora.xtec.cat\/ceipbufala\/wp-json\/wp\/v2\/tags?post=1367"}],"curies":[{"name":"wp","href":"https:\/\/api.w.org\/{rel}","templated":true}]}}