{"id":1364,"date":"2020-03-24T11:00:41","date_gmt":"2020-03-24T10:00:41","guid":{"rendered":"https:\/\/agora.xtec.cat\/ceipbufala\/?p=1364"},"modified":"2020-03-24T11:00:41","modified_gmt":"2020-03-24T10:00:41","slug":"recomanacions-p5-dimarts-24-de-marc","status":"publish","type":"post","link":"https:\/\/agora.xtec.cat\/ceipbufala\/infantil\/p5\/recomanacions-p5-dimarts-24-de-marc\/","title":{"rendered":"Recomanacions P5! Dimarts 24 de mar\u00e7"},"content":{"rendered":"<p>Hola fam\u00edlies!!!<\/p>\n<p>Esperem que us trobeu b\u00e9 i estigueu passant aquest dies de la millor manera possible. Nosaltres, al llarg d\u2019aquestes setmanes de confinament, us anirem fent arribar diferents recomanacions per poder refor\u00e7ar els continguts escolars treballats durant el curs. Aquestes activitats no s\u00f3n obligat\u00f2ries, per\u00f2 les considerem interessants i adients perqu\u00e8 els vostres fills i filles les facin a casa.<\/p>\n<p>Cuideu-vos molt!!!<\/p>\n<p>#joemquedoacasa<\/p>\n<p>&nbsp;<\/p>\n<p><b>Descoberta d\u2019un mateix i dels altres<\/b><\/p>\n<ul>\n<li>Continua treballant l\u2019autonomia personal: vestir-te, h\u00e0bits d\u2019higiene, col\u00b7labora en la realitzaci\u00f3 de diferents tasques a casa, com parar taula i plegar roba, endre\u00e7a el material i els jocs que fas servir, etc&#8230;<\/li>\n<li>Accedeix a la web i llegeix amb l\u2019ajuda d\u2019un adult la revista sobre les emocions (unitat 2) i realitza les activitats proposades.\n<ul>\n<li><a href=\"https:\/\/author.weeras.com\/ebook\/html5\/?content=142357\">https:\/\/author.weeras.com\/ebook\/html5\/?content=142357<\/a><\/li>\n<\/ul>\n<\/li>\n<\/ul>\n<p><b>Descoberta de l\u2019entorn<\/b><\/p>\n<ul>\n<li>Accedeix a l\u2019enlla\u00e7 i realitza les activitats 1 i 2 de l\u2019apartat matem\u00e0tiques.\n<ul>\n<li><a href=\"https:\/\/web.editorialteide.com\/ca\/ens-quedem-a-casa\/5-anys-ensquedemacasa\/\">https:\/\/web.editorialteide.com\/ca\/ens-quedem-a-casa\/5-anys-ensquedemacasa\/<\/a><\/li>\n<\/ul>\n<\/li>\n<li>Ha arribat la primavera, visualitza el v\u00eddeo i fes les activitats.\n<ul>\n<li><a href=\"http:\/\/www.edu365.cat\/infantil\/monperunforat\/primavera\/primavera.html\">http:\/\/www.edu365.cat\/infantil\/monperunforat\/primavera\/primavera.html<\/a><\/li>\n<\/ul>\n<\/li>\n<\/ul>\n<p><b>Comunicaci\u00f3 i llenguatges<\/b><\/p>\n<ul>\n<li>Practica la suma, fes clic a aquests dos enlla\u00e7os.\n<ul>\n<li>\u00a0<a href=\"https:\/\/juegosinfantiles.bosquedefantasias.com\/matematicas\/sumas\">https:\/\/juegosinfantiles.bosquedefantasias.com\/matematicas\/sumas<\/a><\/li>\n<li><a href=\"https:\/\/www.vedoque.com\/juegos\/juego.php?j=suma-monedas\">https:\/\/www.vedoque.com\/juegos\/juego.php?j=suma-monedas<\/a><\/li>\n<\/ul>\n<\/li>\n<li>Descarrega\u2019t els contes \u201cLa Rosa contra el virus\u201d i \u201cBallarem sota una estrella\u201d\n<ul>\n<li><a href=\"https:\/\/www.evarami.com\/bailaremosbajounaestrella\">https:\/\/www.evarami.com\/bailaremosbajounaestrella<\/a><\/li>\n<li><a href=\"https:\/\/www.copc.cat\/ct\/noticias\/1042\/El-conte-infantil-i-La-Rosa-contra-el-virus-i-un-recurs-per-explicar-la-necessitat-de-confinament-als-fills-i-filles\">https:\/\/www.copc.cat\/ct\/noticias\/1042\/El-conte-infantil-i-La-Rosa-contra-el-virus-i-un-recurs-per-explicar-la-necessitat-de-confinament-als-fills-i-filles<\/a><\/li>\n<\/ul>\n<\/li>\n<li>Amb l\u2019ajuda d\u2019un adult, fes aquest dictat de paraules: MALETA &#8211; PALA &#8211; LUPA &#8211; PILA &#8211; SALSA &#8211; MEL (escriptura lliure)<\/li>\n<\/ul>\n","protected":false},"excerpt":{"rendered":"<p>Hola fam\u00edlies!!!<br \/>\nEsperem que us trobeu b\u00e9 i estigueu passant aquest dies de la millor manera possible. Nosaltres, al llarg d\u2019aquestes setmanes de confinament, us anirem fent arribar diferents recomanacions per poder refor\u00e7ar els continguts escolars treballats durant el curs. Aquestes activitats no s\u00f3n obligat\u00f2ries, per\u00f2&hellip;  <a href=\"https:\/\/agora.xtec.cat\/ceipbufala\/infantil\/p5\/recomanacions-p5-dimarts-24-de-marc\/\" title=\"Read Recomanacions P5! Dimarts 24 de mar\u00e7\">Llegeix m\u00e9s\u00bb<\/a><\/p>\n","protected":false},"author":1,"featured_media":0,"comment_status":"open","ping_status":"closed","sticky":false,"template":"","format":"standard","meta":{"_bbp_topic_count":0,"_bbp_reply_count":0,"_bbp_total_topic_count":0,"_bbp_total_reply_count":0,"_bbp_voice_count":0,"_bbp_anonymous_reply_count":0,"_bbp_topic_count_hidden":0,"_bbp_reply_count_hidden":0,"_bbp_forum_subforum_count":0,"footnotes":""},"categories":[9],"tags":[],"class_list":["post-1364","post","type-post","status-publish","format-standard","hentry","category-p5"],"post_mailing_queue_ids":[],"_links":{"self":[{"href":"https:\/\/agora.xtec.cat\/ceipbufala\/wp-json\/wp\/v2\/posts\/1364","targetHints":{"allow":["GET"]}}],"collection":[{"href":"https:\/\/agora.xtec.cat\/ceipbufala\/wp-json\/wp\/v2\/posts"}],"about":[{"href":"https:\/\/agora.xtec.cat\/ceipbufala\/wp-json\/wp\/v2\/types\/post"}],"author":[{"embeddable":true,"href":"https:\/\/agora.xtec.cat\/ceipbufala\/wp-json\/wp\/v2\/users\/1"}],"replies":[{"embeddable":true,"href":"https:\/\/agora.xtec.cat\/ceipbufala\/wp-json\/wp\/v2\/comments?post=1364"}],"version-history":[{"count":1,"href":"https:\/\/agora.xtec.cat\/ceipbufala\/wp-json\/wp\/v2\/posts\/1364\/revisions"}],"predecessor-version":[{"id":1365,"href":"https:\/\/agora.xtec.cat\/ceipbufala\/wp-json\/wp\/v2\/posts\/1364\/revisions\/1365"}],"wp:attachment":[{"href":"https:\/\/agora.xtec.cat\/ceipbufala\/wp-json\/wp\/v2\/media?parent=1364"}],"wp:term":[{"taxonomy":"category","embeddable":true,"href":"https:\/\/agora.xtec.cat\/ceipbufala\/wp-json\/wp\/v2\/categories?post=1364"},{"taxonomy":"post_tag","embeddable":true,"href":"https:\/\/agora.xtec.cat\/ceipbufala\/wp-json\/wp\/v2\/tags?post=1364"}],"curies":[{"name":"wp","href":"https:\/\/api.w.org\/{rel}","templated":true}]}}