{"id":1324,"date":"2020-03-23T19:39:17","date_gmt":"2020-03-23T18:39:17","guid":{"rendered":"https:\/\/agora.xtec.cat\/ceipbufala\/?p=1324"},"modified":"2020-03-23T22:31:30","modified_gmt":"2020-03-23T21:31:30","slug":"recomanacions-3r","status":"publish","type":"post","link":"https:\/\/agora.xtec.cat\/ceipbufala\/primaria\/3r\/recomanacions-3r\/","title":{"rendered":"Recomanacions 3r"},"content":{"rendered":"<ul>\n<li style=\"font-weight: 400\"><span style=\"font-weight: 400\">Hola bonics i boniques! Com esteu? No us volem agobiar amb deures per\u00f2 si ajudar donant-vos idees d\u2019activitats per fer a casa. S\u00f3n tasques que us poden anar molt b\u00e9 per assolir els aprenentatges i per mantenir-vos actius. Aqu\u00ed les teniu!<\/span><\/li>\n<\/ul>\n<table>\n<tbody>\n<tr>\n<td><b>LLENGUA I ART\u00cdSTICA<\/b><\/p>\n<ul>\n<li style=\"font-weight: 400\"><span style=\"font-weight: 400\">Esteu parlant amb els companys\/es de classe aquests dies? Ens agradaria que us <\/span><b><i>envieu algun mail<\/i><\/b><span style=\"font-weight: 400\">: com ho fem? Cadasc\u00fa ha d\u2019escollir un company\/a al que li escriur\u00e0 un mail que haur\u00e0 de ser respost. Esperem poder-los llegir aviat\u00a0 a la classe! (Pares i mares, us necessitem per fer arribar les cartes als destinataris!).<\/span><\/li>\n<li style=\"font-weight: 400\"><span style=\"font-weight: 400\">Com que ja tenim experi\u00e8ncia en escriure contes, us volem encarregar una tasca pels vostres fillols de lectura. Us heu d<\/span><b>\u2019inventar una historia<\/b><span style=\"font-weight: 400\"> que despr\u00e9s representarem a una sessi\u00f3 l\u2019Apadrinament Lector. Per fer-ho caldr\u00e0 que feu personatges o titelles. Us deixem algunes idees per fer-ho:<\/span><\/li>\n<\/ul>\n<p><a href=\"https:\/\/aprendiendoconjulia.com\/2019\/04\/manualidad-facil-para-ninos-animales-con-pinzas-de-la-ropa\/?utm_source=blogsterapp&amp;utm_medium=facebook\"><span style=\"font-weight: 400\">https:\/\/aprendiendoconjulia.com\/2019\/04\/manualidad-facil-para-ninos-animales-con-pinzas-de-la-ropa\/?utm_source=blogsterapp&amp;utm_medium=facebook<\/span><\/a><\/p>\n<p><a href=\"https:\/\/www.pequeocio.com\/?s=marionetas\"><span style=\"font-weight: 400\">https:\/\/www.pequeocio.com\/?s=marionetas<\/span><\/a><\/p>\n<p><span style=\"font-weight: 400\">Quan tingueu el conte i les titelles preparades, podeu assajar amb la fam\u00edlia. Si alg\u00fa s\u2019anima, que faci video!\u00a0<\/span><\/td>\n<\/tr>\n<tr>\n<td><b>MATES<\/b><\/p>\n<ul>\n<li style=\"font-weight: 400\"><span style=\"font-weight: 400\">En aquesta\u00a0 p\u00e0gina podeu repassar tots els continguts treballats de mates:\u00a0<\/span><a href=\"https:\/\/es.ixl.com\/math\/3-primaria\"><span style=\"font-weight: 400\">https:\/\/es.ixl.com\/math\/3-primaria<\/span><\/a><\/li>\n<li style=\"font-weight: 400\"><span style=\"font-weight: 400\">Des de l\u2019Editorial Teide us conviden, tots els dies a les 10:00 h., a fer una sessi\u00f3 divertida de matem\u00e0tiques amb tota la fam\u00edlia. Aqu\u00ed us deixem l\u2019enlla\u00e7:\u00a0 <\/span><a href=\"https:\/\/web.editorialteide.com\/ca\/cafe-mates\/\"><span style=\"font-weight: 400\">https:\/\/web.editorialteide.com\/ca\/cafe-mates\/<\/span><\/a><span style=\"font-weight: 400\">\u00a0<\/span><\/li>\n<li style=\"font-weight: 400\"><span style=\"font-weight: 400\">Des d\u2019Innovamat cada setmana posaran diferents recursos per treballar les matem\u00e0tiques <\/span><a href=\"https:\/\/innovamat.com\/blog\/ca\/recursos\/families\/recursos-3r\/\"><span style=\"font-weight: 400\">https:\/\/innovamat.com\/blog\/ca\/recursos\/families\/recursos-3r\/<\/span><\/a><span style=\"font-weight: 400\">, a m\u00e9s a m\u00e9s proposa aquesta App <\/span><b>Bmath<\/b><span style=\"font-weight: 400\">, per treballar les matem\u00e0tiques de forma m\u00e9s l\u00fadica durant 15 min. al dia.<\/span><\/li>\n<\/ul>\n<\/td>\n<\/tr>\n<tr>\n<td><b>MEDI<\/b><span style=\"font-weight: 400\">A veure que us semblen aquestes dues activitats, relacionades amb els temes que hem fet aquest segon trimestre a l\u2019escola:<\/span><\/p>\n<p><span style=\"font-weight: 400\">1r) EL RELLEU<\/span><\/p>\n<ul>\n<li style=\"font-weight: 400\"><span style=\"font-weight: 400\">Construcci\u00f3 d\u2019una <\/span><i><span style=\"font-weight: 400\">maqueta <\/span><\/i><span style=\"font-weight: 400\">de muntanya amb les seves parts (cim, vessant o falda i peu).<\/span><\/li>\n<\/ul>\n<p><span style=\"font-weight: 400\">Per poder repassar les parts d\u2019una muntanya podeu realitzar la vostra creaci\u00f3 amb materials reciclats (cartr\u00f3, oueres, paper de diari, revistes\u2026) o material que tingueu per casa (plastilina, pasta de sal\u2026).<\/span><\/p>\n<p><span style=\"font-weight: 400\">Per poder fer la massa de pasta de sal casolana us deixem aquest link\u00a0<\/span><\/p>\n<p><a href=\"https:\/\/www.guiainfantil.com\/articulos\/ocio\/manualidades\/como-hacer-pasta-de-sal-manualidades-infantiles\/\"><span style=\"font-weight: 400\">https:\/\/www.guiainfantil.com\/articulos\/ocio\/manualidades\/como-hacer-pasta-de-sal-manualidades-infantiles\/<\/span><\/a><\/p>\n<p><span style=\"font-weight: 400\">2n) L\u2019AIGUA<\/span><\/p>\n<p><span style=\"font-weight: 400\">Ahir diumenge va ser el dia internacional de l\u2019aigua: us enrecordeu de quan vam parlar a la classe d\u2019aquesta data? Doncs per celebrar el dia i que aquesta<\/span> <span style=\"font-weight: 400\">setmana han anunciat pluges us volem encoratjar a fer un altre experiment. Es tracta de construir un<\/span><i><span style=\"font-weight: 400\"> Pluvi\u00f2metre, <\/span><\/i><span style=\"font-weight: 400\">un aparell amb el que podem anar enregistrant la quantitat de pluja que cau cada dia. A m\u00e9s a m\u00e9s, l\u2019aigua recollida la podeu reciclar.<\/span><\/p>\n<p><span style=\"font-weight: 400\">En aquest video teniu un exemple de com fer un pluvi\u00f2metre: <\/span><a href=\"https:\/\/www.ccma.cat\/tv3\/super3\/infok\/un-pluviometre-casola\/video\/3819851\/\"><span style=\"font-weight: 400\">https:\/\/www.ccma.cat\/tv3\/super3\/infok\/un-pluviometre-casola\/video\/3819851\/<\/span><\/a><\/p>\n<p><span style=\"font-weight: 400\">En un full, podeu anotar els materials que heu fet servir per fer-ho, quanta aigua recolliu cada dia i com la recicleu. Si voleu fer alguna foto o dibuix, estarem encantades de compartir-les quan ens tornem a veure!<\/span><\/td>\n<\/tr>\n<tr>\n<td><strong>ALTRES<\/strong><\/p>\n<ul>\n<li style=\"font-weight: 400\"><span style=\"font-weight: 400\">Coneixeu el s\u00edmbol d\u2019aquest confinament? L\u2019heu vist penjat en algun balc\u00f3 o teulada? Teniu ja el vostre? El podem fer de diferents maneres.<\/span><\/li>\n<\/ul>\n<p><a href=\"https:\/\/krokotak.caom\/tag\/rainbow\/\"><span style=\"font-weight: 400\">https:\/\/krokotak.caom\/tag\/rainbow\/<\/span><\/a><\/p>\n<ul>\n<li style=\"font-weight: 400\"><span style=\"font-weight: 400\">Per aprofundir el tema de l\u2019aigua:<\/span><\/li>\n<\/ul>\n<p><a href=\"http:\/\/aca.gencat.cat\/.content\/10_ACA\/M_Campanyes_i_divulgacio\/03_Recursos_pedagogics\/joc_aigua\/primaria\/index.html\"><span style=\"font-weight: 400\">http:\/\/aca.gencat.cat\/.content\/10_ACA\/M_Campanyes_i_divulgacio\/03_Recursos_pedagogics\/joc_aigua\/primaria\/index.html<\/span><\/a><\/p>\n<p><a href=\"https:\/\/www.diba.cat\/web\/xarxasost\/estalviaigua\"><span style=\"font-weight: 400\">https:\/\/www.diba.cat\/web\/xarxasost\/estalviaigua<\/span><\/a><span style=\"font-weight: 400\">\u00a0<\/span><\/td>\n<\/tr>\n<\/tbody>\n<\/table>\n<p><span style=\"font-weight: 400\">Per \u00faltim, tingueu paci\u00e8ncia amb els vostres fills i filles, els dies s\u00f3n llargs i hem de trobar estones i moments per a tot. Sisplau, tingueu en compte les nostres propostes i ,dintre del possible, aneu afegint als vostres diaris quines activitats feu cada dia.\u00a0<\/span><\/p>\n<p><span style=\"font-weight: 400\">Us enviem una abra\u00e7ada virtual ben forta!<\/span><\/p>\n<p><span style=\"font-weight: 400\">Almudena i Amparo<\/span><\/p>\n","protected":false},"excerpt":{"rendered":"<ul>\n<li style=\"font-weight: 400\">Hola bonics i boniques! Com esteu? No us volem agobiar amb deures per\u00f2 si ajudar donant-vos idees d\u2019activitats per fer a casa. S\u00f3n tasques que us poden anar molt b\u00e9 per assolir els aprenentatges i per mantenir-vos actius. Aqu\u00ed les teniu!<\/li>\n<\/ul>\n<p>LLENGUA I ART\u00cdSTICA<\/p>\n<ul>\n<li&hellip;  <a href=\"https:\/\/agora.xtec.cat\/ceipbufala\/primaria\/3r\/recomanacions-3r\/\" title=\"Read Recomanacions 3r\">Llegeix m\u00e9s\u00bb<\/a><\/p>\n","protected":false},"author":8,"featured_media":0,"comment_status":"open","ping_status":"closed","sticky":false,"template":"","format":"standard","meta":{"_bbp_topic_count":0,"_bbp_reply_count":0,"_bbp_total_topic_count":0,"_bbp_total_reply_count":0,"_bbp_voice_count":0,"_bbp_anonymous_reply_count":0,"_bbp_topic_count_hidden":0,"_bbp_reply_count_hidden":0,"_bbp_forum_subforum_count":0,"footnotes":""},"categories":[12],"tags":[],"class_list":["post-1324","post","type-post","status-publish","format-standard","hentry","category-3r"],"post_mailing_queue_ids":[],"_links":{"self":[{"href":"https:\/\/agora.xtec.cat\/ceipbufala\/wp-json\/wp\/v2\/posts\/1324","targetHints":{"allow":["GET"]}}],"collection":[{"href":"https:\/\/agora.xtec.cat\/ceipbufala\/wp-json\/wp\/v2\/posts"}],"about":[{"href":"https:\/\/agora.xtec.cat\/ceipbufala\/wp-json\/wp\/v2\/types\/post"}],"author":[{"embeddable":true,"href":"https:\/\/agora.xtec.cat\/ceipbufala\/wp-json\/wp\/v2\/users\/8"}],"replies":[{"embeddable":true,"href":"https:\/\/agora.xtec.cat\/ceipbufala\/wp-json\/wp\/v2\/comments?post=1324"}],"version-history":[{"count":3,"href":"https:\/\/agora.xtec.cat\/ceipbufala\/wp-json\/wp\/v2\/posts\/1324\/revisions"}],"predecessor-version":[{"id":1333,"href":"https:\/\/agora.xtec.cat\/ceipbufala\/wp-json\/wp\/v2\/posts\/1324\/revisions\/1333"}],"wp:attachment":[{"href":"https:\/\/agora.xtec.cat\/ceipbufala\/wp-json\/wp\/v2\/media?parent=1324"}],"wp:term":[{"taxonomy":"category","embeddable":true,"href":"https:\/\/agora.xtec.cat\/ceipbufala\/wp-json\/wp\/v2\/categories?post=1324"},{"taxonomy":"post_tag","embeddable":true,"href":"https:\/\/agora.xtec.cat\/ceipbufala\/wp-json\/wp\/v2\/tags?post=1324"}],"curies":[{"name":"wp","href":"https:\/\/api.w.org\/{rel}","templated":true}]}}