{"id":1275,"date":"2020-03-20T18:49:10","date_gmt":"2020-03-20T17:49:10","guid":{"rendered":"https:\/\/agora.xtec.cat\/ceipbufala\/?p=1275"},"modified":"2020-03-20T19:16:45","modified_gmt":"2020-03-20T18:16:45","slug":"recomanacions-activitats-4t-2","status":"publish","type":"post","link":"https:\/\/agora.xtec.cat\/ceipbufala\/primaria\/4t\/recomanacions-activitats-4t-2\/","title":{"rendered":"Recomanacions Activitats 4t"},"content":{"rendered":"<p>Benvolgudes fam\u00edlies de quart,<\/p>\n<p>Us afegim m\u00e9s recomanacions perqu\u00e8 pugueu seguir fent des de casa\u00a0 amb els vostres fills.<\/p>\n<h2><span style=\"text-decoration: underline\"><strong>Catal\u00e0 <\/strong><\/span><\/h2>\n<p>Recordeu que <span style=\"text-decoration: underline\">\u00e9s<\/span> molt important dedicar una estona al dia a llegir .<\/p>\n<ul>\n<li>A l\u2019<em>Ebiblio <\/em>trobareu materials de lectura digitals:\n<ul>\n<li><a style=\"font-family: inherit;font-size: 1em\" href=\"https:\/\/catalunya.ebiblio.es\/opac\/#indice\">https:\/\/catalunya.ebiblio.es\/opac\/#indice<\/a><span style=\"font-family: inherit;font-size: 1em\"> .<\/span><\/li>\n<\/ul>\n<\/li>\n<li>Escriure un diari (en catal\u00e0) explicant el que heu fet cada dia. Despr\u00e9s de la redacci\u00f3 podeu fer un dibuix<\/li>\n<li>Us anir\u00e0 molt b\u00e9 anar recordant les normes ortogr\u00e0fiques. Aix\u00ed segur que escriureu molt millor el vostre diari personal\n<ul>\n<li><span style=\"font-family: inherit;font-size: 1em\">Separaci\u00f3 de \u00a0s\u00edl\u00b7labes i accentuaci\u00f3: <\/span><sup style=\"font-family: inherit\">\u00a0<strong>(nou) \u00a0<\/strong><\/sup>\n<ul>\n<li><a style=\"font-family: inherit;font-size: 1em\" href=\"http:\/\/www.edu365.cat\/primaria\/catala\/ortografia\/cm03.html\">http:\/\/www.edu365.cat\/primaria\/catala\/ortografia\/cm03.html\u00a0\u00a0<\/a><\/li>\n<li><a style=\"font-family: inherit;font-size: 1em\" href=\"http:\/\/www.edu365.cat\/primaria\/catala\/ortografia\/cs02.html\">http:\/\/www.edu365.cat\/primaria\/catala\/ortografia\/cs02.html<\/a><\/li>\n<\/ul>\n<\/li>\n<\/ul>\n<\/li>\n<li>Endevinalles <sup><strong>(nou)<\/strong> \u00a0<\/sup>\n<ul>\n<li><a style=\"font-family: inherit;font-size: 1em\" href=\"http:\/\/www.edu365.cat\/primaria\/catala\/endevinalles\/portada.htm\">http:\/\/www.edu365.cat\/primaria\/catala\/endevinalles\/portada.htm<\/a><\/li>\n<\/ul>\n<\/li>\n<\/ul>\n<h2><span style=\"text-decoration: underline\"><strong>Castellano<\/strong><\/span><\/h2>\n<ul>\n<li><span style=\"font-family: inherit;font-size: 1em\">Escribir una carta a los abuelos o a alg\u00fan amigo\/amiga que hace d\u00edas que no vemos. En estos enlaces encontrareis informaci\u00f3n de c\u00f3mo hacer una carta y as\u00ed pod\u00e9is refrescar la memoria. <strong><sup>(nou) <\/sup><\/strong><\/span>\n<ul>\n<li><a style=\"font-family: inherit;font-size: 1em\" href=\"https:\/\/www.mundoprimaria.com\/blog\/como-escribir-una-carta.html\">https:\/\/www.mundoprimaria.com\/blog\/como-escribir-una-carta.html<\/a><\/li>\n<li><a style=\"font-family: inherit;font-size: 1em\" href=\"http:\/\/papelisimo.es\/2016\/11\/partes-de-una-carta-para-ninos-plantilla\/\">http:\/\/papelisimo.es\/2016\/11\/partes-de-una-carta-para-ninos-plantilla\/<\/a><\/li>\n<\/ul>\n<\/li>\n<\/ul>\n<h2><span style=\"text-decoration: underline\"><strong>Matem\u00e0tiques<\/strong><\/span><\/h2>\n<ul>\n<li><span style=\"font-family: inherit;font-size: 1em\">\u00c9s molt important seguir repassant les taules de multiplicar i les divisions . Si ho voleu fer on line us passem algun\u00a0 links que us poden servir <\/span>\n<ul>\n<li><a style=\"font-family: inherit;font-size: 1em\" href=\"http:\/\/math.cilenia.com\/ca\">http:\/\/math.cilenia.com\/ca<\/a><\/li>\n<li><a style=\"font-family: inherit;font-size: 1em\" href=\"http:\/\/lapandilladelarejilla.es\/juegos-divisiones\/\">http:\/\/lapandilladelarejilla.es\/juegos-divisiones\/<\/a><\/li>\n<\/ul>\n<\/li>\n<li>En aquest link trobareu un generador de divisions. Podeu seleccionar \u00a03 o 4 xiifres en el dividendo y 1 en el divisor. Generar\u00e0 un pdf . amb diferents divisions <strong><sup>(nou) <\/sup><\/strong>\n<ul>\n<li><a style=\"font-family: inherit;font-size: 1em\" href=\"http:\/\/calculomates.com\/generador-de-divisiones\/\">http:\/\/calculomates.com\/generador-de-divisiones\/<\/a><\/li>\n<\/ul>\n<\/li>\n<li>Fem problemes <sup><strong>(nou)<\/strong><\/sup>\n<ul>\n<li><a style=\"font-family: inherit;font-size: 1em\" href=\"http:\/\/www.xtec.cat\/~aporta1\/aula\/matematiques_3r\/problemes_pag_51_61.pdf\">http:\/\/www.xtec.cat\/~aporta1\/aula\/matematiques_3r\/problemes_pag_51_61.pdf<\/a><\/li>\n<\/ul>\n<\/li>\n<\/ul>\n<h2><span style=\"text-decoration: underline\"><strong>Medi<\/strong><\/span><\/h2>\n<ul>\n<li>Estem estudiant l\u2019aparell respiratori. Repassar els exercicis fets a classe . Tamb\u00e9 us passem una adre\u00e7a per si volen practicar.\n<ul>\n<li><a style=\"font-family: inherit;font-size: 1em\" href=\"https:\/\/cienciasnaturales.didactalia.net\/ca\/recurs\/sistema-respiratori-primaria-\/918260d6-d8f7-442e-95ab-e9de0410f2be\">https:\/\/cienciasnaturales.didactalia.net\/ca\/recurs\/sistema-respiratori-primaria-\/918260d6-d8f7-442e-95ab-e9de0410f2be<\/a><\/li>\n<\/ul>\n<\/li>\n<li>Imprimir 3 mapes muts de les comarques de Catalunya. En el primer escriure les comarques de litoral, en el segon les de plana i en el tercer les de muntanya. Despr\u00e9s amb l\u2019ajut dels mapes fem aquest joc <strong><sup>(nou)<\/sup><\/strong>\n<ul>\n<li><a style=\"font-family: inherit;font-size: 1em\" href=\"https:\/\/clic.xtec.cat\/users\/mnebot1\/comarques\/index.html\">https:\/\/clic.xtec.cat\/users\/mnebot1\/comarques\/index.html<\/a><\/li>\n<li><a style=\"font-family: inherit;font-size: 1em\" href=\"https:\/\/mapasinteractivos.didactalia.net\/ca\/comunitat\/mapasflashinteractivos\/recurs\/comarques-de-catalunya\/1754c6ab-f368-488b-b8ea-b71b2cda1d45\">https:\/\/mapasinteractivos.didactalia.net\/ca\/comunitat\/mapasflashinteractivos\/recurs\/comarques-de-catalunya\/1754c6ab-f368-488b-b8ea-b71b2cda1d45<\/a><\/li>\n<\/ul>\n<\/li>\n<\/ul>\n<h2><span style=\"text-decoration: underline\">Altres<\/span><\/h2>\n<ul>\n<li>Fer una manualitat amb material de reciclatge. Despr\u00e9s la podeu portar a l\u2019escola i ensenyar-la als companys. Us deixem alguna p\u00e0gina per agafar idees.\n<ul>\n<li><a style=\"font-family: inherit;font-size: 1em\" href=\"https:\/\/somdocentsblog.wordpress.com\/2016\/07\/11\/7-treballs-manuals-per-fer-amb-material-reciclat\/\">https:\/\/somdocentsblog.wordpress.com\/2016\/07\/11\/7-treballs-manuals-per-fer-amb-material-reciclat\/<\/a><\/li>\n<li><a style=\"font-family: inherit;font-size: 1em\" href=\"https:\/\/www.pinterest.es\/albarizo\/manualitats-material-reciclat\/\">https:\/\/www.pinterest.es\/albarizo\/manualitats-material-reciclat\/<\/a><\/li>\n<\/ul>\n<\/li>\n<li>Aprofitant que hem d\u2019escriure una carta podr\u00edem fer un sobre per posar-la.<strong><sup> (nou)<\/sup><\/strong>\n<ul>\n<li><strong style=\"font-family: inherit;font-size: 1em\">\u00a0<\/strong><a style=\"font-family: inherit;font-size: 1em\" href=\"https:\/\/es.wikihow.com\/hacer-un-sobre-de-carta\">https:\/\/es.wikihow.com\/hacer-un-sobre-de-carta<\/a><\/li>\n<\/ul>\n<\/li>\n<\/ul>\n<p>Seguim en contacte. Cuideu-vos molt!<\/p>\n<p>Tutors de 4t<\/p>\n<p>&nbsp;<\/p>\n<p>&nbsp;<\/p>\n<p>&nbsp;<\/p>\n<p>&nbsp;<\/p>\n<p>&nbsp;<\/p>\n","protected":false},"excerpt":{"rendered":"<p>Benvolgudes fam\u00edlies de quart,<br \/>\nUs afegim m\u00e9s recomanacions perqu\u00e8 pugueu seguir fent des de casa\u00a0 amb els vostres fills.<br \/>\nCatal\u00e0<br \/>\nRecordeu que \u00e9s molt important dedicar una estona al dia a llegir .<\/p>\n<ul>\n<li>A l\u2019Ebiblio trobareu materials de lectura digitals:\n<ul>\n<li><a style=\"font-family: inherit;font-size: 1em\" href=\"https:\/\/catalunya.ebiblio.es\/opac\/#indice\">https:\/\/catalunya.ebiblio.es\/opac\/#indice<\/a> .<\/li>\n<\/ul>\n<\/li>\n<li>Escriure un diari (en&hellip;  <a href=\"https:\/\/agora.xtec.cat\/ceipbufala\/primaria\/4t\/recomanacions-activitats-4t-2\/\" title=\"Read Recomanacions Activitats 4t\">Llegeix m\u00e9s\u00bb<\/a><br \/>\n","protected":false},"author":1,"featured_media":0,"comment_status":"open","ping_status":"closed","sticky":false,"template":"","format":"standard","meta":{"_bbp_topic_count":0,"_bbp_reply_count":0,"_bbp_total_topic_count":0,"_bbp_total_reply_count":0,"_bbp_voice_count":0,"_bbp_anonymous_reply_count":0,"_bbp_topic_count_hidden":0,"_bbp_reply_count_hidden":0,"_bbp_forum_subforum_count":0,"footnotes":""},"categories":[13],"tags":[],"class_list":["post-1275","post","type-post","status-publish","format-standard","hentry","category-4t"],"post_mailing_queue_ids":[],"_links":{"self":[{"href":"https:\/\/agora.xtec.cat\/ceipbufala\/wp-json\/wp\/v2\/posts\/1275","targetHints":{"allow":["GET"]}}],"collection":[{"href":"https:\/\/agora.xtec.cat\/ceipbufala\/wp-json\/wp\/v2\/posts"}],"about":[{"href":"https:\/\/agora.xtec.cat\/ceipbufala\/wp-json\/wp\/v2\/types\/post"}],"author":[{"embeddable":true,"href":"https:\/\/agora.xtec.cat\/ceipbufala\/wp-json\/wp\/v2\/users\/1"}],"replies":[{"embeddable":true,"href":"https:\/\/agora.xtec.cat\/ceipbufala\/wp-json\/wp\/v2\/comments?post=1275"}],"version-history":[{"count":3,"href":"https:\/\/agora.xtec.cat\/ceipbufala\/wp-json\/wp\/v2\/posts\/1275\/revisions"}],"predecessor-version":[{"id":1286,"href":"https:\/\/agora.xtec.cat\/ceipbufala\/wp-json\/wp\/v2\/posts\/1275\/revisions\/1286"}],"wp:attachment":[{"href":"https:\/\/agora.xtec.cat\/ceipbufala\/wp-json\/wp\/v2\/media?parent=1275"}],"wp:term":[{"taxonomy":"category","embeddable":true,"href":"https:\/\/agora.xtec.cat\/ceipbufala\/wp-json\/wp\/v2\/categories?post=1275"},{"taxonomy":"post_tag","embeddable":true,"href":"https:\/\/agora.xtec.cat\/ceipbufala\/wp-json\/wp\/v2\/tags?post=1275"}],"curies":[{"name":"wp","href":"https:\/\/api.w.org\/{rel}","templated":true}]}}