{"id":1253,"date":"2026-04-23T09:00:53","date_gmt":"2026-04-23T07:00:53","guid":{"rendered":"https:\/\/agora.xtec.cat\/ceipbufala\/?p=1253"},"modified":"2026-04-23T10:23:00","modified_gmt":"2026-04-23T08:23:00","slug":"preinscripcio-escolar-20-21","status":"publish","type":"post","link":"https:\/\/agora.xtec.cat\/ceipbufala\/portada\/preinscripcio-escolar-20-21\/","title":{"rendered":"PREINSCRIPCI\u00d3 I MATR\u00cdCULA ESCOLAR"},"content":{"rendered":"<form id=\"aspnetForm\" action=\"https:\/\/agora.xtec.cat\/Alumnes\/PreinscripcioMatricula\/Pagines\/default.aspx\" method=\"post\">\n<div id=\"s4-workspace\" class=\"ms-core-overlay ng-scope\">\n<div id=\"s4-bodyContainer\">\n<div id=\"contentRow\">\n<div id=\"contentBox\" role=\"main\" aria-live=\"polite\" aria-relevant=\"all\">\n<div id=\"DeltaPlaceHolderMain\">\n<div class=\"MaincontainerSH\">\n<section class=\"DretaSH\">\n<div class=\"NoticiaSH\">\n<div class=\"article article-right\">\n<div class=\"article-content\">\n<div id=\"ctl00_PlaceHolderMain_ctl05__ControlWrapper_RichHtmlField\" class=\"ms-rtestate-field\" aria-labelledby=\"ctl00_PlaceHolderMain_ctl05_label\">\n<div id=\"s4-workspace\" class=\"ms-core-overlay ng-scope\">\n<div id=\"s4-bodyContainer\">\n<div id=\"contentRow\">\n<div id=\"contentBox\" role=\"main\" aria-live=\"polite\" aria-relevant=\"all\">\n<div id=\"DeltaPlaceHolderMain\">\n<div class=\"MaincontainerSH\">\n<section class=\"DretaSH\">\n<div class=\"NoticiaSH\">\n<div class=\"article article-right\">\n<div class=\"article-content\">\n<div id=\"ctl00_PlaceHolderMain_ctl05__ControlWrapper_RichHtmlField\" class=\"ms-rtestate-field\" aria-labelledby=\"ctl00_PlaceHolderMain_ctl05_label\">\n<div id=\"s4-workspace\" class=\"ms-core-overlay ng-scope\">\n<div id=\"s4-bodyContainer\">\n<div id=\"contentRow\">\n<div id=\"contentBox\" role=\"main\" aria-live=\"polite\" aria-relevant=\"all\">\n<div id=\"DeltaPlaceHolderMain\">\n<div class=\"MaincontainerSH\">\n<section class=\"DretaSH\">\n<div class=\"NoticiaSH\">\n<div class=\"article article-right\">\n<div class=\"article-content\">\n<div id=\"ctl00_PlaceHolderMain_ctl05__ControlWrapper_RichHtmlField\" class=\"ms-rtestate-field\" aria-labelledby=\"ctl00_PlaceHolderMain_ctl05_label\">\n<div id=\"s4-workspace\" class=\"ms-core-overlay ng-scope\">\n<div id=\"s4-bodyContainer\">\n<div id=\"contentRow\">\n<div id=\"contentBox\" role=\"main\" aria-live=\"polite\" aria-relevant=\"all\">\n<div id=\"DeltaPlaceHolderMain\">\n<div class=\"MaincontainerSH\">\n<section class=\"DretaSH\">\n<div class=\"NoticiaSH\">\n<div class=\"article article-right\">\n<div class=\"article-content\">\n<div id=\"ctl00_PlaceHolderMain_ctl05__ControlWrapper_RichHtmlField\" class=\"ms-rtestate-field\" aria-labelledby=\"ctl00_PlaceHolderMain_ctl05_label\">\n<h3><strong>Portes Obertes:<\/strong> Dimecres 18 de febrer de 2026<\/h3>\n<p>S&#8217;acosta la posada en marxa de la preinscripci\u00f3 per al curs vinent 2026\/27<\/p>\n<\/div>\n<\/div>\n<\/div>\n<\/div>\n<\/section>\n<\/div>\n<\/div>\n<\/div>\n<\/div>\n<\/div>\n<\/div>\n<\/div>\n<\/div>\n<\/div>\n<\/div>\n<\/section>\n<\/div>\n<\/div>\n<\/div>\n<\/div>\n<\/div>\n<\/div>\n<\/div>\n<\/div>\n<\/div>\n<\/div>\n<\/section>\n<\/div>\n<\/div>\n<\/div>\n<\/div>\n<\/div>\n<\/div>\n<\/div>\n<\/div>\n<\/div>\n<\/div>\n<\/section>\n<\/div>\n<\/div>\n<\/div>\n<\/div>\n<\/div>\n<\/div>\n<\/form>\n<form id=\"aspnetForm\" action=\"https:\/\/agora.xtec.cat\/Alumnes\/PreinscripcioMatricula\/Pagines\/default.aspx\" method=\"post\">\n<div id=\"s4-workspace\" class=\"ms-core-overlay ng-scope\">\n<div id=\"s4-bodyContainer\">\n<div id=\"contentRow\">\n<div id=\"contentBox\" role=\"main\" aria-live=\"polite\" aria-relevant=\"all\">\n<div id=\"DeltaPlaceHolderMain\">\n<div class=\"MaincontainerSH\">\n<section class=\"DretaSH\">\n<div class=\"NoticiaSH\">\n<div class=\"article article-right\">\n<div class=\"article-content\">\n<div id=\"ctl00_PlaceHolderMain_ctl05__ControlWrapper_RichHtmlField\" class=\"ms-rtestate-field\" aria-labelledby=\"ctl00_PlaceHolderMain_ctl05_label\">\n<div id=\"s4-workspace\" class=\"ms-core-overlay ng-scope\">\n<div id=\"s4-bodyContainer\">\n<div id=\"contentRow\">\n<div id=\"contentBox\" role=\"main\" aria-live=\"polite\" aria-relevant=\"all\">\n<div id=\"DeltaPlaceHolderMain\">\n<div class=\"MaincontainerSH\">\n<section class=\"DretaSH\">\n<div class=\"NoticiaSH\">\n<div class=\"article article-right\">\n<div class=\"article-content\">\n<div id=\"ctl00_PlaceHolderMain_ctl05__ControlWrapper_RichHtmlField\" class=\"ms-rtestate-field\" aria-labelledby=\"ctl00_PlaceHolderMain_ctl05_label\">\n<div id=\"s4-workspace\" class=\"ms-core-overlay ng-scope\">\n<div id=\"s4-bodyContainer\">\n<div id=\"contentRow\">\n<div id=\"contentBox\" role=\"main\" aria-live=\"polite\" aria-relevant=\"all\">\n<div id=\"DeltaPlaceHolderMain\">\n<div class=\"MaincontainerSH\">\n<section class=\"DretaSH\">\n<div class=\"NoticiaSH\">\n<div class=\"article article-right\">\n<div class=\"article-content\">\n<div id=\"ctl00_PlaceHolderMain_ctl05__ControlWrapper_RichHtmlField\" class=\"ms-rtestate-field\" aria-labelledby=\"ctl00_PlaceHolderMain_ctl05_label\">\n<div id=\"s4-workspace\" class=\"ms-core-overlay ng-scope\">\n<div id=\"s4-bodyContainer\">\n<div id=\"contentRow\">\n<div id=\"contentBox\" role=\"main\" aria-live=\"polite\" aria-relevant=\"all\">\n<div id=\"DeltaPlaceHolderMain\">\n<div class=\"MaincontainerSH\">\n<section class=\"DretaSH\">\n<div class=\"NoticiaSH\">\n<div class=\"article article-right\">\n<div class=\"article-content\">\n<p><a href=\"https:\/\/agora.xtec.cat\/ceipbufala\/wp-content\/uploads\/usu1674\/2025\/06\/cartell_escola_bufala_portes_obertes.jpg\"><img loading=\"lazy\" decoding=\"async\" class=\"alignnone size-medium wp-image-8417\" src=\"https:\/\/agora.xtec.cat\/ceipbufala\/wp-content\/uploads\/usu1674\/2025\/06\/cartell_escola_bufala_portes_obertes-200x300.jpg\" alt=\"\" width=\"200\" height=\"300\" srcset=\"https:\/\/agora.xtec.cat\/ceipbufala\/wp-content\/uploads\/usu1674\/2025\/06\/cartell_escola_bufala_portes_obertes-200x300.jpg 200w, https:\/\/agora.xtec.cat\/ceipbufala\/wp-content\/uploads\/usu1674\/2025\/06\/cartell_escola_bufala_portes_obertes-683x1024.jpg 683w, https:\/\/agora.xtec.cat\/ceipbufala\/wp-content\/uploads\/usu1674\/2025\/06\/cartell_escola_bufala_portes_obertes-768x1152.jpg 768w, https:\/\/agora.xtec.cat\/ceipbufala\/wp-content\/uploads\/usu1674\/2025\/06\/cartell_escola_bufala_portes_obertes.jpg 1024w\" sizes=\"auto, (max-width: 200px) 100vw, 200px\" \/><\/a><\/p>\n<div aria-labelledby=\"ctl00_PlaceHolderMain_ctl05_label\"><\/div>\n<div class=\"ms-rtestate-field\" aria-labelledby=\"ctl00_PlaceHolderMain_ctl05_label\">\n<p><strong>Preinscripci\u00f3 pel curs 2026\/27 del 4 al 18 de mar\u00e7<\/strong><\/p>\n<p>La documentaci\u00f3 per la PREINSCRIPCI\u00d3 que calgui presentar s\u2019ha d\u2019adjuntar (escanejada o fotografiada) a la sol\u00b7licitud de preinscripci\u00f3, que ser\u00e0 accessible mitjan\u00e7ant un enlla\u00e7 al web <a href=\"https:\/\/preinscripcio.gencat.cat\/ca\/estudis\/infantil-3-6\/inici\/\">preinscripcio.gencat.cat<\/a>, durant el termini de presentaci\u00f3 de documentaci\u00f3.<\/p>\n<p><strong>Criteris prioritaris<\/strong><\/p>\n<ol>\n<li>Exist\u00e8ncia de germans escolaritzats al centre:\u00a0<strong>50 punts.<\/strong><\/li>\n<li>Criteri de proximitat al centre. Una d\u2019aquestes 3 opcions:<\/li>\n<\/ol>\n<p>-Quan el domicili habitual es troba a la zona educativa del centre:<strong>\u00a030 punts.<\/strong><\/p>\n<p>-Quan l\u2019adre\u00e7a del lloc de treball de pare o mare o tutor\/a legal \u00e9s dins la zona educativa del centre: <strong>20 punts.<\/strong><\/p>\n<p>-Quan el domicili habitual \u00e9s al mateix municipi que el centre sol\u00b7licitat en primer lloc, per\u00f2 no en la seva zona educativa: <strong>10 punts.<\/strong><\/p>\n<p>3.Beneficiaris de l\u2019ajut de la renda garantida de ciutadania:\u00a0<strong>15 punts.<\/strong><\/p>\n<p><strong>Criteris complementaris<\/strong><\/p>\n<ol>\n<li>Discapacitat de grau igual o superior al 33 % de l\u2019alumne\/a, pare o mare, tutor\/a legal o germans:\u00a0<strong>15 punts.<\/strong><\/li>\n<li>Quan el pare o mare o tutor\/a legal treballa en el centre, en el moment de presentar la sol\u00b7licitud de preinscripci\u00f3:\u00a0<strong>10 punts.<\/strong><\/li>\n<li>Formar part d\u2019una fam\u00edlia nombrosa o monoparental:\u00a0<strong>10 punts.<\/strong><\/li>\n<li>Pel fet que l\u2019alumne\/a hagi nascut en un part m\u00faltiple:<strong>10 punts.<\/strong><\/li>\n<li>Pel fet que l\u2019alumne\/a es trobi en situaci\u00f3 d\u2019acolliment familiar:<strong>10 punts.<\/strong><\/li>\n<li>Quan s\u2019acrediti la condici\u00f3 de v\u00edctima de viol\u00e8ncia de g\u00e8nere o terrorisme:\u00a0<strong>10 punts.<\/strong><\/li>\n<\/ol>\n<table style=\"width: 73.0761%; height: 492px;\" width=\"614\">\n<tbody>\n<tr style=\"height: 42px;\">\n<td style=\"width: 65%; height: 42px;\" width=\"65%\"><strong>FASES DE LA PREINSCRIPCI\u00d3<\/strong><\/td>\n<td style=\"width: 132.886%; height: 42px;\" width=\"33%\"><strong>DATES<\/strong><\/td>\n<\/tr>\n<tr style=\"height: 42px;\">\n<td style=\"width: 65%; height: 10px;\" width=\"65%\">Publicaci\u00f3 de l\u2019oferta inicial de places<\/p>\n<p><a href=\"https:\/\/agora.xtec.cat\/ceipbufala\/wp-content\/uploads\/usu1674\/2026\/02\/INFORME_OFERTA_OME_INFORME_OFERTA-1.pdf\">INFORME_OFERTA_OME_INFORME_OFERTA\u00a0<\/a><\/td>\n<td style=\"width: 132.886%; height: 10px;\" width=\"33%\"><strong>3 de mar\u00e7<\/strong><\/td>\n<\/tr>\n<tr style=\"height: 42px;\">\n<td style=\"width: 65%; height: 42px;\" width=\"65%\">Presentaci\u00f3 de sol\u00b7licituds<\/td>\n<td style=\"width: 132.886%; height: 42px;\" width=\"33%\"><strong>del 4 al 18 de mar\u00e7<\/strong><\/td>\n<\/tr>\n<tr style=\"height: 61px;\">\n<td style=\"width: 65%; height: 61px;\" width=\"65%\">Publicaci\u00f3 de la llista de sol\u00b7licituds de preinscripci\u00f3 al centre amb la puntuaci\u00f3 provisional<\/p>\n<p><a href=\"https:\/\/agora.xtec.cat\/ceipbufala\/wp-content\/uploads\/usu1674\/2026\/03\/INFORME_BAREM_PROVISIONAL_BAREM.pdf\">INFORME_BAREM_PROVISIONAL_BAREM<\/a><\/td>\n<td style=\"width: 132.886%; height: 61px;\" width=\"33%\"><strong>15 d\u2019abril<\/strong><\/td>\n<\/tr>\n<tr style=\"height: 61px;\">\n<td style=\"width: 65%; height: 61px;\" width=\"65%\">Reclamaci\u00f3 de la puntuaci\u00f3 provisional utilitzant l\u2019eina electr\u00f2nica per adjuntar les reclamacions<\/td>\n<td style=\"width: 132.886%; height: 61px;\" width=\"33%\"><strong>del 15 al 20 d\u2019abril\u00a0<\/strong><\/td>\n<\/tr>\n<tr style=\"height: 61px;\">\n<td style=\"width: 65%; height: 43px;\" width=\"65%\">Publicaci\u00f3 de la llista de sol\u00b7licituds un cop resoltes les reclamacions<\/p>\n<p><a href=\"https:\/\/agora.xtec.cat\/ceipbufala\/wp-content\/uploads\/usu1674\/2026\/04\/INFORME_BAREM_RESOLTES_BAREM.pdf\">INFORME_BAREM_RESOLTES_BAREM<\/a><\/td>\n<td style=\"width: 132.886%; height: 43px;\" width=\"33%\"><strong>23 d&#8217;abril<\/strong><\/td>\n<\/tr>\n<tr style=\"height: 42px;\">\n<td style=\"width: 65%; height: 42px;\" width=\"65%\">Sorteig del n\u00famero de desempat<\/td>\n<td style=\"width: 132.886%; height: 42px;\" width=\"33%\"><b>28 d&#8217;abril<\/b><\/td>\n<\/tr>\n<tr style=\"height: 10px;\">\n<td style=\"width: 65%; height: 10px;\" width=\"65%\">Publicaci\u00f3 de la llista ordenada<\/td>\n<td style=\"width: 132.886%; height: 10px;\" width=\"33%\"><strong>29 d&#8217;abril<\/strong><\/td>\n<\/tr>\n<tr style=\"height: 42px;\">\n<td style=\"width: 65%; height: 42px;\" width=\"65%\">Publicaci\u00f3 de l\u2019oferta final<\/td>\n<td style=\"width: 132.886%; height: 42px;\" width=\"33%\"><strong>10 de juny<\/strong><\/td>\n<\/tr>\n<tr style=\"height: 42px;\">\n<td style=\"width: 65%; height: 17px;\" width=\"65%\">Publicaci\u00f3 de les llistes d\u2019alumnes admesos i, si escau, de la llista d\u2019espera<\/td>\n<td style=\"width: 132.886%; height: 17px;\" width=\"33%\"><strong>10 de juny<\/strong><\/td>\n<\/tr>\n<tr style=\"height: 61px;\">\n<td style=\"width: 65%; height: 61px;\" width=\"65%\">Per\u00edode de matr\u00edcula per als alumnes preinscrits amb pla\u00e7a assignada. (Cal demanar cita pr\u00e8via)<\/td>\n<td style=\"width: 132.886%; height: 61px;\" width=\"33%\"><strong>del 22 al 30 de juny<\/strong><\/td>\n<\/tr>\n<tr style=\"height: 61px;\">\n<td style=\"width: 65%; height: 61px;\" width=\"65%\">Publicaci\u00f3 de la llista d\u2019alumnes matriculats al centre procedents del proc\u00e9s de preinscripci\u00f3 i admissi\u00f3<\/td>\n<td style=\"width: 132.886%; height: 61px;\" width=\"33%\"><strong>30 de setembre<\/strong><\/td>\n<\/tr>\n<\/tbody>\n<\/table>\n<p><strong>Matr\u00edcula del curs 2026-27<\/strong><\/p>\n<p><strong>Per formalitzar la matr\u00edcula cal trucar al telf. 934651725 per sol\u00b7licitar hora.<\/strong><\/p>\n<p>Aqu\u00ed teniu la relaci\u00f3 de document necessaris per la matr\u00edcula que caldr\u00e0 fer arribar per mail a l\u2019escola: <a href=\"mailto:administracio@escolabufala.cat\">administracio@escolabufala.cat<\/a><\/p>\n<ul>\n<li>Alta plataforma de missatgeria\u00a0<strong><a href=\"https:\/\/agora.xtec.cat\/ceipbufala\/wp-content\/uploads\/usu1674\/2024\/06\/TokApp-24-25-editable.pdf\">TokApp<\/a> <\/strong>(a l\u2019enlla\u00e7 trobareu la informaci\u00f3 i les dades que cal omplir)<\/li>\n<li>Pels\/les alumnes de I3 fins a 2n aquesta <a href=\"https:\/\/agora.xtec.cat\/ceipbufala\/wp-content\/uploads\/usu1674\/2023\/02\/Autoritzacio-recollida-web.pdf\"><strong>Autoritzaci\u00f3 recollida<\/strong><\/a>, que caldr\u00e0 omplir, posar DNI i signar.<\/li>\n<li>Cal omplir i signar la <strong><a href=\"https:\/\/agora.xtec.cat\/ceipbufala\/wp-content\/uploads\/usu1674\/2024\/06\/Carta_compromis.pdf\">Carta_comprom\u00eds<\/a><\/strong><\/li>\n<li>Autoritzaci\u00f3 de\u00a0<a href=\"https:\/\/agora.xtec.cat\/ceipbufala\/wp-content\/uploads\/usu1674\/2022\/06\/drets-imatge.pdf\"><strong>drets imatge<\/strong><\/a><\/li>\n<li>Una c\u00f2pia del\u00a0<strong>carnet de vacunacions <\/strong>amb les dosis de vacunes rebudes i les dates corresponents, i una c\u00f2pia de la <strong>targeta sanit\u00e0ria<\/strong> de l\u2019alumne si no es va lliurar en la preinscripci\u00f3. Quan no es tingui el carnet de vacunacions, s&#8217;ha de presentar un certificat m\u00e8dic oficial o el carnet de salut de l&#8217;infant amb les dosis de vacuna rebudes i les dates corresponents.<\/li>\n<li>Una c\u00f2pia dels\u00a0<strong>DNI <\/strong>actualitzats dels progenitors\/es si no es va lliurar en la preinscripci\u00f3<\/li>\n<li><strong><a href=\"https:\/\/agora.xtec.cat\/ceipbufala\/wp-content\/uploads\/usu1674\/2020\/06\/Escola-Bufal%C3%A0-Domiciliaci%C3%B3-SEPA-Formulari-editable.pdf\">L\u2019Ordre de domiciliaci\u00f3 de c\u00e0rrec directe SEPA <\/a><\/strong>(omplir i signar), per girar els rebuts de les <strong><a href=\"https:\/\/agora.xtec.cat\/ceipbufala\/wp-content\/uploads\/usu1674\/2026\/02\/Informacio-aportacions-families-26-27.pdf\">aportacions a l&#8217;escola<\/a><\/strong>\u00a0per a material i sortides escolars (a l&#8217;enlla\u00e7 trobareu la informaci\u00f3)<\/li>\n<li>1 foto de l\u2019alumne mida carnet.<\/li>\n<\/ul>\n<p>Podreu contactar amb l&#8217;AFA de l&#8217;escola al mail: ampaescolabufala@gmail.com.<\/p>\n<\/div>\n<\/div>\n<\/div>\n<\/div>\n<\/section>\n<\/div>\n<\/div>\n<\/div>\n<\/div>\n<\/div>\n<\/div>\n<\/div>\n<\/div>\n<\/div>\n<\/div>\n<\/section>\n<\/div>\n<\/div>\n<\/div>\n<\/div>\n<\/div>\n<\/div>\n<\/div>\n<\/div>\n<\/div>\n<\/div>\n<\/section>\n<\/div>\n<\/div>\n<\/div>\n<\/div>\n<\/div>\n<\/div>\n<\/div>\n<\/div>\n<\/div>\n<\/div>\n<\/section>\n<\/div>\n<\/div>\n<\/div>\n<\/div>\n<\/div>\n<\/div>\n<\/form>\n<div id=\"s4-workspace\" class=\"ms-core-overlay ng-scope\">\n<div id=\"s4-bodyContainer\">\n<div id=\"contentRow\">\n<div id=\"contentBox\" role=\"main\" aria-live=\"polite\" aria-relevant=\"all\">\n<div id=\"DeltaPlaceHolderMain\">\n<div class=\"MaincontainerSH\">\n<section class=\"DretaSH\">\n<div class=\"NoticiaSH\">\n<div class=\"article article-right\">\n<div class=\"article-content\">\n<div id=\"ctl00_PlaceHolderMain_ctl05__ControlWrapper_RichHtmlField\" class=\"ms-rtestate-field\" aria-labelledby=\"ctl00_PlaceHolderMain_ctl05_label\">\n<div id=\"s4-workspace\" class=\"ms-core-overlay ng-scope\">\n<div id=\"s4-bodyContainer\">\n<div id=\"contentRow\">\n<div id=\"contentBox\" role=\"main\" aria-live=\"polite\" aria-relevant=\"all\">\n<div id=\"DeltaPlaceHolderMain\">\n<div class=\"MaincontainerSH\">\n<section class=\"DretaSH\">\n<div class=\"NoticiaSH\">\n<div class=\"article article-right\">\n<div class=\"article-content\">\n<div id=\"ctl00_PlaceHolderMain_ctl05__ControlWrapper_RichHtmlField\" class=\"ms-rtestate-field\" aria-labelledby=\"ctl00_PlaceHolderMain_ctl05_label\"><\/div>\n<\/div>\n<\/div>\n<\/div>\n<\/section>\n<\/div>\n<\/div>\n<\/div>\n<\/div>\n<\/div>\n<\/div>\n<\/div>\n<\/div>\n<\/div>\n<\/div>\n<\/section>\n<\/div>\n<\/div>\n<\/div>\n<\/div>\n<\/div>\n<\/div>\n","protected":false},"excerpt":{"rendered":"<p>Portes Obertes: Dimecres 18 de febrer de 2026<br \/>\nS&#8217;acosta la posada en marxa de la preinscripci\u00f3 per al curs vinent 2026\/27<\/p>\n<p><a href=\"https:\/\/agora.xtec.cat\/ceipbufala\/wp-content\/uploads\/usu1674\/2025\/06\/cartell_escola_bufala_portes_obertes.jpg\"><\/a><\/p>\n<p>Preinscripci\u00f3 pel curs 2026\/27 del 4 al 18 de mar\u00e7<br \/>\nLa documentaci\u00f3 per la PREINSCRIPCI\u00d3 que calgui presentar s\u2019ha d\u2019adjuntar (escanejada o fotografiada) a la sol\u00b7licitud&hellip;  <a href=\"https:\/\/agora.xtec.cat\/ceipbufala\/portada\/preinscripcio-escolar-20-21\/\" title=\"Read PREINSCRIPCI\u00d3 I MATR\u00cdCULA ESCOLAR\">Llegeix m\u00e9s\u00bb<\/a><\/p>\n","protected":false},"author":1,"featured_media":8417,"comment_status":"open","ping_status":"closed","sticky":false,"template":"","format":"standard","meta":{"_bbp_topic_count":0,"_bbp_reply_count":0,"_bbp_total_topic_count":0,"_bbp_total_reply_count":0,"_bbp_voice_count":0,"_bbp_anonymous_reply_count":0,"_bbp_topic_count_hidden":0,"_bbp_reply_count_hidden":0,"_bbp_forum_subforum_count":0,"footnotes":""},"categories":[4],"tags":[],"class_list":["post-1253","post","type-post","status-publish","format-standard","has-post-thumbnail","hentry","category-portada"],"post_mailing_queue_ids":[],"_links":{"self":[{"href":"https:\/\/agora.xtec.cat\/ceipbufala\/wp-json\/wp\/v2\/posts\/1253","targetHints":{"allow":["GET"]}}],"collection":[{"href":"https:\/\/agora.xtec.cat\/ceipbufala\/wp-json\/wp\/v2\/posts"}],"about":[{"href":"https:\/\/agora.xtec.cat\/ceipbufala\/wp-json\/wp\/v2\/types\/post"}],"author":[{"embeddable":true,"href":"https:\/\/agora.xtec.cat\/ceipbufala\/wp-json\/wp\/v2\/users\/1"}],"replies":[{"embeddable":true,"href":"https:\/\/agora.xtec.cat\/ceipbufala\/wp-json\/wp\/v2\/comments?post=1253"}],"version-history":[{"count":8,"href":"https:\/\/agora.xtec.cat\/ceipbufala\/wp-json\/wp\/v2\/posts\/1253\/revisions"}],"predecessor-version":[{"id":8706,"href":"https:\/\/agora.xtec.cat\/ceipbufala\/wp-json\/wp\/v2\/posts\/1253\/revisions\/8706"}],"wp:featuredmedia":[{"embeddable":true,"href":"https:\/\/agora.xtec.cat\/ceipbufala\/wp-json\/wp\/v2\/media\/8417"}],"wp:attachment":[{"href":"https:\/\/agora.xtec.cat\/ceipbufala\/wp-json\/wp\/v2\/media?parent=1253"}],"wp:term":[{"taxonomy":"category","embeddable":true,"href":"https:\/\/agora.xtec.cat\/ceipbufala\/wp-json\/wp\/v2\/categories?post=1253"},{"taxonomy":"post_tag","embeddable":true,"href":"https:\/\/agora.xtec.cat\/ceipbufala\/wp-json\/wp\/v2\/tags?post=1253"}],"curies":[{"name":"wp","href":"https:\/\/api.w.org\/{rel}","templated":true}]}}