{"id":1158,"date":"2020-03-16T19:03:13","date_gmt":"2020-03-16T18:03:13","guid":{"rendered":"https:\/\/agora.xtec.cat\/ceipbufala\/?p=1158"},"modified":"2020-03-16T19:26:55","modified_gmt":"2020-03-16T18:26:55","slug":"recomanacions-activitats-2n","status":"publish","type":"post","link":"https:\/\/agora.xtec.cat\/ceipbufala\/primaria\/2n\/recomanacions-activitats-2n\/","title":{"rendered":"RECOMANACIONS ACTIVITATS 2n"},"content":{"rendered":"<p>Benvolgudes fam\u00edlies i alumnes,<\/p>\n<p>En aquesta aturada per quedar-nos a casa, us proposem unes activitats i lectures.<\/p>\n<p>No son tasques obligat\u00f2ries, son recomanacions engrescadores que ens permeten mantenir-vos activats i activades per seguir el fil de l&#8217;escola!<\/p>\n<ul>\n<li>Elaboreu en un full, un horari setmanal com el que tenim a l&#8217;aula i planifiqueu en que invertireu el temps.<\/li>\n<\/ul>\n<p>En aquest horari heu de pensar en alguna d&#8217;aquestes propostes que estan classificades per \u00e0rees:<\/p>\n<p><strong>Llengua:<\/strong><\/p>\n<ul>\n<li>Posa a prova els teus coneixements sobre la llengua. Practica tot els que puguis!!\u00a0 <a style=\"font-family: inherit;font-size: 1em\" href=\"http:\/\/www.edu365.cat\/primaria\/catala\/ortografia\/index.html\">http:\/\/www.edu365.cat\/primaria\/catala\/ortografia\/index.html<\/a><\/li>\n<li>Quin \u00e9s el conte que m\u00e9s t\u2019agrada? Mira&#8217;n uns quants i escriu-lo en un full. Fes dibuixos!\u00a0 <a style=\"font-family: inherit;font-size: 1em\" href=\"https:\/\/www.ccma.cat\/tv3\/super3\/una-ma-de-contes\/\">https:\/\/www.ccma.cat\/tv3\/super3\/una-ma-de-contes\/<\/a><\/li>\n<li>Poemes de la Joana Raspall: escull-ne un i apr\u00e8n-te&#8217;l: <a style=\"font-family: inherit;font-size: 1em\" href=\"https:\/\/clic.xtec.cat\/projects\/jraspall\/jclic.js\/index.html\">https:\/\/clic.xtec.cat\/projects\/jraspall\/jclic.js\/index.html\u00a0<\/a><\/li>\n<li>Escull una situaci\u00f3, respon les preguntes i fes un conte ESBOJARRAT!! <a style=\"font-family: inherit;font-size: 1em\" href=\"http:\/\/win.memcat.org\/infantil\/contesb\/index.html\">http:\/\/win.memcat.org\/infantil\/contesb\/index.html<\/a><\/li>\n<\/ul>\n<p><strong>Matem\u00e0tiques:<\/strong><\/p>\n<p>Des d&#8217;innovamat ens envien la seg\u00fcent informaci\u00f3: <a href=\"https:\/\/agora.xtec.cat\/ceipbufala\/wp-content\/uploads\/usu1674\/2020\/03\/Comunicaci\u00f3-fam\u00edlies.pdf\">Comunicaci\u00f3 fam\u00edlies<\/a><\/p>\n<p>Practiqueu amb la plataforma BMATH! T&#8217;ho passar\u00e0s pipa!<\/p>\n<p><strong>Medi:<\/strong><\/p>\n<ul>\n<li>Practica<span style=\"font-family: inherit\"><span style=\"font-size: 1em\"> el cos hum\u00e0 JCLIC : <\/span><\/span><a style=\"font-family: inherit;font-size: 1em\" href=\"https:\/\/clic.xtec.cat\/projects\/coshuma\/jclic.js\/index.html\">https:\/\/clic.xtec.cat\/projects\/coshuma\/jclic.js\/index.html<\/a><\/li>\n<li>Fes llistes amb animals, per exemple amb els animals del CRAM o b\u00e9 amb animals que coneguis: r\u00e8ptils, amfibis, animals del pol nord o del pol sud o animals preferits. exemple: <a href=\"https:\/\/cram.org\/ca\/cataleg-especies\/\">https:\/\/cram.org\/ca\/cataleg-especies\/<\/a> i consulta la vikipedia, un per un, quin \u00e9s l\u2019estat de conservaci\u00f3 d\u2019aquestes esp\u00e8cies; estan en risc m\u00ednim o estan amena\u00e7ades?<\/li>\n<li>Vols con\u00e8ixer els insectes de la serralada de Marina i les seves papallones? Est\u00e0 molt a prop de Badalona\n<ul>\n<li><a href=\"https:\/\/parcs.diba.cat\/documents\/193969\/16199221\/InsectesParcSerraladaMarina.pdf\/99d9fc53-7910-45af-8b97-1ab4e48652b0\">https:\/\/parcs.diba.cat\/documents\/193969\/16199221\/InsectesParcSerraladaMarina.pdf\/99d9fc53-7910-45af-8b97-1ab4e48652b0<\/a><\/li>\n<\/ul>\n<\/li>\n<\/ul>\n<ul>\n<li>Des de m\u00fasica, en Roberto recomana que mireu aquest video: <a href=\"https:\/\/www.youtube.com\/watch?v=jkjhF0TRxE4&amp;t=18s\">https:\/\/www.youtube.com\/watch?v=jkjhF0TRxE4&amp;t=18s\u00a0<\/a> Ho identifiqueu?<\/li>\n<\/ul>\n<p>RECULL TOT EL QUE FACIS. QUAN TORNEM FAREM UNA EXPOSICI\u00d3!<\/p>\n<p>Aprofiteu per llegir, fer manualitats, relaxar-vos, ordenar, cuidar l&#8217;entorn i les persones que estimes!<\/p>\n<p>Ens veiem molt aviat!!<\/p>\n<p>&nbsp;<\/p>\n","protected":false},"excerpt":{"rendered":"<p>Benvolgudes fam\u00edlies i alumnes,<br \/>\nEn aquesta aturada per quedar-nos a casa, us proposem unes activitats i lectures.<br \/>\nNo son tasques obligat\u00f2ries, son recomanacions engrescadores que ens permeten mantenir-vos activats i activades per seguir el fil de l&#8217;escola!<\/p>\n<ul>\n<li>Elaboreu en un full, un horari setmanal com el que tenim&hellip;  <a href=\"https:\/\/agora.xtec.cat\/ceipbufala\/primaria\/2n\/recomanacions-activitats-2n\/\" title=\"Read RECOMANACIONS ACTIVITATS 2n\">Llegeix m\u00e9s\u00bb<\/a><br \/>\n","protected":false},"author":1,"featured_media":1078,"comment_status":"open","ping_status":"closed","sticky":false,"template":"","format":"standard","meta":{"_bbp_topic_count":0,"_bbp_reply_count":0,"_bbp_total_topic_count":0,"_bbp_total_reply_count":0,"_bbp_voice_count":0,"_bbp_anonymous_reply_count":0,"_bbp_topic_count_hidden":0,"_bbp_reply_count_hidden":0,"_bbp_forum_subforum_count":0,"footnotes":""},"categories":[11],"tags":[],"class_list":["post-1158","post","type-post","status-publish","format-standard","has-post-thumbnail","hentry","category-2n"],"post_mailing_queue_ids":[],"_links":{"self":[{"href":"https:\/\/agora.xtec.cat\/ceipbufala\/wp-json\/wp\/v2\/posts\/1158","targetHints":{"allow":["GET"]}}],"collection":[{"href":"https:\/\/agora.xtec.cat\/ceipbufala\/wp-json\/wp\/v2\/posts"}],"about":[{"href":"https:\/\/agora.xtec.cat\/ceipbufala\/wp-json\/wp\/v2\/types\/post"}],"author":[{"embeddable":true,"href":"https:\/\/agora.xtec.cat\/ceipbufala\/wp-json\/wp\/v2\/users\/1"}],"replies":[{"embeddable":true,"href":"https:\/\/agora.xtec.cat\/ceipbufala\/wp-json\/wp\/v2\/comments?post=1158"}],"version-history":[{"count":3,"href":"https:\/\/agora.xtec.cat\/ceipbufala\/wp-json\/wp\/v2\/posts\/1158\/revisions"}],"predecessor-version":[{"id":1165,"href":"https:\/\/agora.xtec.cat\/ceipbufala\/wp-json\/wp\/v2\/posts\/1158\/revisions\/1165"}],"wp:featuredmedia":[{"embeddable":true,"href":"https:\/\/agora.xtec.cat\/ceipbufala\/wp-json\/wp\/v2\/media\/1078"}],"wp:attachment":[{"href":"https:\/\/agora.xtec.cat\/ceipbufala\/wp-json\/wp\/v2\/media?parent=1158"}],"wp:term":[{"taxonomy":"category","embeddable":true,"href":"https:\/\/agora.xtec.cat\/ceipbufala\/wp-json\/wp\/v2\/categories?post=1158"},{"taxonomy":"post_tag","embeddable":true,"href":"https:\/\/agora.xtec.cat\/ceipbufala\/wp-json\/wp\/v2\/tags?post=1158"}],"curies":[{"name":"wp","href":"https:\/\/api.w.org\/{rel}","templated":true}]}}