{"id":1148,"date":"2020-03-16T15:37:14","date_gmt":"2020-03-16T14:37:14","guid":{"rendered":"https:\/\/agora.xtec.cat\/ceipbufala\/?p=1148"},"modified":"2020-03-16T17:17:25","modified_gmt":"2020-03-16T16:17:25","slug":"recomanacions-activitats-5e","status":"publish","type":"post","link":"https:\/\/agora.xtec.cat\/ceipbufala\/primaria\/recomanacions-activitats-5e\/","title":{"rendered":"RECOMANACIONS ACTIVITATS 5\u00e8"},"content":{"rendered":"<p>Benvolgudes fam\u00edlies de 5\u00e8,<\/p>\n<p>Esperem que la &#8220;quarantena&#8221; estigui anant b\u00e9.<\/p>\n<p>Us passem un seguit de propostes per a que els vostres fills i filles puguin seguir amb la seva formaci\u00f3 acad\u00e8mica.<\/p>\n<p>S\u00f3n recomanacions i en cap cas s\u00f3n deures obligatoris, per\u00f2 aconsellem que ho facin perqu\u00e8 \u00e9s massa temps d&#8217;oci.<\/p>\n<ul>\n<li>Repassar les can\u00e7ons i els gestos de la Cant\u00e0nia. Aqu\u00ed us deixem els links per accedir a la llista de reproducci\u00f3 i als moviments esc\u00e8nics d&#8217;aquesta.<\/li>\n<li><a href=\"https:\/\/www.youtube.com\/playlist?list=PLtlmtT5fn4zGNlpMWU78yC7elLV5CDk6N\">https:\/\/www.youtube.com\/playlist?list=PLtlmtT5fn4zGNlpMWU78yC7elLV5CDk6N<\/a><\/li>\n<li><a href=\"https:\/\/www.youtube.com\/watch?v=mOgk5U5MZP4&amp;list=PL3rxKi1dC2D9Q4g_ADOsXrqpKSmk6mZRS\">https:\/\/www.youtube.com\/watch?v=mOgk5U5MZP4&amp;list=PL3rxKi1dC2D9Q4g_ADOsXrqpKSmk6mZRS<\/a><\/li>\n<li>Fer un diari del seu dia a dia. Podem fer cada dia en una llengua diferent, catal\u00e0, castell\u00e0 i\/o angl\u00e8s.<\/li>\n<li>Entrar al web del club Super3 i accedir als experiments din\u00e0mics, fer algun d&#8217;aquests i fer un document amb el nom de l&#8217;experiment, fotografia, resultat,&#8230;\u00a0<a href=\"https:\/\/www.ccma.cat\/tv3\/super3\/dinamiks\/\">https:\/\/www.ccma.cat\/tv3\/super3\/dinamiks\/<\/a><\/li>\n<li>Accedir als exercicis del web edu365 i fer les activitats adequades de 5\u00e8.. <a href=\"http:\/\/www.edu365.cat\/\">http:\/\/www.edu365.cat\/<\/a><\/li>\n<\/ul>\n<p>Estem en contacte. Moltes gr\u00e0cies,<\/p>\n<p>Les mestres de 5\u00e8.<\/p>\n","protected":false},"excerpt":{"rendered":"<p>Recomanacions d&#8217;activitats pels alumnes de 5\u00e8&hellip;  <a href=\"https:\/\/agora.xtec.cat\/ceipbufala\/primaria\/recomanacions-activitats-5e\/\" title=\"Read RECOMANACIONS ACTIVITATS 5\u00e8\">Llegeix m\u00e9s\u00bb<\/a><\/p>\n","protected":false},"author":1,"featured_media":0,"comment_status":"open","ping_status":"closed","sticky":false,"template":"","format":"standard","meta":{"_bbp_topic_count":0,"_bbp_reply_count":0,"_bbp_total_topic_count":0,"_bbp_total_reply_count":0,"_bbp_voice_count":0,"_bbp_anonymous_reply_count":0,"_bbp_topic_count_hidden":0,"_bbp_reply_count_hidden":0,"_bbp_forum_subforum_count":0,"footnotes":""},"categories":[14,5],"tags":[],"class_list":["post-1148","post","type-post","status-publish","format-standard","hentry","category-5e","category-primaria"],"post_mailing_queue_ids":[],"_links":{"self":[{"href":"https:\/\/agora.xtec.cat\/ceipbufala\/wp-json\/wp\/v2\/posts\/1148","targetHints":{"allow":["GET"]}}],"collection":[{"href":"https:\/\/agora.xtec.cat\/ceipbufala\/wp-json\/wp\/v2\/posts"}],"about":[{"href":"https:\/\/agora.xtec.cat\/ceipbufala\/wp-json\/wp\/v2\/types\/post"}],"author":[{"embeddable":true,"href":"https:\/\/agora.xtec.cat\/ceipbufala\/wp-json\/wp\/v2\/users\/1"}],"replies":[{"embeddable":true,"href":"https:\/\/agora.xtec.cat\/ceipbufala\/wp-json\/wp\/v2\/comments?post=1148"}],"version-history":[{"count":3,"href":"https:\/\/agora.xtec.cat\/ceipbufala\/wp-json\/wp\/v2\/posts\/1148\/revisions"}],"predecessor-version":[{"id":1154,"href":"https:\/\/agora.xtec.cat\/ceipbufala\/wp-json\/wp\/v2\/posts\/1148\/revisions\/1154"}],"wp:attachment":[{"href":"https:\/\/agora.xtec.cat\/ceipbufala\/wp-json\/wp\/v2\/media?parent=1148"}],"wp:term":[{"taxonomy":"category","embeddable":true,"href":"https:\/\/agora.xtec.cat\/ceipbufala\/wp-json\/wp\/v2\/categories?post=1148"},{"taxonomy":"post_tag","embeddable":true,"href":"https:\/\/agora.xtec.cat\/ceipbufala\/wp-json\/wp\/v2\/tags?post=1148"}],"curies":[{"name":"wp","href":"https:\/\/api.w.org\/{rel}","templated":true}]}}