{"id":3391,"date":"2026-02-05T15:39:22","date_gmt":"2026-02-05T14:39:22","guid":{"rendered":"https:\/\/agora.xtec.cat\/ceipbriudemeia\/?p=3391"},"modified":"2026-02-20T15:06:35","modified_gmt":"2026-02-20T14:06:35","slug":"educacio-primaria","status":"publish","type":"post","link":"https:\/\/agora.xtec.cat\/ceipbriudemeia\/general\/educacio-primaria\/","title":{"rendered":"Educaci\u00f3 Prim\u00e0ria"},"content":{"rendered":"\n<h4 class=\"wp-block-heading\">Aprenentatges<\/h4>\n\n\n\n<ul class=\"wp-block-list\">\n<li>Aprenentatge competencial i cooperatiu<\/li>\n\n\n\n<li>L\u2019 alumne com a centre de l\u2019aprenentatge<\/li>\n\n\n\n<li>Din\u00e0miques de grup<\/li>\n<\/ul>\n\n\n\n<h4 class=\"wp-block-heading\">Compet\u00e8ncia digital<\/h4>\n\n\n\n<ul class=\"wp-block-list\">\n<li>La compet\u00e8ncia digital es treballa com una compet\u00e8ncia clau transversal, integrada en totes les \u00e0rees i mat\u00e8ries per desenvolupar-la de forma seq\u00fcencial i gradual al llarg de l&#8217;escolaritzaci\u00f3.<\/li>\n<\/ul>\n\n\n\n<h4 class=\"wp-block-heading\">Lectura intergeneracional<\/h4>\n\n\n\n<ul class=\"wp-block-list\">\n<li>L&#8217;alumnat de 3r fa una sessi\u00f3 setmanal de lectura durant tot el curs al Casal d&#8217;avis d&#8217;Argentona amb &#8220;avis i \u00e0vies&#8221; voluntaris\/es. <\/li>\n<\/ul>\n\n\n\n<h4 class=\"wp-block-heading\">Apadrinament lector i digital<\/h4>\n\n\n\n<ul class=\"wp-block-list\">\n<li>L&#8217;alumnat de 1r far\u00e0 una sessi\u00f3 setmanal de lectura o per desenvolupar la compet\u00e8ncia digital amb els seus padrins\/es  5\u00e8. L&#8217;alumnat de  2n far\u00e0 el mateix amb l&#8217;alumnat de 6\u00e8. Per tant, aquest apadrinament dura dos anys.<\/li>\n<\/ul>\n\n\n\n<h4 class=\"wp-block-heading\">Treballem els valors de forma transversal<\/h4>\n\n\n\n<ul class=\"wp-block-list\"><\/ul>\n\n\n\n<ul class=\"wp-block-list\"><\/ul>\n\n\n\n<ul class=\"wp-block-list\">\n<li>A part de les sessions on es treballa l&#8217;educaci\u00f3 en valors tamb\u00e9 es treballen en totes les \u00e0rees. A 6\u00e8 fan una sessi\u00f3 setmana de Ciutadania.<\/li>\n\n\n\n<li>L&#8217;\u00e0rea de religi\u00f3 \u00e9s optativa a l&#8217;etapa de Prim\u00e0ria.<\/li>\n<\/ul>\n\n\n\n<h4 class=\"wp-block-heading\">Concurs LEGO<\/h4>\n\n\n\n<ul class=\"wp-block-list\">\n<li>L&#8217;alumnat de 3r participa en el projecte de poble en el que a partir d&#8217;un tema han de crear en grups maquetes amb peces LEGO<\/li>\n<\/ul>\n\n\n\n<h4 class=\"wp-block-heading\">Jornades Esportives<\/h4>\n\n\n\n<ul class=\"wp-block-list\">\n<li>L&#8217;alumnat de 1r, 3r i 5\u00e8 realitzen conjuntament amb l&#8217;alumnat de les altres escoles d&#8217;Argentona una jornada esportiva dins de l&#8217;\u00e0rea d&#8217;Educaci\u00f3 F\u00edsica.<\/li>\n<\/ul>\n\n\n\n<h4 class=\"wp-block-heading\">Intercanvis curriculars amb alumnat de l\u2019institut (Seminari de ci\u00e8ncies)<\/h4>\n\n\n\n<ul class=\"wp-block-list\">\n<li>L&#8217;alumnat de Cicle Superior realitzen diversos tallers condu\u00efts per alumnat de l&#8217;Institut d&#8217;Argentona. <\/li>\n<\/ul>\n\n\n\n<ul class=\"wp-block-list\"><\/ul>\n\n\n\n<ul class=\"wp-block-list\"><\/ul>\n\n\n\n<h4 class=\"wp-block-heading\">English<\/h4>\n\n\n\n<ul class=\"wp-block-list\">\n<li>Es fa una sessi\u00f3 setmanal amb tot el grup i una amb mig grup.<\/li>\n\n\n\n<li>A Cicle Inicial l&#8217;alumat van a veure una obra de teatre en angl\u00e8s i a Cicle Mitj\u00e0 i Superior van a veure dues pel\u00b7l\u00edcules en angl\u00e8s.<\/li>\n\n\n\n<li>Tamb\u00e9 es fa una sessi\u00f3 de Medi en angl\u00e8s en la que es treballen continguts de medi social i natural.<\/li>\n\n\n\n<li>Una vegada durant el curs es celebra l&#8217;English Day en el que tot l&#8217;alumnat de l&#8217;escola participa en diverses activitats en angl\u00e8s (contes, gimcana de jocs,  tallers, pel\u00b7l\u00edcula,&#8230;).<\/li>\n<\/ul>\n\n\n\n<h4 class=\"wp-block-heading\">Avaluaci\u00f3<\/h4>\n\n\n\n<ul class=\"wp-block-list\">\n<li>Durant el curs s&#8217;entreguen a les fam\u00edlies 3 informes, un al final de cada trimestre.<\/li>\n\n\n\n<li>L&#8217;alumnat tamb\u00e9 fa una autoavaluaci\u00f3 al final del primer i del tercer trimestre.<\/li>\n<\/ul>\n\n\n\n<ul class=\"wp-block-list\"><\/ul>\n\n\n\n<p><\/p>\n","protected":false},"excerpt":{"rendered":"<p>Aprenentatges Compet\u00e8ncia digital Lectura intergeneracional Apadrinament lector i digital Treballem els valors de forma transversal Concurs LEGO Jornades Esportives Intercanvis curriculars amb alumnat de l\u2019institut (Seminari de ci\u00e8ncies) English Avaluaci\u00f3<\/p>\n","protected":false},"author":1,"featured_media":0,"comment_status":"open","ping_status":"open","sticky":false,"template":"","format":"standard","meta":{"_bbp_topic_count":0,"_bbp_reply_count":0,"_bbp_total_topic_count":0,"_bbp_total_reply_count":0,"_bbp_voice_count":0,"_bbp_anonymous_reply_count":0,"_bbp_topic_count_hidden":0,"_bbp_reply_count_hidden":0,"_bbp_forum_subforum_count":0,"site-sidebar-layout":"default","site-content-layout":"","ast-site-content-layout":"default","site-content-style":"default","site-sidebar-style":"default","ast-global-header-display":"","ast-banner-title-visibility":"","ast-main-header-display":"","ast-hfb-above-header-display":"","ast-hfb-below-header-display":"","ast-hfb-mobile-header-display":"","site-post-title":"","ast-breadcrumbs-content":"","ast-featured-img":"","footer-sml-layout":"","theme-transparent-header-meta":"","adv-header-id-meta":"","stick-header-meta":"","header-above-stick-meta":"","header-main-stick-meta":"","header-below-stick-meta":"","astra-migrate-meta-layouts":"set","ast-page-background-enabled":"default","ast-page-background-meta":{"desktop":{"background-color":"var(--ast-global-color-4)","background-image":"","background-repeat":"repeat","background-position":"center center","background-size":"auto","background-attachment":"scroll","background-type":"","background-media":"","overlay-type":"","overlay-color":"","overlay-opacity":"","overlay-gradient":""},"tablet":{"background-color":"","background-image":"","background-repeat":"repeat","background-position":"center center","background-size":"auto","background-attachment":"scroll","background-type":"","background-media":"","overlay-type":"","overlay-color":"","overlay-opacity":"","overlay-gradient":""},"mobile":{"background-color":"","background-image":"","background-repeat":"repeat","background-position":"center center","background-size":"auto","background-attachment":"scroll","background-type":"","background-media":"","overlay-type":"","overlay-color":"","overlay-opacity":"","overlay-gradient":""}},"ast-content-background-meta":{"desktop":{"background-color":"var(--ast-global-color-5)","background-image":"","background-repeat":"repeat","background-position":"center center","background-size":"auto","background-attachment":"scroll","background-type":"","background-media":"","overlay-type":"","overlay-color":"","overlay-opacity":"","overlay-gradient":""},"tablet":{"background-color":"var(--ast-global-color-5)","background-image":"","background-repeat":"repeat","background-position":"center center","background-size":"auto","background-attachment":"scroll","background-type":"","background-media":"","overlay-type":"","overlay-color":"","overlay-opacity":"","overlay-gradient":""},"mobile":{"background-color":"var(--ast-global-color-5)","background-image":"","background-repeat":"repeat","background-position":"center center","background-size":"auto","background-attachment":"scroll","background-type":"","background-media":"","overlay-type":"","overlay-color":"","overlay-opacity":"","overlay-gradient":""}},"footnotes":""},"categories":[1],"tags":[],"class_list":["post-3391","post","type-post","status-publish","format-standard","hentry","category-general"],"post_mailing_queue_ids":[],"_links":{"self":[{"href":"https:\/\/agora.xtec.cat\/ceipbriudemeia\/wp-json\/wp\/v2\/posts\/3391","targetHints":{"allow":["GET"]}}],"collection":[{"href":"https:\/\/agora.xtec.cat\/ceipbriudemeia\/wp-json\/wp\/v2\/posts"}],"about":[{"href":"https:\/\/agora.xtec.cat\/ceipbriudemeia\/wp-json\/wp\/v2\/types\/post"}],"author":[{"embeddable":true,"href":"https:\/\/agora.xtec.cat\/ceipbriudemeia\/wp-json\/wp\/v2\/users\/1"}],"replies":[{"embeddable":true,"href":"https:\/\/agora.xtec.cat\/ceipbriudemeia\/wp-json\/wp\/v2\/comments?post=3391"}],"version-history":[{"count":6,"href":"https:\/\/agora.xtec.cat\/ceipbriudemeia\/wp-json\/wp\/v2\/posts\/3391\/revisions"}],"predecessor-version":[{"id":3427,"href":"https:\/\/agora.xtec.cat\/ceipbriudemeia\/wp-json\/wp\/v2\/posts\/3391\/revisions\/3427"}],"wp:attachment":[{"href":"https:\/\/agora.xtec.cat\/ceipbriudemeia\/wp-json\/wp\/v2\/media?parent=3391"}],"wp:term":[{"taxonomy":"category","embeddable":true,"href":"https:\/\/agora.xtec.cat\/ceipbriudemeia\/wp-json\/wp\/v2\/categories?post=3391"},{"taxonomy":"post_tag","embeddable":true,"href":"https:\/\/agora.xtec.cat\/ceipbriudemeia\/wp-json\/wp\/v2\/tags?post=3391"}],"curies":[{"name":"wp","href":"https:\/\/api.w.org\/{rel}","templated":true}]}}