{"id":9441,"date":"2025-12-17T12:57:24","date_gmt":"2025-12-17T11:57:24","guid":{"rendered":"https:\/\/agora.xtec.cat\/ceipberti\/?p=9441"},"modified":"2025-12-17T12:57:24","modified_gmt":"2025-12-17T11:57:24","slug":"programacio-del-concert-de-nadal-2025","status":"publish","type":"post","link":"https:\/\/agora.xtec.cat\/ceipberti\/general\/programacio-del-concert-de-nadal-2025\/","title":{"rendered":"PROGRAMACI\u00d3 DEL CONCERT DE NADAL 2025"},"content":{"rendered":"<p>Benvolgudes fam\u00edlies,<\/p>\n<p>Ens complau convidar-vos al concert de Nadal d&#8217;aquest any. A continuaci\u00f3 trobareu la programaci\u00f3 amb totes les can\u00e7ons que interpretaran els nostres alumnes.<\/p>\n<p><img loading=\"lazy\" decoding=\"async\" class=\"aligncenter wp-image-9443 size-large\" src=\"https:\/\/agora.xtec.cat\/ceipberti\/wp-content\/uploads\/usu199\/2025\/12\/Concert-Nadal-724x1024.jpg\" alt=\"\" width=\"724\" height=\"1024\" srcset=\"https:\/\/agora.xtec.cat\/ceipberti\/wp-content\/uploads\/usu199\/2025\/12\/Concert-Nadal-724x1024.jpg 724w, https:\/\/agora.xtec.cat\/ceipberti\/wp-content\/uploads\/usu199\/2025\/12\/Concert-Nadal-212x300.jpg 212w, https:\/\/agora.xtec.cat\/ceipberti\/wp-content\/uploads\/usu199\/2025\/12\/Concert-Nadal-768x1086.jpg 768w, https:\/\/agora.xtec.cat\/ceipberti\/wp-content\/uploads\/usu199\/2025\/12\/Concert-Nadal-1086x1536.jpg 1086w, https:\/\/agora.xtec.cat\/ceipberti\/wp-content\/uploads\/usu199\/2025\/12\/Concert-Nadal.jpg 1241w\" sizes=\"auto, (max-width: 724px) 100vw, 724px\" \/><br \/>\nRecordeu que els concerts seran a la tarda del dimecres dia 17 de desembre cicle de petits i 1r, i del dijous dia 18 de desembre de 15:15 h a les 16:15 h, 2n, 3r i cicle de grans a la pista exterior de l&#8217;escola. En cas de pluja, s&#8217;anul\u00b7lar\u00e0 l&#8217;activitat.<\/p>\n<p>Per organitzaci\u00f3 entrareu i sortireu per la porta del pati gran.<\/p>\n<p>Us demanem que tingueu en compte que les imatges enregistrades del concert podran ser utilitzades \u00fanicament i exclusivament de forma personal i dom\u00e8stica.<\/p>\n<p><strong>No es poden publicar o difondre aquest tipus de dades a Internet, xarxes, blogs, etc., tret que hagin obtingut el consentiment de tots aquells que apareixen a la gravaci\u00f3 o, si s\u00f3n menors de 14 anys, dels pares o tutors legals.<\/strong><\/p>\n<p>Salutacions<\/p>\n<p>&nbsp;<\/p>\n<p style=\"text-align: right;\">Comissi\u00f3 mixta de festes Bert\u00ed-AFA<\/p>\n<p><!--a=1--><!--a=1--><\/p>\n","protected":false},"excerpt":{"rendered":"<p>Benvolgudes fam\u00edlies, Ens complau convidar-vos al concert de Nadal d&#8217;aquest any. A continuaci\u00f3 trobareu la programaci\u00f3 amb totes les can\u00e7ons que interpretaran els nostres alumnes. Recordeu que els concerts seran a la tarda del dimecres dia 17 de desembre cicle de petits i 1r, i del dijous dia 18 de desembre de 15:15 h a [&hellip;]<\/p>\n","protected":false},"author":1,"featured_media":0,"comment_status":"open","ping_status":"open","sticky":false,"template":"","format":"standard","meta":{"_bbp_topic_count":0,"_bbp_reply_count":0,"_bbp_total_topic_count":0,"_bbp_total_reply_count":0,"_bbp_voice_count":0,"_bbp_anonymous_reply_count":0,"_bbp_topic_count_hidden":0,"_bbp_reply_count_hidden":0,"_bbp_forum_subforum_count":0,"site-sidebar-layout":"default","site-content-layout":"","ast-site-content-layout":"default","site-content-style":"default","site-sidebar-style":"default","ast-global-header-display":"","ast-banner-title-visibility":"","ast-main-header-display":"","ast-hfb-above-header-display":"","ast-hfb-below-header-display":"","ast-hfb-mobile-header-display":"","site-post-title":"","ast-breadcrumbs-content":"","ast-featured-img":"","footer-sml-layout":"","theme-transparent-header-meta":"default","adv-header-id-meta":"","stick-header-meta":"","header-above-stick-meta":"","header-main-stick-meta":"","header-below-stick-meta":"","astra-migrate-meta-layouts":"set","ast-page-background-enabled":"default","ast-page-background-meta":{"desktop":{"background-color":"var(--ast-global-color-4)","background-image":"","background-repeat":"repeat","background-position":"center center","background-size":"auto","background-attachment":"scroll","background-type":"","background-media":"","overlay-type":"","overlay-color":"","overlay-opacity":"","overlay-gradient":""},"tablet":{"background-color":"","background-image":"","background-repeat":"repeat","background-position":"center center","background-size":"auto","background-attachment":"scroll","background-type":"","background-media":"","overlay-type":"","overlay-color":"","overlay-opacity":"","overlay-gradient":""},"mobile":{"background-color":"","background-image":"","background-repeat":"repeat","background-position":"center center","background-size":"auto","background-attachment":"scroll","background-type":"","background-media":"","overlay-type":"","overlay-color":"","overlay-opacity":"","overlay-gradient":""}},"ast-content-background-meta":{"desktop":{"background-color":"var(--ast-global-color-5)","background-image":"","background-repeat":"repeat","background-position":"center center","background-size":"auto","background-attachment":"scroll","background-type":"","background-media":"","overlay-type":"","overlay-color":"","overlay-opacity":"","overlay-gradient":""},"tablet":{"background-color":"var(--ast-global-color-5)","background-image":"","background-repeat":"repeat","background-position":"center center","background-size":"auto","background-attachment":"scroll","background-type":"","background-media":"","overlay-type":"","overlay-color":"","overlay-opacity":"","overlay-gradient":""},"mobile":{"background-color":"var(--ast-global-color-5)","background-image":"","background-repeat":"repeat","background-position":"center center","background-size":"auto","background-attachment":"scroll","background-type":"","background-media":"","overlay-type":"","overlay-color":"","overlay-opacity":"","overlay-gradient":""}},"footnotes":""},"categories":[1],"tags":[],"class_list":["post-9441","post","type-post","status-publish","format-standard","hentry","category-general"],"post_mailing_queue_ids":[],"_links":{"self":[{"href":"https:\/\/agora.xtec.cat\/ceipberti\/wp-json\/wp\/v2\/posts\/9441","targetHints":{"allow":["GET"]}}],"collection":[{"href":"https:\/\/agora.xtec.cat\/ceipberti\/wp-json\/wp\/v2\/posts"}],"about":[{"href":"https:\/\/agora.xtec.cat\/ceipberti\/wp-json\/wp\/v2\/types\/post"}],"author":[{"embeddable":true,"href":"https:\/\/agora.xtec.cat\/ceipberti\/wp-json\/wp\/v2\/users\/1"}],"replies":[{"embeddable":true,"href":"https:\/\/agora.xtec.cat\/ceipberti\/wp-json\/wp\/v2\/comments?post=9441"}],"version-history":[{"count":1,"href":"https:\/\/agora.xtec.cat\/ceipberti\/wp-json\/wp\/v2\/posts\/9441\/revisions"}],"predecessor-version":[{"id":9444,"href":"https:\/\/agora.xtec.cat\/ceipberti\/wp-json\/wp\/v2\/posts\/9441\/revisions\/9444"}],"wp:attachment":[{"href":"https:\/\/agora.xtec.cat\/ceipberti\/wp-json\/wp\/v2\/media?parent=9441"}],"wp:term":[{"taxonomy":"category","embeddable":true,"href":"https:\/\/agora.xtec.cat\/ceipberti\/wp-json\/wp\/v2\/categories?post=9441"},{"taxonomy":"post_tag","embeddable":true,"href":"https:\/\/agora.xtec.cat\/ceipberti\/wp-json\/wp\/v2\/tags?post=9441"}],"curies":[{"name":"wp","href":"https:\/\/api.w.org\/{rel}","templated":true}]}}