{"id":9388,"date":"2025-11-10T09:26:59","date_gmt":"2025-11-10T08:26:59","guid":{"rendered":"https:\/\/agora.xtec.cat\/ceipberti\/?p=9388"},"modified":"2025-11-10T10:25:32","modified_gmt":"2025-11-10T09:25:32","slug":"eleccions-consell-escolar-2025","status":"publish","type":"post","link":"https:\/\/agora.xtec.cat\/ceipberti\/general\/eleccions-consell-escolar-2025\/","title":{"rendered":"Eleccions Consell Escolar 2025"},"content":{"rendered":"<p>Benvolgudes fam\u00edlies,<\/p>\n<p>S&#8217;inicia el per\u00edode de <strong>renovar<\/strong> una part dels representants del <strong>Consell Escolar<\/strong>: fam\u00edlies, mestres i personal administratiu. El Consell Escolar \u00e9s un \u00f2rgan clau que fomenta la participaci\u00f3 de tota la comunitat educativa en la presa de decisions importants.<\/p>\n<p>Us animem a presentar la vostra candidatura! La vostra implicaci\u00f3 permet construir una escola m\u00e9s oberta, democr\u00e0tica i participativa.<\/p>\n<p>Podeu presentar les vostres candidatures fins a l&#8217;11<strong>\u00a0de novembre<\/strong> a la secretaria del centre.<\/p>\n<p>&nbsp;<\/p>\n<p>Us adjuntem el <a href=\"https:\/\/agora.xtec.cat\/ceipberti\/wp-content\/uploads\/usu199\/2025\/11\/file_680_38744.pdf\" target=\"_blank\" rel=\"noopener\">calendari<\/a> del proc\u00e9s electoral.<\/p>\n<p><img loading=\"lazy\" decoding=\"async\" class=\"aligncenter size-full wp-image-9391\" src=\"https:\/\/agora.xtec.cat\/ceipberti\/wp-content\/uploads\/usu199\/2025\/11\/file_680_38743_page-0001-scaled.jpg\" alt=\"\" width=\"1024\" height=\"2560\" srcset=\"https:\/\/agora.xtec.cat\/ceipberti\/wp-content\/uploads\/usu199\/2025\/11\/file_680_38743_page-0001-scaled.jpg 1024w, https:\/\/agora.xtec.cat\/ceipberti\/wp-content\/uploads\/usu199\/2025\/11\/file_680_38743_page-0001-120x300.jpg 120w, https:\/\/agora.xtec.cat\/ceipberti\/wp-content\/uploads\/usu199\/2025\/11\/file_680_38743_page-0001-410x1024.jpg 410w, https:\/\/agora.xtec.cat\/ceipberti\/wp-content\/uploads\/usu199\/2025\/11\/file_680_38743_page-0001-768x1920.jpg 768w, https:\/\/agora.xtec.cat\/ceipberti\/wp-content\/uploads\/usu199\/2025\/11\/file_680_38743_page-0001-614x1536.jpg 614w, https:\/\/agora.xtec.cat\/ceipberti\/wp-content\/uploads\/usu199\/2025\/11\/file_680_38743_page-0001-819x2048.jpg 819w\" sizes=\"auto, (max-width: 1024px) 100vw, 1024px\" \/><\/p>\n<p>Si teniu dubtes, podeu contactar amb la secretaria del centre.<\/p>\n<p>&nbsp;<\/p>\n<p>Animeu-vos! La vostra veu \u00e9s molt important.<\/p>\n<p><!--a=1--><\/p>\n<p><!--a=1--><\/p>\n<p><!--a=1--><\/p>\n<p><!--a=1--><\/p>\n<p><!--a=1--><\/p>\n","protected":false},"excerpt":{"rendered":"<p>Benvolgudes fam\u00edlies, S&#8217;inicia el per\u00edode de renovar una part dels representants del Consell Escolar: fam\u00edlies, mestres i personal administratiu. El Consell Escolar \u00e9s un \u00f2rgan clau que fomenta la participaci\u00f3 de tota la comunitat educativa en la presa de decisions importants. Us animem a presentar la vostra candidatura! La vostra implicaci\u00f3 permet construir una escola [&hellip;]<\/p>\n","protected":false},"author":1,"featured_media":0,"comment_status":"open","ping_status":"open","sticky":false,"template":"","format":"standard","meta":{"_bbp_topic_count":0,"_bbp_reply_count":0,"_bbp_total_topic_count":0,"_bbp_total_reply_count":0,"_bbp_voice_count":0,"_bbp_anonymous_reply_count":0,"_bbp_topic_count_hidden":0,"_bbp_reply_count_hidden":0,"_bbp_forum_subforum_count":0,"site-sidebar-layout":"default","site-content-layout":"","ast-site-content-layout":"full-width-container","site-content-style":"default","site-sidebar-style":"default","ast-global-header-display":"","ast-banner-title-visibility":"","ast-main-header-display":"","ast-hfb-above-header-display":"","ast-hfb-below-header-display":"","ast-hfb-mobile-header-display":"","site-post-title":"","ast-breadcrumbs-content":"","ast-featured-img":"","footer-sml-layout":"","theme-transparent-header-meta":"default","adv-header-id-meta":"","stick-header-meta":"","header-above-stick-meta":"","header-main-stick-meta":"","header-below-stick-meta":"","astra-migrate-meta-layouts":"set","ast-page-background-enabled":"default","ast-page-background-meta":{"desktop":{"background-color":"var(--ast-global-color-4)","background-image":"","background-repeat":"repeat","background-position":"center center","background-size":"auto","background-attachment":"scroll","background-type":"","background-media":"","overlay-type":"","overlay-color":"","overlay-opacity":"","overlay-gradient":""},"tablet":{"background-color":"","background-image":"","background-repeat":"repeat","background-position":"center center","background-size":"auto","background-attachment":"scroll","background-type":"","background-media":"","overlay-type":"","overlay-color":"","overlay-opacity":"","overlay-gradient":""},"mobile":{"background-color":"","background-image":"","background-repeat":"repeat","background-position":"center center","background-size":"auto","background-attachment":"scroll","background-type":"","background-media":"","overlay-type":"","overlay-color":"","overlay-opacity":"","overlay-gradient":""}},"ast-content-background-meta":{"desktop":{"background-color":"var(--ast-global-color-5)","background-image":"","background-repeat":"repeat","background-position":"center center","background-size":"auto","background-attachment":"scroll","background-type":"","background-media":"","overlay-type":"","overlay-color":"","overlay-opacity":"","overlay-gradient":""},"tablet":{"background-color":"var(--ast-global-color-5)","background-image":"","background-repeat":"repeat","background-position":"center center","background-size":"auto","background-attachment":"scroll","background-type":"","background-media":"","overlay-type":"","overlay-color":"","overlay-opacity":"","overlay-gradient":""},"mobile":{"background-color":"var(--ast-global-color-5)","background-image":"","background-repeat":"repeat","background-position":"center center","background-size":"auto","background-attachment":"scroll","background-type":"","background-media":"","overlay-type":"","overlay-color":"","overlay-opacity":"","overlay-gradient":""}},"footnotes":""},"categories":[1,4],"tags":[],"class_list":["post-9388","post","type-post","status-publish","format-standard","hentry","category-general","category-portada"],"post_mailing_queue_ids":[],"_links":{"self":[{"href":"https:\/\/agora.xtec.cat\/ceipberti\/wp-json\/wp\/v2\/posts\/9388","targetHints":{"allow":["GET"]}}],"collection":[{"href":"https:\/\/agora.xtec.cat\/ceipberti\/wp-json\/wp\/v2\/posts"}],"about":[{"href":"https:\/\/agora.xtec.cat\/ceipberti\/wp-json\/wp\/v2\/types\/post"}],"author":[{"embeddable":true,"href":"https:\/\/agora.xtec.cat\/ceipberti\/wp-json\/wp\/v2\/users\/1"}],"replies":[{"embeddable":true,"href":"https:\/\/agora.xtec.cat\/ceipberti\/wp-json\/wp\/v2\/comments?post=9388"}],"version-history":[{"count":5,"href":"https:\/\/agora.xtec.cat\/ceipberti\/wp-json\/wp\/v2\/posts\/9388\/revisions"}],"predecessor-version":[{"id":9418,"href":"https:\/\/agora.xtec.cat\/ceipberti\/wp-json\/wp\/v2\/posts\/9388\/revisions\/9418"}],"wp:attachment":[{"href":"https:\/\/agora.xtec.cat\/ceipberti\/wp-json\/wp\/v2\/media?parent=9388"}],"wp:term":[{"taxonomy":"category","embeddable":true,"href":"https:\/\/agora.xtec.cat\/ceipberti\/wp-json\/wp\/v2\/categories?post=9388"},{"taxonomy":"post_tag","embeddable":true,"href":"https:\/\/agora.xtec.cat\/ceipberti\/wp-json\/wp\/v2\/tags?post=9388"}],"curies":[{"name":"wp","href":"https:\/\/api.w.org\/{rel}","templated":true}]}}