{"id":9342,"date":"2025-07-11T11:10:13","date_gmt":"2025-07-11T09:10:13","guid":{"rendered":"https:\/\/agora.xtec.cat\/ceipberti\/?p=9342"},"modified":"2025-07-11T11:14:09","modified_gmt":"2025-07-11T09:14:09","slug":"transport-escolar-no-obligatori","status":"publish","type":"post","link":"https:\/\/agora.xtec.cat\/ceipberti\/general\/transport-escolar-no-obligatori\/","title":{"rendered":"TRANSPORT ESCOLAR (no obligatori)"},"content":{"rendered":"<p>Benvolgudes fam\u00edlies,<br \/>\n<img loading=\"lazy\" decoding=\"async\" class=\"wp-image-9344 alignright\" src=\"https:\/\/agora.xtec.cat\/ceipberti\/wp-content\/uploads\/usu199\/2025\/07\/bus_escolar_web.jpg\" alt=\"\" width=\"97\" height=\"97\" srcset=\"https:\/\/agora.xtec.cat\/ceipberti\/wp-content\/uploads\/usu199\/2025\/07\/bus_escolar_web.jpg 1080w, https:\/\/agora.xtec.cat\/ceipberti\/wp-content\/uploads\/usu199\/2025\/07\/bus_escolar_web-300x300.jpg 300w, https:\/\/agora.xtec.cat\/ceipberti\/wp-content\/uploads\/usu199\/2025\/07\/bus_escolar_web-1024x1024.jpg 1024w, https:\/\/agora.xtec.cat\/ceipberti\/wp-content\/uploads\/usu199\/2025\/07\/bus_escolar_web-150x150.jpg 150w, https:\/\/agora.xtec.cat\/ceipberti\/wp-content\/uploads\/usu199\/2025\/07\/bus_escolar_web-768x768.jpg 768w\" sizes=\"auto, (max-width: 97px) 100vw, 97px\" \/>Us informem que, seguint les indicacions de l&#8217;Ajuntament de l&#8217;Ametlla del Vall\u00e8s, el Consell Comarcal del Vall\u00e8s Oriental gestionar\u00e0 les rutes del transport escolar no obligatori pel curs vinent.<\/p>\n<p><img loading=\"lazy\" decoding=\"async\" class=\"an1\" draggable=\"false\" src=\"https:\/\/fonts.gstatic.com\/s\/e\/notoemoji\/16.0\/1f68c\/72.png\" alt=\"\ud83d\ude8c\" width=\"24\" height=\"24\" data-emoji=\"\ud83d\ude8c\" aria-label=\"\ud83d\ude8c\" \/>\u00a0Centres amb servei de transport:<br \/>\n&#8211; Escola Bert\u00ed<br \/>\n&#8211; Escola Els Cingles<br \/>\n&#8211; Institut Eugeni Xammar<\/p>\n<p><img loading=\"lazy\" decoding=\"async\" class=\"an1\" draggable=\"false\" src=\"https:\/\/fonts.gstatic.com\/s\/e\/notoemoji\/16.0\/1f4cc\/72.png\" alt=\"\ud83d\udccc\" width=\"24\" height=\"24\" data-emoji=\"\ud83d\udccc\" aria-label=\"\ud83d\udccc\" \/>\u00a0ALTA AL SERVEI \u2013 Termini de sol\u00b7licitud:<\/p>\n<p>Del 15 al 25 de juliol de 2025 (ambd\u00f3s inclosos)<\/p>\n<p><img loading=\"lazy\" decoding=\"async\" class=\"an1\" draggable=\"false\" src=\"https:\/\/fonts.gstatic.com\/s\/e\/notoemoji\/16.0\/26a0_fe0f\/72.png\" alt=\"\u26a0\ufe0f\" width=\"24\" height=\"24\" data-emoji=\"\u26a0\ufe0f\" aria-label=\"\u26a0\ufe0f\" \/>\u00a0Atenci\u00f3:<\/p>\n<p>&#8211; Sol\u00b7licituds abans del 15\/07 = NO v\u00e0lides (es retornaran)<br \/>\n&#8211; Sol\u00b7licituds despr\u00e9s del 25\/07 = llista d&#8217;espera, per ordre d&#8217;entrada i segons places<\/p>\n<p><img loading=\"lazy\" decoding=\"async\" class=\"an1\" draggable=\"false\" src=\"https:\/\/fonts.gstatic.com\/s\/e\/notoemoji\/16.0\/1f4f2\/72.png\" alt=\"\ud83d\udcf2\" width=\"24\" height=\"24\" data-emoji=\"\ud83d\udcf2\" aria-label=\"\ud83d\udcf2\" \/>\u00a0Com fer la sol\u00b7licitud:<\/p>\n<p><img loading=\"lazy\" decoding=\"async\" class=\"an1\" draggable=\"false\" src=\"https:\/\/fonts.gstatic.com\/s\/e\/notoemoji\/16.0\/0031_fe0f_20e3\/72.png\" alt=\"1\ufe0f\u20e3\" width=\"24\" height=\"24\" data-emoji=\"1\ufe0f\u20e3\" aria-label=\"1\ufe0f\u20e3\" \/>\u00a0Tr\u00e0mit nom\u00e9s telem\u00e0tic a trav\u00e9s d&#8217;aquest <a href=\"https:\/\/www.vallesoriental.cat\/seu-electronica\/tramits-i-gestions\/-instancia-generica.html\" target=\"_blank\" rel=\"noopener\">enlla\u00e7<\/a><\/p>\n<p><img loading=\"lazy\" decoding=\"async\" class=\"an1\" draggable=\"false\" src=\"https:\/\/fonts.gstatic.com\/s\/e\/notoemoji\/16.0\/0032_fe0f_20e3\/72.png\" alt=\"2\ufe0f\u20e3\" width=\"24\" height=\"24\" data-emoji=\"2\ufe0f\u20e3\" aria-label=\"2\ufe0f\u20e3\" \/>\u00a0Cal adjuntar el formulari d&#8217;alta (el podeu trobar a l&#8217;apartat de documents de l&#8217;App i en aquest mateix comunicat)<\/p>\n<p><img loading=\"lazy\" decoding=\"async\" class=\"an1\" draggable=\"false\" src=\"https:\/\/fonts.gstatic.com\/s\/e\/notoemoji\/16.0\/0033_fe0f_20e3\/72.png\" alt=\"3\ufe0f\u20e3\" width=\"24\" height=\"24\" data-emoji=\"3\ufe0f\u20e3\" aria-label=\"3\ufe0f\u20e3\" \/> Cost del servei: 325,00 \u20ac\/curs (en exposici\u00f3 p\u00fablica fins a 14\/07)<\/p>\n<p><img loading=\"lazy\" decoding=\"async\" class=\"an1\" draggable=\"false\" src=\"https:\/\/fonts.gstatic.com\/s\/e\/notoemoji\/16.0\/1f4b6\/72.png\" alt=\"\ud83d\udcb6\" width=\"24\" height=\"24\" data-emoji=\"\ud83d\udcb6\" aria-label=\"\ud83d\udcb6\" \/>\u00a0Pagament:<br \/>\nEs carregar\u00e0 al compte bancari indicat.<\/p>\n<p>En 2 rebuts de 126,50 \u20ac<\/p>\n<p>\u2013 Novembre 2025<\/p>\n<p>\u2013 Febrer 2026<\/p>\n<p>IMPORTANT: Nom\u00e9s poden fer \u00fas del servei les fam\u00edlies admeses o confirmades pel Consell Comarcal abans de l&#8217;inici de curs.<\/p>\n<p>Contacte per dubtes o incid\u00e8ncies: transportescolar@vallesoriental.cat<\/p>\n<p><img loading=\"lazy\" decoding=\"async\" class=\"an1\" draggable=\"false\" src=\"https:\/\/fonts.gstatic.com\/s\/e\/notoemoji\/16.0\/260e_fe0f\/72.png\" alt=\"\u260e\ufe0f\" width=\"24\" height=\"24\" data-emoji=\"\u260e\ufe0f\" aria-label=\"\u260e\ufe0f\" \/> Suport tr\u00e0mit de sol\u00b7licitud (CallCenter): 935 466 343 (De dilluns a divendres de 8h a 15h)<\/p>\n<p><img loading=\"lazy\" decoding=\"async\" class=\"an1\" draggable=\"false\" src=\"https:\/\/fonts.gstatic.com\/s\/e\/notoemoji\/16.0\/1f4c5\/72.png\" alt=\"\ud83d\udcc5\" width=\"24\" height=\"24\" data-emoji=\"\ud83d\udcc5\" aria-label=\"\ud83d\udcc5\" \/>\u00a0Servei actiu del 20\/06 al 31\/07<\/p>\n<p><img loading=\"lazy\" decoding=\"async\" class=\"an1\" draggable=\"false\" src=\"https:\/\/fonts.gstatic.com\/s\/e\/notoemoji\/16.0\/260e_fe0f\/72.png\" alt=\"\u260e\ufe0f\" width=\"22\" height=\"22\" data-emoji=\"\u260e\ufe0f\" aria-label=\"\u260e\ufe0f\" \/> Consultes generals &#8211; Consell Comarcal: 93 860 07 00 (De dilluns a divendres de 9h a 14h)<\/p>\n<p>Gr\u00e0cies per la vostra col\u00b7laboraci\u00f3.<br \/>\n<a href=\"https:\/\/www.edugestio.com\/media\/files\/file_680_36838.pdf\" target=\"_blank\" rel=\"noopener\">FORMULARI ALTA<\/a> TRANSPORT ESCOLAR.<\/p>\n<p><a href=\"https:\/\/www.edugestio.com\/media\/files\/file_680_36840.pdf\" target=\"_blank\" rel=\"noopener\">RUTES ESCOLES<\/a> TRANSPORT ESCOLAR.<\/p>\n<p><!--a=1--><\/p>\n<p><!--a=1--><\/p>\n<p><!--a=1--><\/p>\n<p><!--a=1--><!--a=1--><\/p>\n","protected":false},"excerpt":{"rendered":"<p>Benvolgudes fam\u00edlies, Us informem que, seguint les indicacions de l&#8217;Ajuntament de l&#8217;Ametlla del Vall\u00e8s, el Consell Comarcal del Vall\u00e8s Oriental gestionar\u00e0 les rutes del transport escolar no obligatori pel curs vinent. \u00a0Centres amb servei de transport: &#8211; Escola Bert\u00ed &#8211; Escola Els Cingles &#8211; Institut Eugeni Xammar \u00a0ALTA AL SERVEI \u2013 Termini de sol\u00b7licitud: Del [&hellip;]<\/p>\n","protected":false},"author":1,"featured_media":0,"comment_status":"open","ping_status":"open","sticky":false,"template":"","format":"standard","meta":{"_bbp_topic_count":0,"_bbp_reply_count":0,"_bbp_total_topic_count":0,"_bbp_total_reply_count":0,"_bbp_voice_count":0,"_bbp_anonymous_reply_count":0,"_bbp_topic_count_hidden":0,"_bbp_reply_count_hidden":0,"_bbp_forum_subforum_count":0,"site-sidebar-layout":"default","site-content-layout":"","ast-site-content-layout":"","site-content-style":"default","site-sidebar-style":"default","ast-global-header-display":"","ast-banner-title-visibility":"","ast-main-header-display":"","ast-hfb-above-header-display":"","ast-hfb-below-header-display":"","ast-hfb-mobile-header-display":"","site-post-title":"","ast-breadcrumbs-content":"","ast-featured-img":"","footer-sml-layout":"","theme-transparent-header-meta":"","adv-header-id-meta":"","stick-header-meta":"","header-above-stick-meta":"","header-main-stick-meta":"","header-below-stick-meta":"","astra-migrate-meta-layouts":"default","ast-page-background-enabled":"default","ast-page-background-meta":{"desktop":{"background-color":"var(--ast-global-color-4)","background-image":"","background-repeat":"repeat","background-position":"center center","background-size":"auto","background-attachment":"scroll","background-type":"","background-media":"","overlay-type":"","overlay-color":"","overlay-opacity":"","overlay-gradient":""},"tablet":{"background-color":"","background-image":"","background-repeat":"repeat","background-position":"center center","background-size":"auto","background-attachment":"scroll","background-type":"","background-media":"","overlay-type":"","overlay-color":"","overlay-opacity":"","overlay-gradient":""},"mobile":{"background-color":"","background-image":"","background-repeat":"repeat","background-position":"center center","background-size":"auto","background-attachment":"scroll","background-type":"","background-media":"","overlay-type":"","overlay-color":"","overlay-opacity":"","overlay-gradient":""}},"ast-content-background-meta":{"desktop":{"background-color":"var(--ast-global-color-5)","background-image":"","background-repeat":"repeat","background-position":"center center","background-size":"auto","background-attachment":"scroll","background-type":"","background-media":"","overlay-type":"","overlay-color":"","overlay-opacity":"","overlay-gradient":""},"tablet":{"background-color":"var(--ast-global-color-5)","background-image":"","background-repeat":"repeat","background-position":"center center","background-size":"auto","background-attachment":"scroll","background-type":"","background-media":"","overlay-type":"","overlay-color":"","overlay-opacity":"","overlay-gradient":""},"mobile":{"background-color":"var(--ast-global-color-5)","background-image":"","background-repeat":"repeat","background-position":"center center","background-size":"auto","background-attachment":"scroll","background-type":"","background-media":"","overlay-type":"","overlay-color":"","overlay-opacity":"","overlay-gradient":""}},"footnotes":""},"categories":[1,4],"tags":[],"class_list":["post-9342","post","type-post","status-publish","format-standard","hentry","category-general","category-portada"],"post_mailing_queue_ids":[],"_links":{"self":[{"href":"https:\/\/agora.xtec.cat\/ceipberti\/wp-json\/wp\/v2\/posts\/9342","targetHints":{"allow":["GET"]}}],"collection":[{"href":"https:\/\/agora.xtec.cat\/ceipberti\/wp-json\/wp\/v2\/posts"}],"about":[{"href":"https:\/\/agora.xtec.cat\/ceipberti\/wp-json\/wp\/v2\/types\/post"}],"author":[{"embeddable":true,"href":"https:\/\/agora.xtec.cat\/ceipberti\/wp-json\/wp\/v2\/users\/1"}],"replies":[{"embeddable":true,"href":"https:\/\/agora.xtec.cat\/ceipberti\/wp-json\/wp\/v2\/comments?post=9342"}],"version-history":[{"count":6,"href":"https:\/\/agora.xtec.cat\/ceipberti\/wp-json\/wp\/v2\/posts\/9342\/revisions"}],"predecessor-version":[{"id":9349,"href":"https:\/\/agora.xtec.cat\/ceipberti\/wp-json\/wp\/v2\/posts\/9342\/revisions\/9349"}],"wp:attachment":[{"href":"https:\/\/agora.xtec.cat\/ceipberti\/wp-json\/wp\/v2\/media?parent=9342"}],"wp:term":[{"taxonomy":"category","embeddable":true,"href":"https:\/\/agora.xtec.cat\/ceipberti\/wp-json\/wp\/v2\/categories?post=9342"},{"taxonomy":"post_tag","embeddable":true,"href":"https:\/\/agora.xtec.cat\/ceipberti\/wp-json\/wp\/v2\/tags?post=9342"}],"curies":[{"name":"wp","href":"https:\/\/api.w.org\/{rel}","templated":true}]}}