{"id":9262,"date":"2025-02-05T11:42:34","date_gmt":"2025-02-05T10:42:34","guid":{"rendered":"https:\/\/agora.xtec.cat\/ceipberti\/?p=9262"},"modified":"2025-03-07T12:24:32","modified_gmt":"2025-03-07T11:24:32","slug":"jornada-portes-obertes-2025","status":"publish","type":"post","link":"https:\/\/agora.xtec.cat\/ceipberti\/general\/jornada-portes-obertes-2025\/","title":{"rendered":"Jornada portes obertes 2025"},"content":{"rendered":"<p><img loading=\"lazy\" decoding=\"async\" class=\"aligncenter size-full wp-image-9263\" src=\"https:\/\/agora.xtec.cat\/ceipberti\/wp-content\/uploads\/usu199\/2025\/02\/PORTES-OBERTES-24-25.png\" alt=\"\" width=\"1080\" height=\"1350\" srcset=\"https:\/\/agora.xtec.cat\/ceipberti\/wp-content\/uploads\/usu199\/2025\/02\/PORTES-OBERTES-24-25.png 1080w, https:\/\/agora.xtec.cat\/ceipberti\/wp-content\/uploads\/usu199\/2025\/02\/PORTES-OBERTES-24-25-240x300.png 240w, https:\/\/agora.xtec.cat\/ceipberti\/wp-content\/uploads\/usu199\/2025\/02\/PORTES-OBERTES-24-25-819x1024.png 819w, https:\/\/agora.xtec.cat\/ceipberti\/wp-content\/uploads\/usu199\/2025\/02\/PORTES-OBERTES-24-25-768x960.png 768w\" sizes=\"auto, (max-width: 1080px) 100vw, 1080px\" \/><\/p>\n<p>Vine a con\u00e8ixer la nostra escola! \ud83c\udf92\ud83d\udcda<\/p>\n<p>Benvolgudes fam\u00edlies,<\/p>\n<p>Us convidem a la nostra <strong>Jornada de Portes Obertes,<\/strong> una oportunitat \u00fanica per descobrir la nostra escola, con\u00e8ixer el nostre projecte educatiu i veure de primera m\u00e0 com acompanyem l\u2019aprenentatge i el creixement dels nostres alumnes.<\/p>\n<p>\ud83d\udcc5 Data: 5 i 6 de mar\u00e7<br \/>\n\u23f0 Horari: a les 15 h<br \/>\n\ud83d\udccd Lloc: Escola Bert\u00ed<\/p>\n<p>Durant la visita, podreu rec\u00f3rrer els espais del centre, parlar amb l\u2019equip docent i resoldre qualsevol dubte sobre el nostre projecte educatiu i els serveis que oferim.<\/p>\n<p>Per a una millor organitzaci\u00f3, us agrairem que confirmeu la vostra assist\u00e8ncia mitjan\u00e7ant el seg\u00fcent <a href=\"https:\/\/forms.gle\/WJSAiuHteSELViBo9\">formulari<\/a>.<\/p>\n<p>Us hi esperem amb molta il\u00b7lusi\u00f3! \ud83d\udc99\u2728<\/p>\n<p><!--a=1--><\/p>\n<p><!--a=1--><\/p>\n<p><!--a=1--><\/p>\n<p><!--a=1--><\/p>\n<p><!--a=1--><\/p>\n","protected":false},"excerpt":{"rendered":"<p>Vine a con\u00e8ixer la nostra escola! \ud83c\udf92\ud83d\udcda Benvolgudes fam\u00edlies, Us convidem a la nostra Jornada de Portes Obertes, una oportunitat \u00fanica per descobrir la nostra escola, con\u00e8ixer el nostre projecte educatiu i veure de primera m\u00e0 com acompanyem l\u2019aprenentatge i el creixement dels nostres alumnes. \ud83d\udcc5 Data: 5 i 6 de mar\u00e7 \u23f0 Horari: a [&hellip;]<\/p>\n","protected":false},"author":1,"featured_media":0,"comment_status":"open","ping_status":"closed","sticky":false,"template":"","format":"standard","meta":{"_bbp_topic_count":0,"_bbp_reply_count":0,"_bbp_total_topic_count":0,"_bbp_total_reply_count":0,"_bbp_voice_count":0,"_bbp_anonymous_reply_count":0,"_bbp_topic_count_hidden":0,"_bbp_reply_count_hidden":0,"_bbp_forum_subforum_count":0,"site-sidebar-layout":"default","site-content-layout":"","ast-site-content-layout":"","site-content-style":"default","site-sidebar-style":"default","ast-global-header-display":"","ast-banner-title-visibility":"","ast-main-header-display":"","ast-hfb-above-header-display":"","ast-hfb-below-header-display":"","ast-hfb-mobile-header-display":"","site-post-title":"","ast-breadcrumbs-content":"","ast-featured-img":"","footer-sml-layout":"","theme-transparent-header-meta":"","adv-header-id-meta":"","stick-header-meta":"","header-above-stick-meta":"","header-main-stick-meta":"","header-below-stick-meta":"","astra-migrate-meta-layouts":"default","ast-page-background-enabled":"default","ast-page-background-meta":{"desktop":{"background-color":"var(--ast-global-color-4)","background-image":"","background-repeat":"repeat","background-position":"center center","background-size":"auto","background-attachment":"scroll","background-type":"","background-media":"","overlay-type":"","overlay-color":"","overlay-opacity":"","overlay-gradient":""},"tablet":{"background-color":"","background-image":"","background-repeat":"repeat","background-position":"center center","background-size":"auto","background-attachment":"scroll","background-type":"","background-media":"","overlay-type":"","overlay-color":"","overlay-opacity":"","overlay-gradient":""},"mobile":{"background-color":"","background-image":"","background-repeat":"repeat","background-position":"center center","background-size":"auto","background-attachment":"scroll","background-type":"","background-media":"","overlay-type":"","overlay-color":"","overlay-opacity":"","overlay-gradient":""}},"ast-content-background-meta":{"desktop":{"background-color":"var(--ast-global-color-5)","background-image":"","background-repeat":"repeat","background-position":"center center","background-size":"auto","background-attachment":"scroll","background-type":"","background-media":"","overlay-type":"","overlay-color":"","overlay-opacity":"","overlay-gradient":""},"tablet":{"background-color":"var(--ast-global-color-5)","background-image":"","background-repeat":"repeat","background-position":"center center","background-size":"auto","background-attachment":"scroll","background-type":"","background-media":"","overlay-type":"","overlay-color":"","overlay-opacity":"","overlay-gradient":""},"mobile":{"background-color":"var(--ast-global-color-5)","background-image":"","background-repeat":"repeat","background-position":"center center","background-size":"auto","background-attachment":"scroll","background-type":"","background-media":"","overlay-type":"","overlay-color":"","overlay-opacity":"","overlay-gradient":""}},"footnotes":""},"categories":[1,4],"tags":[],"class_list":["post-9262","post","type-post","status-publish","format-standard","hentry","category-general","category-portada"],"post_mailing_queue_ids":[],"_links":{"self":[{"href":"https:\/\/agora.xtec.cat\/ceipberti\/wp-json\/wp\/v2\/posts\/9262","targetHints":{"allow":["GET"]}}],"collection":[{"href":"https:\/\/agora.xtec.cat\/ceipberti\/wp-json\/wp\/v2\/posts"}],"about":[{"href":"https:\/\/agora.xtec.cat\/ceipberti\/wp-json\/wp\/v2\/types\/post"}],"author":[{"embeddable":true,"href":"https:\/\/agora.xtec.cat\/ceipberti\/wp-json\/wp\/v2\/users\/1"}],"replies":[{"embeddable":true,"href":"https:\/\/agora.xtec.cat\/ceipberti\/wp-json\/wp\/v2\/comments?post=9262"}],"version-history":[{"count":5,"href":"https:\/\/agora.xtec.cat\/ceipberti\/wp-json\/wp\/v2\/posts\/9262\/revisions"}],"predecessor-version":[{"id":9281,"href":"https:\/\/agora.xtec.cat\/ceipberti\/wp-json\/wp\/v2\/posts\/9262\/revisions\/9281"}],"wp:attachment":[{"href":"https:\/\/agora.xtec.cat\/ceipberti\/wp-json\/wp\/v2\/media?parent=9262"}],"wp:term":[{"taxonomy":"category","embeddable":true,"href":"https:\/\/agora.xtec.cat\/ceipberti\/wp-json\/wp\/v2\/categories?post=9262"},{"taxonomy":"post_tag","embeddable":true,"href":"https:\/\/agora.xtec.cat\/ceipberti\/wp-json\/wp\/v2\/tags?post=9262"}],"curies":[{"name":"wp","href":"https:\/\/api.w.org\/{rel}","templated":true}]}}