{"id":8966,"date":"2022-04-20T09:45:48","date_gmt":"2022-04-20T07:45:48","guid":{"rendered":"https:\/\/agora.xtec.cat\/ceipberti\/?p=8966"},"modified":"2022-04-20T09:45:48","modified_gmt":"2022-04-20T07:45:48","slug":"programa-de-la-diada-de-sant-jordi","status":"publish","type":"post","link":"https:\/\/agora.xtec.cat\/ceipberti\/portada\/programa-de-la-diada-de-sant-jordi\/","title":{"rendered":"Programa de la diada de Sant Jordi"},"content":{"rendered":"<p>Benvolgudes fam\u00edlies,<\/p>\n<p>el proper divendres 22 celebrarem la diada de Sant Jordi a l&#8217;escola. A continuaci\u00f3 us detallem les activitats que durem a terme al llarg del dia:<\/p>\n<p><b>10h : MOSTRA LITER\u00c0RIA: <a href=\"https:\/\/agora.xtec.cat\/ceipberti\/wp-content\/uploads\/usu199\/2022\/04\/1sant-jordi.png\"><img loading=\"lazy\" decoding=\"async\" class=\"wp-image-8967 alignright\" src=\"https:\/\/agora.xtec.cat\/ceipberti\/wp-content\/uploads\/usu199\/2022\/04\/1sant-jordi.png\" alt=\"\" width=\"110\" height=\"230\" srcset=\"https:\/\/agora.xtec.cat\/ceipberti\/wp-content\/uploads\/usu199\/2022\/04\/1sant-jordi.png 267w, https:\/\/agora.xtec.cat\/ceipberti\/wp-content\/uploads\/usu199\/2022\/04\/1sant-jordi-143x300.png 143w\" sizes=\"auto, (max-width: 110px) 100vw, 110px\" \/><\/a><\/b><\/p>\n<p><span style=\"font-weight: 400;\">Cicle petits: exposici\u00f3 de dibuixos al gimn\u00e0s.<\/span><\/p>\n<p><span style=\"font-weight: 400;\">Cicle mitjans (1r i 2n): rodolins i encadenats.<\/span><\/p>\n<p><b>11:30h JOCS FLORALS<\/b><\/p>\n<p><span style=\"font-weight: 400;\">Lectura de les produccions escrites per part dels guanyadors o guanyadores . Els diferents nivells participen en les modalitats d\u2019expressi\u00f3 escrita seg\u00fcents:\u00a0<\/span><\/p>\n<p><span style=\"font-weight: 400;\">3r: conte\u00a0 \u00a0 4t: descripci\u00f3 \u00a0 \u00a0 5\u00e8: poesia \u00a0 \u00a0 6\u00e8: relat<\/span><\/p>\n<ul>\n<li style=\"font-weight: 400;\" aria-level=\"1\"><span style=\"font-weight: 400;\">Durant el mat\u00ed hi haur\u00e0 parada de llibres organitzada per l\u2019AFA de l\u2019escola on totes les classes hi aniran passant.<\/span><\/li>\n<\/ul>\n<p><span style=\"font-weight: 400;\">Tamb\u00e9 hi haur\u00e0 una parada d\u2019intercanvi de llibres de segona m\u00e0 on hi passaran tots els nens i nenes de l\u2019escola.\u00a0\u00a0<\/span><\/p>\n<p><span style=\"font-weight: 400;\">A partir de les <\/span><b>15:20h<\/b><span style=\"font-weight: 400;\"> l<span style=\"text-decoration: underline;\">es fam\u00edlies podreu entrar<\/span><\/span><span style=\"font-weight: 400;\"><span style=\"text-decoration: underline;\"> a l\u2019escola per veure:<\/span>\u00a0<\/span><\/p>\n<ul>\n<li style=\"font-weight: 400;\" aria-level=\"1\"><span style=\"font-weight: 400;\">P5 i 3r: ballada de gitanes<\/span><\/li>\n<li style=\"font-weight: 400;\" aria-level=\"1\"><span style=\"font-weight: 400;\">2n: petita mostra fem dansa<\/span><\/li>\n<li style=\"font-weight: 400;\" aria-level=\"1\"><span style=\"font-weight: 400;\">5\u00e8: petita mostra de la cant\u00e0nia<\/span><\/li>\n<\/ul>\n<p><span style=\"font-weight: 400;\">Un cop finalitzat aquest acte podreu entrar per veure l\u2019exposici\u00f3 de DRACS que haurem fet entre totes les fam\u00edlies de l\u2019escola.\u00a0<\/span><\/p>\n<p><span style=\"font-weight: 400;\">Els nens i nenes de 6\u00e8 repartiran les roses que pr\u00e8viament haureu reservat. Recordeu que ho fan per abaratir les seves col\u00f2nies. <a href=\"https:\/\/agora.xtec.cat\/ceipberti\/wp-content\/uploads\/usu199\/2022\/04\/2santjordi.png\"><img loading=\"lazy\" decoding=\"async\" class=\"wp-image-8968 alignright\" src=\"https:\/\/agora.xtec.cat\/ceipberti\/wp-content\/uploads\/usu199\/2022\/04\/2santjordi.png\" alt=\"\" width=\"298\" height=\"199\" srcset=\"https:\/\/agora.xtec.cat\/ceipberti\/wp-content\/uploads\/usu199\/2022\/04\/2santjordi.png 717w, https:\/\/agora.xtec.cat\/ceipberti\/wp-content\/uploads\/usu199\/2022\/04\/2santjordi-300x200.png 300w\" sizes=\"auto, (max-width: 298px) 100vw, 298px\" \/><\/a><\/span><\/p>\n<p><span style=\"font-weight: 400;\">Esperem gaudir d\u2019una gran diada!!<\/span><\/p>\n<p><span style=\"font-weight: 400;\">Comissi\u00f3 de festes.\u00a0<\/span><\/p>\n","protected":false},"excerpt":{"rendered":"<p>Benvolgudes fam\u00edlies,<\/p>\n<p>el proper divendres 22 celebrarem la diada de Sant Jordi a l&#8217;escola. A continuaci\u00f3 us detallem les activitats<\/p>\n","protected":false},"author":1,"featured_media":8968,"comment_status":"open","ping_status":"closed","sticky":false,"template":"","format":"standard","meta":{"_bbp_topic_count":0,"_bbp_reply_count":0,"_bbp_total_topic_count":0,"_bbp_total_reply_count":0,"_bbp_voice_count":0,"_bbp_anonymous_reply_count":0,"_bbp_topic_count_hidden":0,"_bbp_reply_count_hidden":0,"_bbp_forum_subforum_count":0,"site-sidebar-layout":"default","site-content-layout":"","ast-site-content-layout":"","site-content-style":"default","site-sidebar-style":"default","ast-global-header-display":"","ast-banner-title-visibility":"","ast-main-header-display":"","ast-hfb-above-header-display":"","ast-hfb-below-header-display":"","ast-hfb-mobile-header-display":"","site-post-title":"","ast-breadcrumbs-content":"","ast-featured-img":"","footer-sml-layout":"","theme-transparent-header-meta":"","adv-header-id-meta":"","stick-header-meta":"","header-above-stick-meta":"","header-main-stick-meta":"","header-below-stick-meta":"","astra-migrate-meta-layouts":"default","ast-page-background-enabled":"default","ast-page-background-meta":{"desktop":{"background-color":"var(--ast-global-color-4)","background-image":"","background-repeat":"repeat","background-position":"center center","background-size":"auto","background-attachment":"scroll","background-type":"","background-media":"","overlay-type":"","overlay-color":"","overlay-opacity":"","overlay-gradient":""},"tablet":{"background-color":"","background-image":"","background-repeat":"repeat","background-position":"center center","background-size":"auto","background-attachment":"scroll","background-type":"","background-media":"","overlay-type":"","overlay-color":"","overlay-opacity":"","overlay-gradient":""},"mobile":{"background-color":"","background-image":"","background-repeat":"repeat","background-position":"center center","background-size":"auto","background-attachment":"scroll","background-type":"","background-media":"","overlay-type":"","overlay-color":"","overlay-opacity":"","overlay-gradient":""}},"ast-content-background-meta":{"desktop":{"background-color":"var(--ast-global-color-5)","background-image":"","background-repeat":"repeat","background-position":"center center","background-size":"auto","background-attachment":"scroll","background-type":"","background-media":"","overlay-type":"","overlay-color":"","overlay-opacity":"","overlay-gradient":""},"tablet":{"background-color":"var(--ast-global-color-5)","background-image":"","background-repeat":"repeat","background-position":"center center","background-size":"auto","background-attachment":"scroll","background-type":"","background-media":"","overlay-type":"","overlay-color":"","overlay-opacity":"","overlay-gradient":""},"mobile":{"background-color":"var(--ast-global-color-5)","background-image":"","background-repeat":"repeat","background-position":"center center","background-size":"auto","background-attachment":"scroll","background-type":"","background-media":"","overlay-type":"","overlay-color":"","overlay-opacity":"","overlay-gradient":""}},"footnotes":""},"categories":[4],"tags":[85,418],"class_list":["post-8966","post","type-post","status-publish","format-standard","has-post-thumbnail","hentry","category-portada","tag-programa","tag-sant-jordi-2022"],"post_mailing_queue_ids":[],"_links":{"self":[{"href":"https:\/\/agora.xtec.cat\/ceipberti\/wp-json\/wp\/v2\/posts\/8966","targetHints":{"allow":["GET"]}}],"collection":[{"href":"https:\/\/agora.xtec.cat\/ceipberti\/wp-json\/wp\/v2\/posts"}],"about":[{"href":"https:\/\/agora.xtec.cat\/ceipberti\/wp-json\/wp\/v2\/types\/post"}],"author":[{"embeddable":true,"href":"https:\/\/agora.xtec.cat\/ceipberti\/wp-json\/wp\/v2\/users\/1"}],"replies":[{"embeddable":true,"href":"https:\/\/agora.xtec.cat\/ceipberti\/wp-json\/wp\/v2\/comments?post=8966"}],"version-history":[{"count":1,"href":"https:\/\/agora.xtec.cat\/ceipberti\/wp-json\/wp\/v2\/posts\/8966\/revisions"}],"predecessor-version":[{"id":8969,"href":"https:\/\/agora.xtec.cat\/ceipberti\/wp-json\/wp\/v2\/posts\/8966\/revisions\/8969"}],"wp:featuredmedia":[{"embeddable":true,"href":"https:\/\/agora.xtec.cat\/ceipberti\/wp-json\/wp\/v2\/media\/8968"}],"wp:attachment":[{"href":"https:\/\/agora.xtec.cat\/ceipberti\/wp-json\/wp\/v2\/media?parent=8966"}],"wp:term":[{"taxonomy":"category","embeddable":true,"href":"https:\/\/agora.xtec.cat\/ceipberti\/wp-json\/wp\/v2\/categories?post=8966"},{"taxonomy":"post_tag","embeddable":true,"href":"https:\/\/agora.xtec.cat\/ceipberti\/wp-json\/wp\/v2\/tags?post=8966"}],"curies":[{"name":"wp","href":"https:\/\/api.w.org\/{rel}","templated":true}]}}