{"id":8890,"date":"2021-12-15T09:27:35","date_gmt":"2021-12-15T08:27:35","guid":{"rendered":"https:\/\/agora.xtec.cat\/ceipberti\/?p=8890"},"modified":"2021-12-15T09:31:15","modified_gmt":"2021-12-15T08:31:15","slug":"concert-de-nadal-2021","status":"publish","type":"post","link":"https:\/\/agora.xtec.cat\/ceipberti\/portada\/concert-de-nadal-2021\/","title":{"rendered":"CONCERTS DE NADAL 2021"},"content":{"rendered":"<p>Benvolgudes fam\u00edlies,<\/p>\n<p>Us adjuntem el programa del concert de Nadal dels propers 21 i 22 de desembre. Els concerts es realitzaran a la pista poliesportiva de l&#8217;escola, a l&#8217;aire lliure.<\/p>\n<ul>\n<li>Concert de MITJANS: dimarts de 9:45 h a 10:45 h.<\/li>\n<li>Concert de PETITS: dimarts de 11:15 h a 12:15 h.<\/li>\n<li>Concert de GRANS: dimecres de 10:00 a 11:00 h.<\/li>\n<\/ul>\n<p>Les fam\u00edlies entrareu i sortireu per la porta gran de l&#8217;escola. La porta s&#8217;obrir\u00e0 10 minuts abans de cada concert. S&#8217;haur\u00e0 de respectar al m\u00e0xim l&#8217;horari i us recomanem que no sortiu del recinte fins que s&#8217;hagi acabat el concert.<\/p>\n<p>\u00c9s obligatori l&#8217;\u00fas de la mascareta dins del recinte de l&#8217;escola, mantenir la dist\u00e0ncia de seguretat i la desinfecci\u00f3 de les mans.<\/p>\n<p>Us volem recordar que com cada any participem a la Marat\u00f3 de TV3 fent una donaci\u00f3 volunt\u00e0ria per cada entrada del concert dels infants. Podeu fer arribar les donacions a les vostres tutors\/es a trav\u00e9s dels vostres fills\/es.<\/p>\n<p>Recordeu que us heu d&#8217;inscriure al seg\u00fcent formulari per poder assistir al concert:\u00a0<a href=\"https:\/\/docs.google.com\/forms\/d\/e\/1FAIpQLSf1T8CdL8KYTSr-FYeZxVKkpMI0ZAIOXih220Zo_aQ8nbBGYQ\/viewform\">Acc\u00e9s al formulari\u00a0<\/a><\/p>\n<p style=\"text-align: center;\"><a href=\"https:\/\/agora.xtec.cat\/ceipberti\/wp-content\/uploads\/usu199\/2021\/12\/PROGRAMA-CONCERTS-DE-NADAL-2021.png\"><img loading=\"lazy\" decoding=\"async\" class=\"alignnone size-full wp-image-8891\" src=\"https:\/\/agora.xtec.cat\/ceipberti\/wp-content\/uploads\/usu199\/2021\/12\/PROGRAMA-CONCERTS-DE-NADAL-2021.png\" alt=\"\" width=\"585\" height=\"781\" srcset=\"https:\/\/agora.xtec.cat\/ceipberti\/wp-content\/uploads\/usu199\/2021\/12\/PROGRAMA-CONCERTS-DE-NADAL-2021.png 585w, https:\/\/agora.xtec.cat\/ceipberti\/wp-content\/uploads\/usu199\/2021\/12\/PROGRAMA-CONCERTS-DE-NADAL-2021-225x300.png 225w\" sizes=\"auto, (max-width: 585px) 100vw, 585px\" \/><\/a><\/p>\n","protected":false},"excerpt":{"rendered":"<p>Benvolgudes fam\u00edlies,\u00a0<\/p>\n<p>Us adjuntem el programa del concert de Nadal dels propers 21 i 22 de desembre. Els concerts es realitzaran a la pista poliesportiva de l&#8217;escola, a l&#8217;aire lliure.\u00a0<\/p>\n","protected":false},"author":1,"featured_media":8893,"comment_status":"open","ping_status":"closed","sticky":false,"template":"","format":"standard","meta":{"_bbp_topic_count":0,"_bbp_reply_count":0,"_bbp_total_topic_count":0,"_bbp_total_reply_count":0,"_bbp_voice_count":0,"_bbp_anonymous_reply_count":0,"_bbp_topic_count_hidden":0,"_bbp_reply_count_hidden":0,"_bbp_forum_subforum_count":0,"site-sidebar-layout":"default","site-content-layout":"","ast-site-content-layout":"","site-content-style":"default","site-sidebar-style":"default","ast-global-header-display":"","ast-banner-title-visibility":"","ast-main-header-display":"","ast-hfb-above-header-display":"","ast-hfb-below-header-display":"","ast-hfb-mobile-header-display":"","site-post-title":"","ast-breadcrumbs-content":"","ast-featured-img":"","footer-sml-layout":"","theme-transparent-header-meta":"","adv-header-id-meta":"","stick-header-meta":"","header-above-stick-meta":"","header-main-stick-meta":"","header-below-stick-meta":"","astra-migrate-meta-layouts":"default","ast-page-background-enabled":"default","ast-page-background-meta":{"desktop":{"background-color":"var(--ast-global-color-4)","background-image":"","background-repeat":"repeat","background-position":"center center","background-size":"auto","background-attachment":"scroll","background-type":"","background-media":"","overlay-type":"","overlay-color":"","overlay-opacity":"","overlay-gradient":""},"tablet":{"background-color":"","background-image":"","background-repeat":"repeat","background-position":"center center","background-size":"auto","background-attachment":"scroll","background-type":"","background-media":"","overlay-type":"","overlay-color":"","overlay-opacity":"","overlay-gradient":""},"mobile":{"background-color":"","background-image":"","background-repeat":"repeat","background-position":"center center","background-size":"auto","background-attachment":"scroll","background-type":"","background-media":"","overlay-type":"","overlay-color":"","overlay-opacity":"","overlay-gradient":""}},"ast-content-background-meta":{"desktop":{"background-color":"var(--ast-global-color-5)","background-image":"","background-repeat":"repeat","background-position":"center center","background-size":"auto","background-attachment":"scroll","background-type":"","background-media":"","overlay-type":"","overlay-color":"","overlay-opacity":"","overlay-gradient":""},"tablet":{"background-color":"var(--ast-global-color-5)","background-image":"","background-repeat":"repeat","background-position":"center center","background-size":"auto","background-attachment":"scroll","background-type":"","background-media":"","overlay-type":"","overlay-color":"","overlay-opacity":"","overlay-gradient":""},"mobile":{"background-color":"var(--ast-global-color-5)","background-image":"","background-repeat":"repeat","background-position":"center center","background-size":"auto","background-attachment":"scroll","background-type":"","background-media":"","overlay-type":"","overlay-color":"","overlay-opacity":"","overlay-gradient":""}},"footnotes":""},"categories":[4],"tags":[],"class_list":["post-8890","post","type-post","status-publish","format-standard","has-post-thumbnail","hentry","category-portada"],"post_mailing_queue_ids":[],"_links":{"self":[{"href":"https:\/\/agora.xtec.cat\/ceipberti\/wp-json\/wp\/v2\/posts\/8890","targetHints":{"allow":["GET"]}}],"collection":[{"href":"https:\/\/agora.xtec.cat\/ceipberti\/wp-json\/wp\/v2\/posts"}],"about":[{"href":"https:\/\/agora.xtec.cat\/ceipberti\/wp-json\/wp\/v2\/types\/post"}],"author":[{"embeddable":true,"href":"https:\/\/agora.xtec.cat\/ceipberti\/wp-json\/wp\/v2\/users\/1"}],"replies":[{"embeddable":true,"href":"https:\/\/agora.xtec.cat\/ceipberti\/wp-json\/wp\/v2\/comments?post=8890"}],"version-history":[{"count":2,"href":"https:\/\/agora.xtec.cat\/ceipberti\/wp-json\/wp\/v2\/posts\/8890\/revisions"}],"predecessor-version":[{"id":8894,"href":"https:\/\/agora.xtec.cat\/ceipberti\/wp-json\/wp\/v2\/posts\/8890\/revisions\/8894"}],"wp:featuredmedia":[{"embeddable":true,"href":"https:\/\/agora.xtec.cat\/ceipberti\/wp-json\/wp\/v2\/media\/8893"}],"wp:attachment":[{"href":"https:\/\/agora.xtec.cat\/ceipberti\/wp-json\/wp\/v2\/media?parent=8890"}],"wp:term":[{"taxonomy":"category","embeddable":true,"href":"https:\/\/agora.xtec.cat\/ceipberti\/wp-json\/wp\/v2\/categories?post=8890"},{"taxonomy":"post_tag","embeddable":true,"href":"https:\/\/agora.xtec.cat\/ceipberti\/wp-json\/wp\/v2\/tags?post=8890"}],"curies":[{"name":"wp","href":"https:\/\/api.w.org\/{rel}","templated":true}]}}