{"id":8681,"date":"2021-05-20T09:20:21","date_gmt":"2021-05-20T07:20:21","guid":{"rendered":"http:\/\/agora.xtec.cat\/ceipberti\/?p=8681"},"modified":"2021-05-20T09:30:42","modified_gmt":"2021-05-20T07:30:42","slug":"sortida-de-p4-al-hortus","status":"publish","type":"post","link":"https:\/\/agora.xtec.cat\/ceipberti\/petits\/sortida-de-p4-al-hortus\/","title":{"rendered":"Sortida de P4 al Hortus"},"content":{"rendered":"<p><span style=\"font-weight: 400;\">El passat divendres 7 de maig les i els alumnes de P4 vam poder fer la tan esperada sortida en autob\u00fas fins a l\u2019HORTUS, on en Marc i la Cl\u00e0udia ens esperaven amb els bra\u00e7os oberts.<\/span><\/p>\n<p><span style=\"font-weight: 400;\">En arribar ens vam separar en grup-classe i vam esmorzar.\u00a0<\/span><\/p>\n<p><span style=\"font-weight: 400;\">En acabar, les TROMPETES van fer una petita passejada pel bosc per tal d\u2019omplir cistells amb tot d\u2019elements de natura que trobaven. Despr\u00e9s, la Cl\u00e0udia els va repartir fang de 3 colors diferents a cadasc\u00fa i van deixar volar la imaginaci\u00f3 i la creativitat per crear aut\u00e8ntiques obres d\u2019art!<\/span><\/p>\n<p><span style=\"font-weight: 400;\">Mentrestant, a les BATERIES se\u2019ns girava feina donant de menjar i tocant a tots\/es els\/les animals de la granja, seguint les indicacions, consells i an\u00e8cdotes d\u2019en Marc.<\/span><\/p>\n<p><span style=\"font-weight: 400;\">Al finalitzar, vam fer intercanvi d\u2019activitat fins l\u2019hora de dinar, cap all\u00e0 2\/4 de 3.\u00a0<\/span><\/p>\n<p><span style=\"font-weight: 400;\">A la tarda&#8230; tots a jugar a l\u2019era!!! Aix\u00f2 s\u00ed, ben separats un grup de l\u2019altre!<\/span><\/p>\n<p><span style=\"font-weight: 400;\">I cap a l\u2019escola hi falta gent!!<\/span><\/p>\n<p><span style=\"font-weight: 400;\">No cal dir que ens ho vam passar d\u2019all\u00f2 m\u00e9s b\u00e9!!!<\/span><\/p>\n<p><span style=\"font-weight: 400;\">I si no ens creieu&#8230;mireu, mireu les fotografies!<\/span><\/p>\n<p>Si voleu veure les fotos de P4A feu<a href=\"https:\/\/photos.app.goo.gl\/H8oHRmY4aXcNS55V8\"> &#8220;clic aqu\u00ed&#8221;.<\/a><\/p>\n<p>Si voleu veure les fotos de P4B fe <a href=\"https:\/\/photos.app.goo.gl\/wetLD2r7Yuow32tp8\">&#8220;clic aqu\u00ed&#8221;.<\/a><\/p>\n","protected":false},"excerpt":{"rendered":"<p>El passat divendres 7 de maig les i els alumnes de P4 vam poder fer la tan esperada sortida en autob\u00fas fins a l\u2019HORTUS, on en Marc i la Cl\u00e0udia ens esperaven amb els bra\u00e7os oberts.<\/p>\n","protected":false},"author":1,"featured_media":8684,"comment_status":"open","ping_status":"closed","sticky":false,"template":"","format":"standard","meta":{"_bbp_topic_count":0,"_bbp_reply_count":0,"_bbp_total_topic_count":0,"_bbp_total_reply_count":0,"_bbp_voice_count":0,"_bbp_anonymous_reply_count":0,"_bbp_topic_count_hidden":0,"_bbp_reply_count_hidden":0,"_bbp_forum_subforum_count":0,"site-sidebar-layout":"default","site-content-layout":"","ast-site-content-layout":"","site-content-style":"default","site-sidebar-style":"default","ast-global-header-display":"","ast-banner-title-visibility":"","ast-main-header-display":"","ast-hfb-above-header-display":"","ast-hfb-below-header-display":"","ast-hfb-mobile-header-display":"","site-post-title":"","ast-breadcrumbs-content":"","ast-featured-img":"","footer-sml-layout":"","theme-transparent-header-meta":"","adv-header-id-meta":"","stick-header-meta":"","header-above-stick-meta":"","header-main-stick-meta":"","header-below-stick-meta":"","astra-migrate-meta-layouts":"default","ast-page-background-enabled":"default","ast-page-background-meta":{"desktop":{"background-color":"var(--ast-global-color-4)","background-image":"","background-repeat":"repeat","background-position":"center center","background-size":"auto","background-attachment":"scroll","background-type":"","background-media":"","overlay-type":"","overlay-color":"","overlay-opacity":"","overlay-gradient":""},"tablet":{"background-color":"","background-image":"","background-repeat":"repeat","background-position":"center center","background-size":"auto","background-attachment":"scroll","background-type":"","background-media":"","overlay-type":"","overlay-color":"","overlay-opacity":"","overlay-gradient":""},"mobile":{"background-color":"","background-image":"","background-repeat":"repeat","background-position":"center center","background-size":"auto","background-attachment":"scroll","background-type":"","background-media":"","overlay-type":"","overlay-color":"","overlay-opacity":"","overlay-gradient":""}},"ast-content-background-meta":{"desktop":{"background-color":"var(--ast-global-color-5)","background-image":"","background-repeat":"repeat","background-position":"center center","background-size":"auto","background-attachment":"scroll","background-type":"","background-media":"","overlay-type":"","overlay-color":"","overlay-opacity":"","overlay-gradient":""},"tablet":{"background-color":"var(--ast-global-color-5)","background-image":"","background-repeat":"repeat","background-position":"center center","background-size":"auto","background-attachment":"scroll","background-type":"","background-media":"","overlay-type":"","overlay-color":"","overlay-opacity":"","overlay-gradient":""},"mobile":{"background-color":"var(--ast-global-color-5)","background-image":"","background-repeat":"repeat","background-position":"center center","background-size":"auto","background-attachment":"scroll","background-type":"","background-media":"","overlay-type":"","overlay-color":"","overlay-opacity":"","overlay-gradient":""}},"footnotes":""},"categories":[8,2],"tags":[48],"class_list":["post-8681","post","type-post","status-publish","format-standard","has-post-thumbnail","hentry","category-p4","category-petits","tag-sortida"],"post_mailing_queue_ids":[],"_links":{"self":[{"href":"https:\/\/agora.xtec.cat\/ceipberti\/wp-json\/wp\/v2\/posts\/8681","targetHints":{"allow":["GET"]}}],"collection":[{"href":"https:\/\/agora.xtec.cat\/ceipberti\/wp-json\/wp\/v2\/posts"}],"about":[{"href":"https:\/\/agora.xtec.cat\/ceipberti\/wp-json\/wp\/v2\/types\/post"}],"author":[{"embeddable":true,"href":"https:\/\/agora.xtec.cat\/ceipberti\/wp-json\/wp\/v2\/users\/1"}],"replies":[{"embeddable":true,"href":"https:\/\/agora.xtec.cat\/ceipberti\/wp-json\/wp\/v2\/comments?post=8681"}],"version-history":[{"count":2,"href":"https:\/\/agora.xtec.cat\/ceipberti\/wp-json\/wp\/v2\/posts\/8681\/revisions"}],"predecessor-version":[{"id":8683,"href":"https:\/\/agora.xtec.cat\/ceipberti\/wp-json\/wp\/v2\/posts\/8681\/revisions\/8683"}],"wp:featuredmedia":[{"embeddable":true,"href":"https:\/\/agora.xtec.cat\/ceipberti\/wp-json\/wp\/v2\/media\/8684"}],"wp:attachment":[{"href":"https:\/\/agora.xtec.cat\/ceipberti\/wp-json\/wp\/v2\/media?parent=8681"}],"wp:term":[{"taxonomy":"category","embeddable":true,"href":"https:\/\/agora.xtec.cat\/ceipberti\/wp-json\/wp\/v2\/categories?post=8681"},{"taxonomy":"post_tag","embeddable":true,"href":"https:\/\/agora.xtec.cat\/ceipberti\/wp-json\/wp\/v2\/tags?post=8681"}],"curies":[{"name":"wp","href":"https:\/\/api.w.org\/{rel}","templated":true}]}}