{"id":7403,"date":"2020-05-10T19:05:44","date_gmt":"2020-05-10T17:05:44","guid":{"rendered":"http:\/\/agora.xtec.cat\/ceipberti\/?p=7403"},"modified":"2020-05-10T19:17:20","modified_gmt":"2020-05-10T17:17:20","slug":"raco-de-la-calma-11-al-17-de-maig","status":"publish","type":"post","link":"https:\/\/agora.xtec.cat\/ceipberti\/petits\/raco-de-la-calma-11-al-17-de-maig\/","title":{"rendered":"Rac\u00f3 de la calma (11 al 17 de maig)"},"content":{"rendered":"<p style=\"margin: 14.0pt 0cm 14.0pt 0cm;\"><span style=\"white-space: pre-wrap;\"><span style=\"font-size: 14.0pt; font-family: 'Calibri','sans-serif'; color: black;\">Amb aquest rac\u00f3 podem ajudar als infants a autoregular el seu estat d\u2019\u00e0nim. Aquests dies a casa i amb el confinament segur que sovint costa gestionar les emocions, per aix\u00f2 hem pensat que ser\u00e0 una bona idea proposar-vos que feu el vostre rac\u00f3 de la calma.<\/span><\/span><\/p>\n<p>A continuaci\u00f3 del v\u00eddeo us adjuntem informaci\u00f3 relacionada amb la gesti\u00f3 de les emocions que hem pensat que pot ser del vostre inter\u00e8s.<\/p>\n<p><iframe loading=\"lazy\" src=\"https:\/\/www.youtube.com\/embed\/pzsn0xc8yqo\" width=\"560\" height=\"315\" frameborder=\"0\"><\/iframe><\/p>\n<ul>\n<li><span style=\"white-space: pre-wrap;\"><span style=\"font-size: 14.0pt; font-family: 'Calibri','sans-serif'; color: black;\">INFORMACI\u00d3 RELACIONADA AMB EL RAC\u00d3 DE LA CALMA<\/span><\/span><\/li>\n<\/ul>\n<p style=\"margin: 0cm 0cm 10.0pt 0cm;\"><a href=\"http:\/\/centrepsicologiacreixent.com\/raco-la-calma\/\"><span style=\"font-size: 14.0pt; font-family: 'Calibri','sans-serif';\"><span style=\"-webkit-text-decoration-skip: none; text-decoration-skip-ink: none; white-space: pre-wrap;\">http:\/\/centrepsicologiacreixent.com\/raco-la-calma\/<\/span><\/span><\/a><\/p>\n<ul>\n<li><span style=\"white-space: pre-wrap;\"><span style=\"font-size: 14.0pt; font-family: 'Calibri','sans-serif'; color: black;\">COM FER AMPOLLES SENSORIALS<\/span><\/span><\/li>\n<\/ul>\n<p style=\"margin: 0cm 0cm 10.0pt 0cm;\"><a href=\"https:\/\/locaacademiafamiliar.com\/ca\/2018\/com-fer-ampolles-sensorials-el-pot-de-la-calma\/\"><span style=\"font-size: 14.0pt; font-family: 'Calibri','sans-serif';\"><span style=\"-webkit-text-decoration-skip: none; text-decoration-skip-ink: none; white-space: pre-wrap;\">https:\/\/locaacademiafamiliar.com\/ca\/2018\/com-fer-ampolles-sensorials-el-pot-de-la-calma\/<\/span><\/span><\/a><\/p>\n<p style=\"margin: 0cm 0cm 10.0pt 0cm;\"><a href=\"https:\/\/maronadecolors.wordpress.com\/2016\/07\/21\/el-pot-de-la-calma\/\"><span style=\"font-size: 14.0pt; font-family: 'Calibri','sans-serif';\"><span style=\"-webkit-text-decoration-skip: none; text-decoration-skip-ink: none; white-space: pre-wrap;\">https:\/\/maronadecolors.wordpress.com\/2016\/07\/21\/el-pot-de-la-calma\/<\/span><\/span><\/a><\/p>\n<ul>\n<li><span style=\"white-space: pre-wrap;\"><span style=\"font-size: 14.0pt; font-family: 'Calibri','sans-serif'; color: black;\">PROGRAMA INFOK SUPER3<\/span><\/span><\/li>\n<\/ul>\n<p style=\"margin: 0cm 0cm 10.0pt 0cm;\"><a href=\"https:\/\/www.ccma.cat\/tv3\/super3\/infok\/infok-09042020\/video\/6038547\/\"><span style=\"font-size: 14.0pt; font-family: 'Calibri','sans-serif'; color: #1155cc;\"><span style=\"-webkit-text-decoration-skip: none; text-decoration-skip-ink: none; white-space: pre-wrap;\">https:\/\/www.ccma.cat\/tv3\/super3\/infok\/infok-09042020\/video\/6038547\/<\/span><\/span><\/a><\/p>\n<ul>\n<li><span style=\"white-space: pre-wrap;\"><span style=\"font-size: 14.0pt; font-family: 'Calibri','sans-serif'; color: black;\">ARTICLES<\/span><\/span><\/li>\n<\/ul>\n<p style=\"margin: 0cm 0cm 10.0pt 0cm;\"><a href=\"https:\/\/xarxanet.org\/opinio\/com-fem-viure-als-nostres-infants-el-confinament\"><span style=\"font-size: 14.0pt; font-family: 'Calibri','sans-serif'; color: #1155cc;\"><span style=\"-webkit-text-decoration-skip: none; text-decoration-skip-ink: none; white-space: pre-wrap;\">https:\/\/xarxanet.org\/opinio\/com-fem-viure-als-nostres-infants-el-confinament<\/span><\/span><\/a><span style=\"white-space: pre-wrap;\"><span style=\"font-size: 14.0pt; font-family: 'Calibri','sans-serif'; color: black;\">\u00a0<\/span><\/span><\/p>\n<ul>\n<li><span style=\"white-space: pre-wrap;\"><span style=\"font-size: 14.0pt; font-family: 'Calibri','sans-serif'; color: black;\">V\u00edDEO INTEL\u00b7LIG\u00c8NCIA EMOCIONAL<\/span><\/span><\/li>\n<\/ul>\n<p style=\"margin: 0cm 0cm 10.0pt 0cm;\"><span style=\"white-space: pre-wrap;\"><span style=\"font-size: 14.0pt; font-family: 'Calibri','sans-serif'; color: black;\">Tres recursos per a fam\u00edlies o mestres que faciliten que els m\u00e9s petits puguin gestionar les\u00a0 seves emocions. Que puguin passar de la ira a la calma, per despr\u00e9s poder-ne parlar i trobar qu\u00e8 \u00e9s el que tan poc els agrada i els fa enfadar tant.<\/span><\/span><\/p>\n<p style=\"margin: 0cm 0cm 10.0pt 0cm;\"><a href=\"https:\/\/youtu.be\/lkyxseWFURU\"><span style=\"font-size: 14.0pt; font-family: 'Calibri','sans-serif'; color: #1155cc;\"><span style=\"-webkit-text-decoration-skip: none; text-decoration-skip-ink: none; white-space: pre-wrap;\">https:\/\/youtu.be\/lkyxseWFURU<\/span><\/span><\/a><\/p>\n","protected":false},"excerpt":{"rendered":"<p>Us proposem fer el vsotre rac\u00f3 de la calma.<\/p>\n","protected":false},"author":1,"featured_media":7404,"comment_status":"open","ping_status":"closed","sticky":false,"template":"","format":"standard","meta":{"_bbp_topic_count":0,"_bbp_reply_count":0,"_bbp_total_topic_count":0,"_bbp_total_reply_count":0,"_bbp_voice_count":0,"_bbp_anonymous_reply_count":0,"_bbp_topic_count_hidden":0,"_bbp_reply_count_hidden":0,"_bbp_forum_subforum_count":0,"site-sidebar-layout":"default","site-content-layout":"","ast-site-content-layout":"","site-content-style":"default","site-sidebar-style":"default","ast-global-header-display":"","ast-banner-title-visibility":"","ast-main-header-display":"","ast-hfb-above-header-display":"","ast-hfb-below-header-display":"","ast-hfb-mobile-header-display":"","site-post-title":"","ast-breadcrumbs-content":"","ast-featured-img":"","footer-sml-layout":"","theme-transparent-header-meta":"","adv-header-id-meta":"","stick-header-meta":"","header-above-stick-meta":"","header-main-stick-meta":"","header-below-stick-meta":"","astra-migrate-meta-layouts":"default","ast-page-background-enabled":"default","ast-page-background-meta":{"desktop":{"background-color":"var(--ast-global-color-4)","background-image":"","background-repeat":"repeat","background-position":"center center","background-size":"auto","background-attachment":"scroll","background-type":"","background-media":"","overlay-type":"","overlay-color":"","overlay-opacity":"","overlay-gradient":""},"tablet":{"background-color":"","background-image":"","background-repeat":"repeat","background-position":"center center","background-size":"auto","background-attachment":"scroll","background-type":"","background-media":"","overlay-type":"","overlay-color":"","overlay-opacity":"","overlay-gradient":""},"mobile":{"background-color":"","background-image":"","background-repeat":"repeat","background-position":"center center","background-size":"auto","background-attachment":"scroll","background-type":"","background-media":"","overlay-type":"","overlay-color":"","overlay-opacity":"","overlay-gradient":""}},"ast-content-background-meta":{"desktop":{"background-color":"var(--ast-global-color-5)","background-image":"","background-repeat":"repeat","background-position":"center center","background-size":"auto","background-attachment":"scroll","background-type":"","background-media":"","overlay-type":"","overlay-color":"","overlay-opacity":"","overlay-gradient":""},"tablet":{"background-color":"var(--ast-global-color-5)","background-image":"","background-repeat":"repeat","background-position":"center center","background-size":"auto","background-attachment":"scroll","background-type":"","background-media":"","overlay-type":"","overlay-color":"","overlay-opacity":"","overlay-gradient":""},"mobile":{"background-color":"var(--ast-global-color-5)","background-image":"","background-repeat":"repeat","background-position":"center center","background-size":"auto","background-attachment":"scroll","background-type":"","background-media":"","overlay-type":"","overlay-color":"","overlay-opacity":"","overlay-gradient":""}},"footnotes":""},"categories":[3,8,9,2],"tags":[],"class_list":["post-7403","post","type-post","status-publish","format-standard","has-post-thumbnail","hentry","category-p3","category-p4","category-p5","category-petits"],"post_mailing_queue_ids":[],"_links":{"self":[{"href":"https:\/\/agora.xtec.cat\/ceipberti\/wp-json\/wp\/v2\/posts\/7403","targetHints":{"allow":["GET"]}}],"collection":[{"href":"https:\/\/agora.xtec.cat\/ceipberti\/wp-json\/wp\/v2\/posts"}],"about":[{"href":"https:\/\/agora.xtec.cat\/ceipberti\/wp-json\/wp\/v2\/types\/post"}],"author":[{"embeddable":true,"href":"https:\/\/agora.xtec.cat\/ceipberti\/wp-json\/wp\/v2\/users\/1"}],"replies":[{"embeddable":true,"href":"https:\/\/agora.xtec.cat\/ceipberti\/wp-json\/wp\/v2\/comments?post=7403"}],"version-history":[{"count":2,"href":"https:\/\/agora.xtec.cat\/ceipberti\/wp-json\/wp\/v2\/posts\/7403\/revisions"}],"predecessor-version":[{"id":7417,"href":"https:\/\/agora.xtec.cat\/ceipberti\/wp-json\/wp\/v2\/posts\/7403\/revisions\/7417"}],"wp:featuredmedia":[{"embeddable":true,"href":"https:\/\/agora.xtec.cat\/ceipberti\/wp-json\/wp\/v2\/media\/7404"}],"wp:attachment":[{"href":"https:\/\/agora.xtec.cat\/ceipberti\/wp-json\/wp\/v2\/media?parent=7403"}],"wp:term":[{"taxonomy":"category","embeddable":true,"href":"https:\/\/agora.xtec.cat\/ceipberti\/wp-json\/wp\/v2\/categories?post=7403"},{"taxonomy":"post_tag","embeddable":true,"href":"https:\/\/agora.xtec.cat\/ceipberti\/wp-json\/wp\/v2\/tags?post=7403"}],"curies":[{"name":"wp","href":"https:\/\/api.w.org\/{rel}","templated":true}]}}