{"id":7378,"date":"2020-05-09T19:18:14","date_gmt":"2020-05-09T17:18:14","guid":{"rendered":"http:\/\/agora.xtec.cat\/ceipberti\/?p=7378"},"modified":"2020-09-08T12:48:57","modified_gmt":"2020-09-08T10:48:57","slug":"calendari-i-fases-de-la-preinscripcio","status":"publish","type":"post","link":"https:\/\/agora.xtec.cat\/ceipberti\/portada\/calendari-i-fases-de-la-preinscripcio\/","title":{"rendered":"Calendari i fases de la preinscripci\u00f3 i matricula"},"content":{"rendered":"<p><!--more-->En aquest apartat us anirem informant de diferents aspectes referents a la preinscripci\u00f3, calendari i fases. <a href=\"http:\/\/queestudiar.gencat.cat\/ca\/preinscripcio\/estudis\/obligatoris\/calendari\/\">(preinscripci\u00f3.gencat.cat.)<\/a><\/p>\n<div class=\"FW_sPregunta FW_sImpacte\">\n<h4 id=\"FW_bloc_5ff9132d-55e8-11e4-aafa-000c29f68999_1\" class=\"FW_ancora\">Preinscripci\u00f3<\/h4>\n<div class=\"FW_sArticleFoto\">\n<div class=\"FW_sEditPro\">\n<ul>\n<li>Oferta inicial de places escolars: 8 de maig de 2020.<\/li>\n<\/ul>\n<p><strong><span style=\"color: #ff0000;\">OFERTA DE PLACES ESCOLA BERT\u00cd CURS 2020\/2021<\/span><\/strong><\/p>\n<p><strong><span style=\"color: #ff0000;\">Educaci\u00f3 infantil:<\/span><\/strong><\/p>\n<table>\n<tbody>\n<tr>\n<td><strong>P3<\/strong><\/td>\n<td>25 places (s&#8217;ampliar\u00e0 a 50 places en cas de tenir m\u00e9s preinscripcions que l&#8217;altra escola)<\/td>\n<\/tr>\n<tr>\n<td><strong>P4<\/strong><\/td>\n<td>13 places<\/td>\n<\/tr>\n<tr>\n<td><strong>P5<\/strong><\/td>\n<td>12 places<\/td>\n<\/tr>\n<\/tbody>\n<\/table>\n<p><strong><span style=\"color: #ff0000;\">Educaci\u00f3 prim\u00e0ria:<\/span><\/strong><\/p>\n<table>\n<tbody>\n<tr>\n<td><strong>1r<\/strong><\/td>\n<td>0 places<\/td>\n<td><strong>4t<\/strong><\/td>\n<td>1 pla\u00e7a<\/td>\n<\/tr>\n<tr>\n<td><strong>2n<\/strong><\/td>\n<td>2 places<\/td>\n<td><strong>5\u00e8<\/strong><\/td>\n<td>0 places<\/td>\n<\/tr>\n<tr>\n<td><strong>3r<\/strong><\/td>\n<td>3 places<\/td>\n<td><strong>6\u00e8<\/strong><\/td>\n<td>0 places<\/td>\n<\/tr>\n<\/tbody>\n<\/table>\n<ul>\n<li>Presentaci\u00f3 de sol\u00b7licituds en suport inform\u00e0tic: <strong>del 13 al 22 de maig de 2020<\/strong><\/li>\n<li>\n<div>Presentaci\u00f3 de sol\u00b7licituds presencialment amb cita pr\u00e8via:\u00a0<strong>del 19 al 22 de maig de 2020<\/strong><\/div>\n<\/li>\n<li>Presentaci\u00f3 de documentaci\u00f3: fins al 25 de maig de 2020<\/li>\n<\/ul>\n<p><strong>Av\u00eds: Les dates proposades del mes de juny i posteriors s\u00f3n provisionals i poden variar en funci\u00f3 de l&#8217;evoluci\u00f3 de la pand\u00e8mia.<\/strong><\/p>\n<ul>\n<li>Llista de sol\u00b7licituds amb la puntuaci\u00f3 provisional: 29 de maig de 2020. <span style=\"color: #ff0000;\"><strong>Podeu veure la llista amb el Barem provisional fent clic a<\/strong><\/span>: <a href=\"https:\/\/agora.xtec.cat\/ceipberti\/wp-content\/uploads\/usu199\/2020\/05\/INFORME_BAREM_PROVISIONAL_BAREM.pdf\">BAREM_PROVISIONAL<\/a><\/li>\n<li>Presentaci\u00f3 de reclamacions: del 2 al 5 de juny de 2020<\/li>\n<li>Llista de sol\u00b7licituds amb la puntuaci\u00f3 un cop resoltes les reclamacions: 9 de juny de 2020. <span style=\"color: #ff0000;\"><strong>Podeu veure la llista fent clic a<\/strong><\/span>: <a href=\"https:\/\/agora.xtec.cat\/ceipberti\/wp-content\/uploads\/usu199\/2020\/05\/INFORME_BAREM_RESOLTES_BAREM.pdf\">LLISTA AMB BAREM DEFINITIU<\/a><\/li>\n<li>Sorteig del n\u00famero de desempat: 9 de juny de 2020, a les 11 h.<\/li>\n<li>Llista ordenada definitiva: 11 de juny de 2020. <strong><span style=\"color: #ff0000;\">Podeu veure la llista fent clic a:<\/span><\/strong> <a href=\"https:\/\/agora.xtec.cat\/ceipberti\/wp-content\/uploads\/usu199\/2020\/05\/INFORME_BAREM_DEFINITIU_BAREM-2.pdf\">LLISTAT DEFINITIU ORDENAT<\/a><\/li>\n<li>Ampliaci\u00f3 de petici\u00f3 de centres per a les sol\u00b7licituds que no han obtingut cap assignaci\u00f3 (assignaci\u00f3 d&#8217;ofici): del del 26 al 29 de juny de 2020<\/li>\n<li>Oferta final de places escolars: 6 de juliol de 2020.<\/li>\n<li><strong>Llista d&#8217;alumnes admesos i llista d&#8217;espera: 7 de juliol de 2020.<\/strong><\/li>\n<li><span style=\"color: #ff0000;\"><strong>Podeu veure les llistes fent clic a: <\/strong><\/span>\n<ul>\n<li><span style=\"color: #ff0000;\"><a href=\"https:\/\/agora.xtec.cat\/ceipberti\/wp-content\/uploads\/usu199\/2020\/05\/INFORME_ASSIGNADES_INFORME_ASSIGNADES.pdf\">LLISTA D&#8217;ADMESOS AL CENTRE<\/a><\/span><\/li>\n<li><a href=\"https:\/\/agora.xtec.cat\/ceipberti\/wp-content\/uploads\/usu199\/2020\/05\/INFORME_LLISTA_ESPERA_OME_LLISTA_ESPERA.pdf\">LLISTA D&#8217;ESPERA<\/a><\/li>\n<li><a href=\"https:\/\/agora.xtec.cat\/ceipberti\/wp-content\/uploads\/usu199\/2020\/05\/INFORME_PREINSCRITES_OME_INFORME_PREINSCRITES_OME.pdf\">ALUMNES PREINSCRITS AL CENTRE<\/a><\/li>\n<\/ul>\n<\/li>\n<\/ul>\n<\/div>\n<\/div>\n<\/div>\n<div class=\"FW_sTitolFons\"><\/div>\n<div class=\"FW_sPregunta FW_sImpacte\">\n<h4 id=\"FW_bloc_5ff9132d-55e8-11e4-aafa-000c29f68999_2\" class=\"FW_ancora\">Matr\u00edcula<\/h4>\n<div class=\"FW_sArticleFoto\">\n<div class=\"FW_sEditPro\">\n<ul>\n<li>Alumnes preinscrits amb pla\u00e7a assignada a segon cicle d&#8217;educaci\u00f3 infantil, educaci\u00f3 prim\u00e0ria i ESO: <strong>del 13 al 17 de juliol de 2020<\/strong><\/li>\n<\/ul>\n<p>La llista d&#8217;alumnes matriculats al centre procedents del\u00a0proc\u00e9s de preinscripci\u00f3 i admissi\u00f3 es publica el 30 de setembre de 2020.<\/p>\n<\/div>\n<\/div>\n<\/div>\n<p>&nbsp;<\/p>\n","protected":false},"excerpt":{"rendered":"<p>En aquest apartat us informarem de diferents aspectes referents a la preinscripci\u00f3; calendari i fases.<\/p>\n","protected":false},"author":1,"featured_media":7385,"comment_status":"open","ping_status":"closed","sticky":false,"template":"","format":"standard","meta":{"_bbp_topic_count":0,"_bbp_reply_count":0,"_bbp_total_topic_count":0,"_bbp_total_reply_count":0,"_bbp_voice_count":0,"_bbp_anonymous_reply_count":0,"_bbp_topic_count_hidden":0,"_bbp_reply_count_hidden":0,"_bbp_forum_subforum_count":0,"site-sidebar-layout":"default","site-content-layout":"","ast-site-content-layout":"","site-content-style":"default","site-sidebar-style":"default","ast-global-header-display":"","ast-banner-title-visibility":"","ast-main-header-display":"","ast-hfb-above-header-display":"","ast-hfb-below-header-display":"","ast-hfb-mobile-header-display":"","site-post-title":"","ast-breadcrumbs-content":"","ast-featured-img":"","footer-sml-layout":"","theme-transparent-header-meta":"","adv-header-id-meta":"","stick-header-meta":"","header-above-stick-meta":"","header-main-stick-meta":"","header-below-stick-meta":"","astra-migrate-meta-layouts":"default","ast-page-background-enabled":"default","ast-page-background-meta":{"desktop":{"background-color":"var(--ast-global-color-4)","background-image":"","background-repeat":"repeat","background-position":"center center","background-size":"auto","background-attachment":"scroll","background-type":"","background-media":"","overlay-type":"","overlay-color":"","overlay-opacity":"","overlay-gradient":""},"tablet":{"background-color":"","background-image":"","background-repeat":"repeat","background-position":"center center","background-size":"auto","background-attachment":"scroll","background-type":"","background-media":"","overlay-type":"","overlay-color":"","overlay-opacity":"","overlay-gradient":""},"mobile":{"background-color":"","background-image":"","background-repeat":"repeat","background-position":"center center","background-size":"auto","background-attachment":"scroll","background-type":"","background-media":"","overlay-type":"","overlay-color":"","overlay-opacity":"","overlay-gradient":""}},"ast-content-background-meta":{"desktop":{"background-color":"var(--ast-global-color-5)","background-image":"","background-repeat":"repeat","background-position":"center center","background-size":"auto","background-attachment":"scroll","background-type":"","background-media":"","overlay-type":"","overlay-color":"","overlay-opacity":"","overlay-gradient":""},"tablet":{"background-color":"var(--ast-global-color-5)","background-image":"","background-repeat":"repeat","background-position":"center center","background-size":"auto","background-attachment":"scroll","background-type":"","background-media":"","overlay-type":"","overlay-color":"","overlay-opacity":"","overlay-gradient":""},"mobile":{"background-color":"var(--ast-global-color-5)","background-image":"","background-repeat":"repeat","background-position":"center center","background-size":"auto","background-attachment":"scroll","background-type":"","background-media":"","overlay-type":"","overlay-color":"","overlay-opacity":"","overlay-gradient":""}},"footnotes":""},"categories":[4],"tags":[],"class_list":["post-7378","post","type-post","status-publish","format-standard","has-post-thumbnail","hentry","category-portada"],"post_mailing_queue_ids":[],"_links":{"self":[{"href":"https:\/\/agora.xtec.cat\/ceipberti\/wp-json\/wp\/v2\/posts\/7378","targetHints":{"allow":["GET"]}}],"collection":[{"href":"https:\/\/agora.xtec.cat\/ceipberti\/wp-json\/wp\/v2\/posts"}],"about":[{"href":"https:\/\/agora.xtec.cat\/ceipberti\/wp-json\/wp\/v2\/types\/post"}],"author":[{"embeddable":true,"href":"https:\/\/agora.xtec.cat\/ceipberti\/wp-json\/wp\/v2\/users\/1"}],"replies":[{"embeddable":true,"href":"https:\/\/agora.xtec.cat\/ceipberti\/wp-json\/wp\/v2\/comments?post=7378"}],"version-history":[{"count":3,"href":"https:\/\/agora.xtec.cat\/ceipberti\/wp-json\/wp\/v2\/posts\/7378\/revisions"}],"predecessor-version":[{"id":7830,"href":"https:\/\/agora.xtec.cat\/ceipberti\/wp-json\/wp\/v2\/posts\/7378\/revisions\/7830"}],"wp:featuredmedia":[{"embeddable":true,"href":"https:\/\/agora.xtec.cat\/ceipberti\/wp-json\/wp\/v2\/media\/7385"}],"wp:attachment":[{"href":"https:\/\/agora.xtec.cat\/ceipberti\/wp-json\/wp\/v2\/media?parent=7378"}],"wp:term":[{"taxonomy":"category","embeddable":true,"href":"https:\/\/agora.xtec.cat\/ceipberti\/wp-json\/wp\/v2\/categories?post=7378"},{"taxonomy":"post_tag","embeddable":true,"href":"https:\/\/agora.xtec.cat\/ceipberti\/wp-json\/wp\/v2\/tags?post=7378"}],"curies":[{"name":"wp","href":"https:\/\/api.w.org\/{rel}","templated":true}]}}