{"id":6619,"date":"2020-02-18T12:44:28","date_gmt":"2020-02-18T11:44:28","guid":{"rendered":"http:\/\/agora.xtec.cat\/ceipberti\/?p=6619"},"modified":"2020-02-20T11:58:14","modified_gmt":"2020-02-20T10:58:14","slug":"arriba-el-rei-carnestoltes","status":"publish","type":"post","link":"https:\/\/agora.xtec.cat\/ceipberti\/general\/arriba-el-rei-carnestoltes\/","title":{"rendered":"Arriba el rei Carnestoltes!!"},"content":{"rendered":"<p>Avui hem rebut una de les visites m\u00e9s esperades del curs&#8230;la del REI CARNESTOLTES que aquest any anava acompanyat de la seva ajudant!!! Tots junts al pati l&#8217;hem esperat i els nens i nenes de 5\u00e8 li han llegit el preg\u00f3 que havien preparat!!! Llegiu-lo b\u00e9 i apunteu les consignes que comen\u00e7a la setmana de Carnaval!<\/p>\n<p>Podeu verure les fotos fent<a href=\"https:\/\/photos.app.goo.gl\/tf3awfuK6qqborLcA\"> clic aqu\u00ed.<\/a><\/p>\n<h4 style=\"text-align: center;\"><span style=\"text-decoration: underline;\"><strong>PREG\u00d3 DEL CARNESTOLTES 2020<\/strong><\/span><\/h4>\n<h5 style=\"text-align: center;\">Bon dia Escola Bert\u00ed,<\/h5>\n<h5 style=\"text-align: center;\">un any m\u00e9s torno a ser aqu\u00ed<\/h5>\n<h5 style=\"text-align: center;\">us parla el Rei Carnestoltes<\/h5>\n<h5 style=\"text-align: center;\">conegut com a Rei dels Poca-soltes.<\/h5>\n<p style=\"text-align: center;\">Comen\u00e7arem aquesta\u00a0 setmana<\/p>\n<p style=\"text-align: center;\">fent tanta gresca com ens doni la gana<\/p>\n<p style=\"text-align: center;\">ballarem riurem i cantarem,<\/p>\n<p style=\"text-align: center;\">i algun dia ens disfressarem.<\/p>\n<h5 style=\"text-align: center;\">Aquest dijous que ve<\/h5>\n<h5 style=\"text-align: center;\">celebrarem dijous llarder,<\/h5>\n<h5 style=\"text-align: center;\">pa amb tom\u00e0quet sucarem,<\/h5>\n<h5 style=\"text-align: center;\">i botifarra menjarem.<\/h5>\n<p style=\"text-align: center;\">Els nens i nenes de P5<\/p>\n<p style=\"text-align: center;\">ens ballaran gitanes<\/p>\n<p style=\"text-align: center;\">I com sempre,<\/p>\n<p style=\"text-align: center;\">ho faran amb moltes ganes!!<\/p>\n<h5 style=\"text-align: center;\">El senyor Carnestoltes cada dia ens dir\u00e0<\/h5>\n<h5 style=\"text-align: center;\">una consigna que haurem de portar<\/h5>\n<h5 style=\"text-align: center;\">dem\u00e0 tots amb els caps ben originals<\/h5>\n<h5 style=\"text-align: center;\">amb elements naturals.<\/h5>\n<p style=\"text-align: center;\">\u00c9s sabut per tothom que el planeta hem de cuidar<\/p>\n<p style=\"text-align: center;\">per aix\u00f2\u00a0 el dijous haureu de portar<\/p>\n<p style=\"text-align: center;\">un complement reciclat<\/p>\n<p style=\"text-align: center;\">en el vostre cos ben posat!!<\/p>\n<h5 style=\"text-align: center;\">\u00a0I per fi ser\u00e0 divendres<\/h5>\n<h5 style=\"text-align: center;\">I no menjarem faves tendres<\/h5>\n<h5 style=\"text-align: center;\">Anirem amb una disfressa ben divertida<\/h5>\n<h5 style=\"text-align: center;\">Per alegrar-nos la vida!<\/h5>\n<p style=\"text-align: center;\">\u00a0Aprofiteu per fer gresca i jugar<\/p>\n<p style=\"text-align: center;\">que\u00a0 la Vella Quaresma aviat arribar\u00e0<\/p>\n<p style=\"text-align: center;\">amb ella la diversi\u00f3 s\u2019acabar\u00e0<\/p>\n<p style=\"text-align: center;\">i a fer bondat sense parar!<\/p>\n<h5 style=\"text-align: center;\">\u00a0Als mestres hem de dir<\/h5>\n<h5 style=\"text-align: center;\">que es disfressin com tots els del Bert\u00ed<\/h5>\n<h5 style=\"text-align: center;\">que si no vindran els de sis\u00e8<\/h5>\n<h5 style=\"text-align: center;\">i de farina el cap els deixaran ben ple!<\/h5>\n<p style=\"text-align: center;\">Doncs ja no us dic res m\u00e9s<\/p>\n<p style=\"text-align: center;\">gaudiu molt del Carnaval<\/p>\n<p style=\"text-align: center;\">On com diu la dita<\/p>\n<p style=\"text-align: center;\">TOT S\u2019HI VAL!!<\/p>\n<h4 style=\"text-align: center;\">VISCA LA GRESCA I LA BOGERIA!!<\/h4>\n<p>&nbsp;<\/p>\n","protected":false},"excerpt":{"rendered":"<p>Avui hem rebut una de les visites m\u00e9s esperades del curs&#8230;la del REI CARNESTOLTES!!!<\/p>\n","protected":false},"author":1,"featured_media":6620,"comment_status":"open","ping_status":"closed","sticky":false,"template":"","format":"standard","meta":{"_bbp_topic_count":0,"_bbp_reply_count":0,"_bbp_total_topic_count":0,"_bbp_total_reply_count":0,"_bbp_voice_count":0,"_bbp_anonymous_reply_count":0,"_bbp_topic_count_hidden":0,"_bbp_reply_count_hidden":0,"_bbp_forum_subforum_count":0,"site-sidebar-layout":"default","site-content-layout":"","ast-site-content-layout":"","site-content-style":"default","site-sidebar-style":"default","ast-global-header-display":"","ast-banner-title-visibility":"","ast-main-header-display":"","ast-hfb-above-header-display":"","ast-hfb-below-header-display":"","ast-hfb-mobile-header-display":"","site-post-title":"","ast-breadcrumbs-content":"","ast-featured-img":"","footer-sml-layout":"","theme-transparent-header-meta":"","adv-header-id-meta":"","stick-header-meta":"","header-above-stick-meta":"","header-main-stick-meta":"","header-below-stick-meta":"","astra-migrate-meta-layouts":"default","ast-page-background-enabled":"default","ast-page-background-meta":{"desktop":{"background-color":"var(--ast-global-color-4)","background-image":"","background-repeat":"repeat","background-position":"center center","background-size":"auto","background-attachment":"scroll","background-type":"","background-media":"","overlay-type":"","overlay-color":"","overlay-opacity":"","overlay-gradient":""},"tablet":{"background-color":"","background-image":"","background-repeat":"repeat","background-position":"center center","background-size":"auto","background-attachment":"scroll","background-type":"","background-media":"","overlay-type":"","overlay-color":"","overlay-opacity":"","overlay-gradient":""},"mobile":{"background-color":"","background-image":"","background-repeat":"repeat","background-position":"center center","background-size":"auto","background-attachment":"scroll","background-type":"","background-media":"","overlay-type":"","overlay-color":"","overlay-opacity":"","overlay-gradient":""}},"ast-content-background-meta":{"desktop":{"background-color":"var(--ast-global-color-5)","background-image":"","background-repeat":"repeat","background-position":"center center","background-size":"auto","background-attachment":"scroll","background-type":"","background-media":"","overlay-type":"","overlay-color":"","overlay-opacity":"","overlay-gradient":""},"tablet":{"background-color":"var(--ast-global-color-5)","background-image":"","background-repeat":"repeat","background-position":"center center","background-size":"auto","background-attachment":"scroll","background-type":"","background-media":"","overlay-type":"","overlay-color":"","overlay-opacity":"","overlay-gradient":""},"mobile":{"background-color":"var(--ast-global-color-5)","background-image":"","background-repeat":"repeat","background-position":"center center","background-size":"auto","background-attachment":"scroll","background-type":"","background-media":"","overlay-type":"","overlay-color":"","overlay-opacity":"","overlay-gradient":""}},"footnotes":""},"categories":[1,32,30,2,4],"tags":[101],"class_list":["post-6619","post","type-post","status-publish","format-standard","has-post-thumbnail","hentry","category-general","category-grans","category-mitjans","category-petits","category-portada","tag-carnestoltes"],"post_mailing_queue_ids":[],"_links":{"self":[{"href":"https:\/\/agora.xtec.cat\/ceipberti\/wp-json\/wp\/v2\/posts\/6619","targetHints":{"allow":["GET"]}}],"collection":[{"href":"https:\/\/agora.xtec.cat\/ceipberti\/wp-json\/wp\/v2\/posts"}],"about":[{"href":"https:\/\/agora.xtec.cat\/ceipberti\/wp-json\/wp\/v2\/types\/post"}],"author":[{"embeddable":true,"href":"https:\/\/agora.xtec.cat\/ceipberti\/wp-json\/wp\/v2\/users\/1"}],"replies":[{"embeddable":true,"href":"https:\/\/agora.xtec.cat\/ceipberti\/wp-json\/wp\/v2\/comments?post=6619"}],"version-history":[{"count":3,"href":"https:\/\/agora.xtec.cat\/ceipberti\/wp-json\/wp\/v2\/posts\/6619\/revisions"}],"predecessor-version":[{"id":6639,"href":"https:\/\/agora.xtec.cat\/ceipberti\/wp-json\/wp\/v2\/posts\/6619\/revisions\/6639"}],"wp:featuredmedia":[{"embeddable":true,"href":"https:\/\/agora.xtec.cat\/ceipberti\/wp-json\/wp\/v2\/media\/6620"}],"wp:attachment":[{"href":"https:\/\/agora.xtec.cat\/ceipberti\/wp-json\/wp\/v2\/media?parent=6619"}],"wp:term":[{"taxonomy":"category","embeddable":true,"href":"https:\/\/agora.xtec.cat\/ceipberti\/wp-json\/wp\/v2\/categories?post=6619"},{"taxonomy":"post_tag","embeddable":true,"href":"https:\/\/agora.xtec.cat\/ceipberti\/wp-json\/wp\/v2\/tags?post=6619"}],"curies":[{"name":"wp","href":"https:\/\/api.w.org\/{rel}","templated":true}]}}