{"id":5656,"date":"2019-04-08T09:39:39","date_gmt":"2019-04-08T07:39:39","guid":{"rendered":"http:\/\/agora.xtec.cat\/ceipberti\/?p=5656"},"modified":"2019-04-08T09:39:39","modified_gmt":"2019-04-08T07:39:39","slug":"programacio-de-sant-jordi","status":"publish","type":"post","link":"https:\/\/agora.xtec.cat\/ceipberti\/general\/programacio-de-sant-jordi\/","title":{"rendered":"Programaci\u00f3 de Sant Jordi"},"content":{"rendered":"<p>Benvolgudes fam\u00edlies,<a href=\"https:\/\/agora.xtec.cat\/ceipberti\/wp-content\/uploads\/usu199\/2019\/04\/sant-jordi.png\"><img loading=\"lazy\" decoding=\"async\" class=\"size-full wp-image-5659 alignright\" src=\"https:\/\/agora.xtec.cat\/ceipberti\/wp-content\/uploads\/usu199\/2019\/04\/sant-jordi.png\" alt=\"\" width=\"171\" height=\"109\" \/><\/a><\/p>\n<p>El dia <strong>23 d\u2019abril,<\/strong> celebrarem Sant Jordi, amb el <strong><u>\u00a0<\/u><\/strong><strong><u>XXVIII Certamen Literari de Sant Jordi\u00a0 i els XXXVII JOCS FLORALS\u00a0 del Bert\u00ed<\/u><\/strong><\/p>\n<h5><span style=\"color: #0000ff;\"><strong><u>Mat\u00ed<\/u><\/strong> \u00a0(celebraci\u00f3 interna)<\/span><\/h5>\n<p><strong>De les 10.30h a les 12.15h:<\/strong> <strong>JOCS FLORALS<\/strong>\u00a0 Celebrarem la XXVIII Mostra Liter\u00e0ria i la XXXVII edici\u00f3 dels Jocs Florals al gimn\u00e0s.<\/p>\n<p>&nbsp;<\/p>\n<h5><span style=\"color: #0000ff;\"><strong><u>Tarda (amb les fam\u00edlies)\u00a0\u00a0\u00a0 <\/u><\/strong><strong><u>a les 15:15h obrirem portes<\/u><\/strong><\/span><\/h5>\n<ul>\n<li><strong>Els alumnes de 4t, cantaran una can\u00e7\u00f3 de la Cant\u00e0nia <\/strong><\/li>\n<li><strong>Ballada de gitanes a c\u00e0rrec de P5 i 3r.<\/strong><\/li>\n<\/ul>\n<p>&nbsp;<\/p>\n<ul>\n<li><strong><em>Hi haur\u00e0 la <u>paradeta de llibres<\/u> de l\u2019AMiPA de les 9 fins a les 17h.<\/em><\/strong><\/li>\n<li><strong><em>Els alumnes de 6\u00e8 faran la seva <u>parada de manualitats<\/u> pro col\u00f2nies. <\/em><\/strong><\/li>\n<\/ul>\n<h4><strong><em>Fam\u00edlies sou convidades a venir a la tarda i gaudir de les actuacions dels alumnes de P5, 3r i 4t.<\/em><\/strong><\/h4>\n<p style=\"text-align: right;\"><strong><em>\u00a0\u00a0\u00a0\u00a0\u00a0\u00a0\u00a0\u00a0\u00a0\u00a0\u00a0\u00a0\u00a0\u00a0 \u00a0<\/em><\/strong><strong>Bona diada de Sant Jordi!!!<\/strong><\/p>\n<h6><strong><em>\u00a0\u00a0\u00a0\u00a0\u00a0\u00a0\u00a0\u00a0\u00a0\u00a0\u00a0<span style=\"color: #ff0000;\">\u00a0\u00a0 En cas de pluja, les activitats de tarda les passarem a un altre dia<\/span><\/em><\/strong><\/h6>\n<p style=\"text-align: right;\"><strong>Equip de mestres de l\u2019escola Bert\u00ed<\/strong><strong><em><br \/>\n<\/em><\/strong><\/p>\n","protected":false},"excerpt":{"rendered":"<p>Benvolgudes fam\u00edlies,<br \/>\nEl dia 23 d\u2019abril, celebrarem Sant Jordi, amb el  XXVIII Certamen Literari de Sant Jordi  i els XXXVII JOCS FLORALS  del Bert\u00ed<\/p>\n","protected":false},"author":1,"featured_media":5659,"comment_status":"open","ping_status":"closed","sticky":false,"template":"","format":"standard","meta":{"_bbp_topic_count":0,"_bbp_reply_count":0,"_bbp_total_topic_count":0,"_bbp_total_reply_count":0,"_bbp_voice_count":0,"_bbp_anonymous_reply_count":0,"_bbp_topic_count_hidden":0,"_bbp_reply_count_hidden":0,"_bbp_forum_subforum_count":0,"site-sidebar-layout":"default","site-content-layout":"","ast-site-content-layout":"","site-content-style":"default","site-sidebar-style":"default","ast-global-header-display":"","ast-banner-title-visibility":"","ast-main-header-display":"","ast-hfb-above-header-display":"","ast-hfb-below-header-display":"","ast-hfb-mobile-header-display":"","site-post-title":"","ast-breadcrumbs-content":"","ast-featured-img":"","footer-sml-layout":"","theme-transparent-header-meta":"","adv-header-id-meta":"","stick-header-meta":"","header-above-stick-meta":"","header-main-stick-meta":"","header-below-stick-meta":"","astra-migrate-meta-layouts":"default","ast-page-background-enabled":"default","ast-page-background-meta":{"desktop":{"background-color":"var(--ast-global-color-4)","background-image":"","background-repeat":"repeat","background-position":"center center","background-size":"auto","background-attachment":"scroll","background-type":"","background-media":"","overlay-type":"","overlay-color":"","overlay-opacity":"","overlay-gradient":""},"tablet":{"background-color":"","background-image":"","background-repeat":"repeat","background-position":"center center","background-size":"auto","background-attachment":"scroll","background-type":"","background-media":"","overlay-type":"","overlay-color":"","overlay-opacity":"","overlay-gradient":""},"mobile":{"background-color":"","background-image":"","background-repeat":"repeat","background-position":"center center","background-size":"auto","background-attachment":"scroll","background-type":"","background-media":"","overlay-type":"","overlay-color":"","overlay-opacity":"","overlay-gradient":""}},"ast-content-background-meta":{"desktop":{"background-color":"var(--ast-global-color-5)","background-image":"","background-repeat":"repeat","background-position":"center center","background-size":"auto","background-attachment":"scroll","background-type":"","background-media":"","overlay-type":"","overlay-color":"","overlay-opacity":"","overlay-gradient":""},"tablet":{"background-color":"var(--ast-global-color-5)","background-image":"","background-repeat":"repeat","background-position":"center center","background-size":"auto","background-attachment":"scroll","background-type":"","background-media":"","overlay-type":"","overlay-color":"","overlay-opacity":"","overlay-gradient":""},"mobile":{"background-color":"var(--ast-global-color-5)","background-image":"","background-repeat":"repeat","background-position":"center center","background-size":"auto","background-attachment":"scroll","background-type":"","background-media":"","overlay-type":"","overlay-color":"","overlay-opacity":"","overlay-gradient":""}},"footnotes":""},"categories":[1,4],"tags":[],"class_list":["post-5656","post","type-post","status-publish","format-standard","has-post-thumbnail","hentry","category-general","category-portada"],"post_mailing_queue_ids":[],"_links":{"self":[{"href":"https:\/\/agora.xtec.cat\/ceipberti\/wp-json\/wp\/v2\/posts\/5656","targetHints":{"allow":["GET"]}}],"collection":[{"href":"https:\/\/agora.xtec.cat\/ceipberti\/wp-json\/wp\/v2\/posts"}],"about":[{"href":"https:\/\/agora.xtec.cat\/ceipberti\/wp-json\/wp\/v2\/types\/post"}],"author":[{"embeddable":true,"href":"https:\/\/agora.xtec.cat\/ceipberti\/wp-json\/wp\/v2\/users\/1"}],"replies":[{"embeddable":true,"href":"https:\/\/agora.xtec.cat\/ceipberti\/wp-json\/wp\/v2\/comments?post=5656"}],"version-history":[{"count":3,"href":"https:\/\/agora.xtec.cat\/ceipberti\/wp-json\/wp\/v2\/posts\/5656\/revisions"}],"predecessor-version":[{"id":5662,"href":"https:\/\/agora.xtec.cat\/ceipberti\/wp-json\/wp\/v2\/posts\/5656\/revisions\/5662"}],"wp:featuredmedia":[{"embeddable":true,"href":"https:\/\/agora.xtec.cat\/ceipberti\/wp-json\/wp\/v2\/media\/5659"}],"wp:attachment":[{"href":"https:\/\/agora.xtec.cat\/ceipberti\/wp-json\/wp\/v2\/media?parent=5656"}],"wp:term":[{"taxonomy":"category","embeddable":true,"href":"https:\/\/agora.xtec.cat\/ceipberti\/wp-json\/wp\/v2\/categories?post=5656"},{"taxonomy":"post_tag","embeddable":true,"href":"https:\/\/agora.xtec.cat\/ceipberti\/wp-json\/wp\/v2\/tags?post=5656"}],"curies":[{"name":"wp","href":"https:\/\/api.w.org\/{rel}","templated":true}]}}