{"id":5602,"date":"2019-03-27T13:32:58","date_gmt":"2019-03-27T12:32:58","guid":{"rendered":"http:\/\/agora.xtec.cat\/ceipberti\/?p=5602"},"modified":"2019-04-03T11:55:34","modified_gmt":"2019-04-03T09:55:34","slug":"exposicio-a-la-sala-carles-sindreu","status":"publish","type":"post","link":"https:\/\/agora.xtec.cat\/ceipberti\/portada\/exposicio-a-la-sala-carles-sindreu\/","title":{"rendered":"Exposici\u00f3 a la Sala Carles Sindreu"},"content":{"rendered":"<p>Benvolgudes fam\u00edlies,<\/p>\n<p>El divendres dia 29 de mar\u00e7, s\u2019inaugura l\u2019exposici\u00f3: III mostra art i escola. Aquest curs amb el tema: \u201cla natura que ens envolta\u201d.<\/p>\n<p>L\u2019exposici\u00f3 estar\u00e0 oberta del 29 de mar\u00e7 al 7 d\u2019abril a la Sala Sindreu.<\/p>\n<p>Els nens i nenes de l\u2019escola Bert\u00ed i hem participat i ens han quedat uns murals i unes maquetes molt maques.<\/p>\n<p>Esperem la vostra visita.<\/p>\n<p><a href=\"https:\/\/agora.xtec.cat\/ceipberti\/wp-content\/uploads\/usu199\/2019\/03\/EXPOSICIO-ARTISTES-bERT\u00cd.jpg\"><img loading=\"lazy\" decoding=\"async\" class=\"alignnone size-large wp-image-5604\" src=\"https:\/\/agora.xtec.cat\/ceipberti\/wp-content\/uploads\/usu199\/2019\/03\/EXPOSICIO-ARTISTES-bERT\u00cd-1024x768.jpg\" alt=\"\" width=\"1024\" height=\"768\" srcset=\"https:\/\/agora.xtec.cat\/ceipberti\/wp-content\/uploads\/usu199\/2019\/03\/EXPOSICIO-ARTISTES-bERT\u00cd-1024x768.jpg 1024w, https:\/\/agora.xtec.cat\/ceipberti\/wp-content\/uploads\/usu199\/2019\/03\/EXPOSICIO-ARTISTES-bERT\u00cd-300x225.jpg 300w, https:\/\/agora.xtec.cat\/ceipberti\/wp-content\/uploads\/usu199\/2019\/03\/EXPOSICIO-ARTISTES-bERT\u00cd-768x576.jpg 768w, https:\/\/agora.xtec.cat\/ceipberti\/wp-content\/uploads\/usu199\/2019\/03\/EXPOSICIO-ARTISTES-bERT\u00cd-200x150.jpg 200w, https:\/\/agora.xtec.cat\/ceipberti\/wp-content\/uploads\/usu199\/2019\/03\/EXPOSICIO-ARTISTES-bERT\u00cd.jpg 1600w\" sizes=\"auto, (max-width: 1024px) 100vw, 1024px\" \/><\/a><\/p>\n","protected":false},"excerpt":{"rendered":"<p>Benvolgudes fam\u00edlies,<\/p>\n<p>El divendres dia 29 de mar\u00e7, s\u2019inaugura l\u2019exposici\u00f3: III mostra art i escola. Aquest curs amb el tema: \u201cla natura que ens envolta\u201d.<\/p>\n","protected":false},"author":1,"featured_media":5603,"comment_status":"open","ping_status":"closed","sticky":false,"template":"","format":"standard","meta":{"_bbp_topic_count":0,"_bbp_reply_count":0,"_bbp_total_topic_count":0,"_bbp_total_reply_count":0,"_bbp_voice_count":0,"_bbp_anonymous_reply_count":0,"_bbp_topic_count_hidden":0,"_bbp_reply_count_hidden":0,"_bbp_forum_subforum_count":0,"site-sidebar-layout":"default","site-content-layout":"","ast-site-content-layout":"","site-content-style":"default","site-sidebar-style":"default","ast-global-header-display":"","ast-banner-title-visibility":"","ast-main-header-display":"","ast-hfb-above-header-display":"","ast-hfb-below-header-display":"","ast-hfb-mobile-header-display":"","site-post-title":"","ast-breadcrumbs-content":"","ast-featured-img":"","footer-sml-layout":"","theme-transparent-header-meta":"","adv-header-id-meta":"","stick-header-meta":"","header-above-stick-meta":"","header-main-stick-meta":"","header-below-stick-meta":"","astra-migrate-meta-layouts":"default","ast-page-background-enabled":"default","ast-page-background-meta":{"desktop":{"background-color":"var(--ast-global-color-4)","background-image":"","background-repeat":"repeat","background-position":"center center","background-size":"auto","background-attachment":"scroll","background-type":"","background-media":"","overlay-type":"","overlay-color":"","overlay-opacity":"","overlay-gradient":""},"tablet":{"background-color":"","background-image":"","background-repeat":"repeat","background-position":"center center","background-size":"auto","background-attachment":"scroll","background-type":"","background-media":"","overlay-type":"","overlay-color":"","overlay-opacity":"","overlay-gradient":""},"mobile":{"background-color":"","background-image":"","background-repeat":"repeat","background-position":"center center","background-size":"auto","background-attachment":"scroll","background-type":"","background-media":"","overlay-type":"","overlay-color":"","overlay-opacity":"","overlay-gradient":""}},"ast-content-background-meta":{"desktop":{"background-color":"var(--ast-global-color-5)","background-image":"","background-repeat":"repeat","background-position":"center center","background-size":"auto","background-attachment":"scroll","background-type":"","background-media":"","overlay-type":"","overlay-color":"","overlay-opacity":"","overlay-gradient":""},"tablet":{"background-color":"var(--ast-global-color-5)","background-image":"","background-repeat":"repeat","background-position":"center center","background-size":"auto","background-attachment":"scroll","background-type":"","background-media":"","overlay-type":"","overlay-color":"","overlay-opacity":"","overlay-gradient":""},"mobile":{"background-color":"var(--ast-global-color-5)","background-image":"","background-repeat":"repeat","background-position":"center center","background-size":"auto","background-attachment":"scroll","background-type":"","background-media":"","overlay-type":"","overlay-color":"","overlay-opacity":"","overlay-gradient":""}},"footnotes":""},"categories":[4],"tags":[],"class_list":["post-5602","post","type-post","status-publish","format-standard","has-post-thumbnail","hentry","category-portada"],"post_mailing_queue_ids":[],"_links":{"self":[{"href":"https:\/\/agora.xtec.cat\/ceipberti\/wp-json\/wp\/v2\/posts\/5602","targetHints":{"allow":["GET"]}}],"collection":[{"href":"https:\/\/agora.xtec.cat\/ceipberti\/wp-json\/wp\/v2\/posts"}],"about":[{"href":"https:\/\/agora.xtec.cat\/ceipberti\/wp-json\/wp\/v2\/types\/post"}],"author":[{"embeddable":true,"href":"https:\/\/agora.xtec.cat\/ceipberti\/wp-json\/wp\/v2\/users\/1"}],"replies":[{"embeddable":true,"href":"https:\/\/agora.xtec.cat\/ceipberti\/wp-json\/wp\/v2\/comments?post=5602"}],"version-history":[{"count":1,"href":"https:\/\/agora.xtec.cat\/ceipberti\/wp-json\/wp\/v2\/posts\/5602\/revisions"}],"predecessor-version":[{"id":5605,"href":"https:\/\/agora.xtec.cat\/ceipberti\/wp-json\/wp\/v2\/posts\/5602\/revisions\/5605"}],"wp:featuredmedia":[{"embeddable":true,"href":"https:\/\/agora.xtec.cat\/ceipberti\/wp-json\/wp\/v2\/media\/5603"}],"wp:attachment":[{"href":"https:\/\/agora.xtec.cat\/ceipberti\/wp-json\/wp\/v2\/media?parent=5602"}],"wp:term":[{"taxonomy":"category","embeddable":true,"href":"https:\/\/agora.xtec.cat\/ceipberti\/wp-json\/wp\/v2\/categories?post=5602"},{"taxonomy":"post_tag","embeddable":true,"href":"https:\/\/agora.xtec.cat\/ceipberti\/wp-json\/wp\/v2\/tags?post=5602"}],"curies":[{"name":"wp","href":"https:\/\/api.w.org\/{rel}","templated":true}]}}