{"id":5552,"date":"2019-03-13T12:30:36","date_gmt":"2019-03-13T11:30:36","guid":{"rendered":"http:\/\/agora.xtec.cat\/ceipberti\/?p=5552"},"modified":"2019-03-13T12:30:36","modified_gmt":"2019-03-13T11:30:36","slug":"projecte-fem-dansa","status":"publish","type":"post","link":"https:\/\/agora.xtec.cat\/ceipberti\/general\/projecte-fem-dansa\/","title":{"rendered":"Projecte Fem Dansa"},"content":{"rendered":"<p>Aquest curs, la nostra escola participar\u00e0 en el projecte \u201cFem dansa\u201d, un projecte que s\u2018inicia per primera vegada a la nostra zona i que est\u00e0 destinat a l\u2019alumnat de P5 i 2n de Prim\u00e0ria.<\/p>\n<p>El projecte implica d\u2019una formaci\u00f3 dels mestres dels centres participants i pel que fa a l\u2019alumnat,\u00a0 consta de dues parts: Per una banda, un treball a l\u2019escola, sobretot a l\u2019\u00e0rea de m\u00fasica i de psicomotricitat (a P5) i d\u2019educaci\u00f3 f\u00edsica (2n) on es treballa la dansa i el moviment; i per altra banda, i com a cloenda de tot el treball fet a al llarg del curs, una ballada conjunta amb totes les escoles que hi ha participat.<\/p>\n<p>Els principals objectius del \u201cFem dansa\u201d s\u00f3n afavorir la sistematitzaci\u00f3 del llenguatge corporal en els centres d\u2019infantil i prim\u00e0ria de la zona; con\u00e8ixer i difondre les danses populars catalanes; treballar el moviment i la dansa a partir de m\u00fasiques contempor\u00e0nies; gaudir a l\u2019hora de ballar; potenciar els valors de l\u2019autoestima, el respecte, la coeducaci\u00f3, la toler\u00e0ncia, el treball en equip,&#8230; que implica ballar amb grup; promoure l\u2019intercanvi entre mestres i alumnes dels diferents centres de la zona i la participaci\u00f3 en una activitat conjunta; i facilitar als alumnes de P5 i 2n la possibilitat de ser espectadors d\u2019un esdeveniment cultural, entre altres.<\/p>\n<p>Aquest curs hi participem un total de nou centres, de cinc municipis: Les dues escoles de l\u2019Ametlla del Vall\u00e8s, les quatre escoles p\u00fabliques de La Garriga, una de Lli\u00e7\u00e0 d\u2019Amunt, una de Lli\u00e7\u00e0 de Vall i una de Sant Feliu de Codines, amb un total de 585 alumnes de P5 i 2n.<\/p>\n<p>A l\u2019escola, ja fa mesos que estem treballant les diferents danses i la ballada final ser\u00e0 el divendres 24 de maig al mat\u00ed a La Garriga. Encara falta concretar el lloc i l\u2019hora.<\/p>\n<p>\u00c9s un projecte que creiem que \u00e9s molt enriquidor per a totes les parts implicades, que ja fa anys que funciona a altres zones i que poc a poc va creixent, i nosaltres hi estem participant amb molta il\u00b7lusi\u00f3.<\/p>\n<p>Mestres de M\u00fasica, Psicomotricitat i Educaci\u00f3 F\u00edsica. Mestres tutores de P5 i 2n<\/p>\n","protected":false},"excerpt":{"rendered":"<p>Aquest curs, la nostra escola participar\u00e0 en el projecte \u201cFem dansa\u201d, un projecte que s\u2018inicia per primera vegada a la nostra zona i que est\u00e0 destinat a l\u2019alumnat de P5 i 2n de Prim\u00e0ria.<\/p>\n","protected":false},"author":1,"featured_media":0,"comment_status":"open","ping_status":"closed","sticky":false,"template":"","format":"standard","meta":{"_bbp_topic_count":0,"_bbp_reply_count":0,"_bbp_total_topic_count":0,"_bbp_total_reply_count":0,"_bbp_voice_count":0,"_bbp_anonymous_reply_count":0,"_bbp_topic_count_hidden":0,"_bbp_reply_count_hidden":0,"_bbp_forum_subforum_count":0,"site-sidebar-layout":"default","site-content-layout":"","ast-site-content-layout":"","site-content-style":"default","site-sidebar-style":"default","ast-global-header-display":"","ast-banner-title-visibility":"","ast-main-header-display":"","ast-hfb-above-header-display":"","ast-hfb-below-header-display":"","ast-hfb-mobile-header-display":"","site-post-title":"","ast-breadcrumbs-content":"","ast-featured-img":"","footer-sml-layout":"","theme-transparent-header-meta":"","adv-header-id-meta":"","stick-header-meta":"","header-above-stick-meta":"","header-main-stick-meta":"","header-below-stick-meta":"","astra-migrate-meta-layouts":"default","ast-page-background-enabled":"default","ast-page-background-meta":{"desktop":{"background-color":"var(--ast-global-color-4)","background-image":"","background-repeat":"repeat","background-position":"center center","background-size":"auto","background-attachment":"scroll","background-type":"","background-media":"","overlay-type":"","overlay-color":"","overlay-opacity":"","overlay-gradient":""},"tablet":{"background-color":"","background-image":"","background-repeat":"repeat","background-position":"center center","background-size":"auto","background-attachment":"scroll","background-type":"","background-media":"","overlay-type":"","overlay-color":"","overlay-opacity":"","overlay-gradient":""},"mobile":{"background-color":"","background-image":"","background-repeat":"repeat","background-position":"center center","background-size":"auto","background-attachment":"scroll","background-type":"","background-media":"","overlay-type":"","overlay-color":"","overlay-opacity":"","overlay-gradient":""}},"ast-content-background-meta":{"desktop":{"background-color":"var(--ast-global-color-5)","background-image":"","background-repeat":"repeat","background-position":"center center","background-size":"auto","background-attachment":"scroll","background-type":"","background-media":"","overlay-type":"","overlay-color":"","overlay-opacity":"","overlay-gradient":""},"tablet":{"background-color":"var(--ast-global-color-5)","background-image":"","background-repeat":"repeat","background-position":"center center","background-size":"auto","background-attachment":"scroll","background-type":"","background-media":"","overlay-type":"","overlay-color":"","overlay-opacity":"","overlay-gradient":""},"mobile":{"background-color":"var(--ast-global-color-5)","background-image":"","background-repeat":"repeat","background-position":"center center","background-size":"auto","background-attachment":"scroll","background-type":"","background-media":"","overlay-type":"","overlay-color":"","overlay-opacity":"","overlay-gradient":""}},"footnotes":""},"categories":[11,1,30,9,2,4,5],"tags":[],"class_list":["post-5552","post","type-post","status-publish","format-standard","hentry","category-2n","category-general","category-mitjans","category-p5","category-petits","category-portada","category-primaria"],"post_mailing_queue_ids":[],"_links":{"self":[{"href":"https:\/\/agora.xtec.cat\/ceipberti\/wp-json\/wp\/v2\/posts\/5552","targetHints":{"allow":["GET"]}}],"collection":[{"href":"https:\/\/agora.xtec.cat\/ceipberti\/wp-json\/wp\/v2\/posts"}],"about":[{"href":"https:\/\/agora.xtec.cat\/ceipberti\/wp-json\/wp\/v2\/types\/post"}],"author":[{"embeddable":true,"href":"https:\/\/agora.xtec.cat\/ceipberti\/wp-json\/wp\/v2\/users\/1"}],"replies":[{"embeddable":true,"href":"https:\/\/agora.xtec.cat\/ceipberti\/wp-json\/wp\/v2\/comments?post=5552"}],"version-history":[{"count":1,"href":"https:\/\/agora.xtec.cat\/ceipberti\/wp-json\/wp\/v2\/posts\/5552\/revisions"}],"predecessor-version":[{"id":5553,"href":"https:\/\/agora.xtec.cat\/ceipberti\/wp-json\/wp\/v2\/posts\/5552\/revisions\/5553"}],"wp:attachment":[{"href":"https:\/\/agora.xtec.cat\/ceipberti\/wp-json\/wp\/v2\/media?parent=5552"}],"wp:term":[{"taxonomy":"category","embeddable":true,"href":"https:\/\/agora.xtec.cat\/ceipberti\/wp-json\/wp\/v2\/categories?post=5552"},{"taxonomy":"post_tag","embeddable":true,"href":"https:\/\/agora.xtec.cat\/ceipberti\/wp-json\/wp\/v2\/tags?post=5552"}],"curies":[{"name":"wp","href":"https:\/\/api.w.org\/{rel}","templated":true}]}}