{"id":5466,"date":"2019-03-06T12:27:27","date_gmt":"2019-03-06T11:27:27","guid":{"rendered":"http:\/\/agora.xtec.cat\/ceipberti\/?p=5466"},"modified":"2019-03-06T12:27:27","modified_gmt":"2019-03-06T11:27:27","slug":"escola-nova-21-la-creacio-de-la-visio-de-centre","status":"publish","type":"post","link":"https:\/\/agora.xtec.cat\/ceipberti\/general\/escola-nova-21-la-creacio-de-la-visio-de-centre\/","title":{"rendered":"Escola Nova 21. La creaci\u00f3 de la visi\u00f3 de centre"},"content":{"rendered":"<p>El curs 2017-2018 l\u2019equip impulsor de l\u2019Escola Nova 21 va proposar a l\u2019equip directiu tornar a reformular la visi\u00f3 de centre ,per tal d\u2019avan\u00e7ar en el cam\u00ed cap a l\u2019escola avan\u00e7ada, tal i com ens suggerien a la xarxa d\u2019EN21 la qual formem part des del curs 2016-2017.<\/p>\n<p>Per tal de crear la visi\u00f3 de centre pensant en els nostres alumnes a l\u2019any 2030 vam programar unes din\u00e0miques per als alumnes del centre (2017-18) i tamb\u00e9 pel claustre de mestres (2017-18), i posteriorment amb les fam\u00edlies a principis del curs 2018-19.<\/p>\n<p>L\u2019objectiu de tota aquesta feina \u00e9s crear una visi\u00f3, un lema de com a molt de 20 paraules que ens defineixi com a l\u2019escola i marqui el cam\u00ed a seguir en un futur.<\/p>\n<p>Teniu una petita explicaci\u00f3 en la presentaci\u00f3 <a href=\"https:\/\/docs.google.com\/presentation\/d\/109HDznMGa6Lu5-FkC6vXj_WIUkHpcmjCPq4IDOWP-s0\/edit?usp=sharing\">\u201c La creaci\u00f3 de la visi\u00f3 de centre\u201d.<\/a><\/p>\n<p><a href=\"https:\/\/agora.xtec.cat\/ceipberti\/wp-content\/uploads\/usu199\/2019\/03\/1.png\"><img loading=\"lazy\" decoding=\"async\" class=\"alignnone size-full wp-image-5467\" src=\"https:\/\/agora.xtec.cat\/ceipberti\/wp-content\/uploads\/usu199\/2019\/03\/1.png\" alt=\"\" width=\"521\" height=\"219\" srcset=\"https:\/\/agora.xtec.cat\/ceipberti\/wp-content\/uploads\/usu199\/2019\/03\/1.png 521w, https:\/\/agora.xtec.cat\/ceipberti\/wp-content\/uploads\/usu199\/2019\/03\/1-300x126.png 300w\" sizes=\"auto, (max-width: 521px) 100vw, 521px\" \/><\/a><\/p>\n<p>Planificaci\u00f3 de la Visi\u00f3 de centre:<\/p>\n<p><a href=\"https:\/\/agora.xtec.cat\/ceipberti\/wp-content\/uploads\/usu199\/2019\/03\/2.png\"><img loading=\"lazy\" decoding=\"async\" class=\"alignnone size-full wp-image-5468\" src=\"https:\/\/agora.xtec.cat\/ceipberti\/wp-content\/uploads\/usu199\/2019\/03\/2.png\" alt=\"\" width=\"466\" height=\"171\" srcset=\"https:\/\/agora.xtec.cat\/ceipberti\/wp-content\/uploads\/usu199\/2019\/03\/2.png 466w, https:\/\/agora.xtec.cat\/ceipberti\/wp-content\/uploads\/usu199\/2019\/03\/2-300x110.png 300w\" sizes=\"auto, (max-width: 466px) 100vw, 466px\" \/><\/a><\/p>\n<p>L\u2019equip impulsor tenim ara un gran repte que \u00e9s fer el buidatge de les din\u00e0miques de les fam\u00edlies per poder confegir juntament amb la visi\u00f3 dels alumnes i mestres, per posteriorment crear una visi\u00f3 \u00fanica.<\/p>\n<p><a href=\"https:\/\/photos.app.goo.gl\/PMoifjuP9pzxLTwt5\">Si feu &#8220;clic aqu\u00ed&#8221; podreu veure el proc\u00e9s de la creaci\u00f3 de la visi\u00f3 de centre dels alumnes, dels mestres i de les fam\u00edlies.<\/a><\/p>\n<p>Equip impulsor EN21<\/p>\n","protected":false},"excerpt":{"rendered":"<p>El curs 2017-2018 l\u2019equip impulsor de l\u2019Escola Nova 21 va proposar a l\u2019equip directiu tornar a reformular la visi\u00f3 de centre ,per tal d\u2019avan\u00e7ar en el cam\u00ed cap a l\u2019escola avan\u00e7ada, tal i com ens suggerien a la xarxa d\u2019EN21 la qual formem part des del curs 2016-2017.<\/p>\n","protected":false},"author":1,"featured_media":5469,"comment_status":"open","ping_status":"closed","sticky":false,"template":"","format":"standard","meta":{"_bbp_topic_count":0,"_bbp_reply_count":0,"_bbp_total_topic_count":0,"_bbp_total_reply_count":0,"_bbp_voice_count":0,"_bbp_anonymous_reply_count":0,"_bbp_topic_count_hidden":0,"_bbp_reply_count_hidden":0,"_bbp_forum_subforum_count":0,"site-sidebar-layout":"default","site-content-layout":"","ast-site-content-layout":"","site-content-style":"default","site-sidebar-style":"default","ast-global-header-display":"","ast-banner-title-visibility":"","ast-main-header-display":"","ast-hfb-above-header-display":"","ast-hfb-below-header-display":"","ast-hfb-mobile-header-display":"","site-post-title":"","ast-breadcrumbs-content":"","ast-featured-img":"","footer-sml-layout":"","theme-transparent-header-meta":"","adv-header-id-meta":"","stick-header-meta":"","header-above-stick-meta":"","header-main-stick-meta":"","header-below-stick-meta":"","astra-migrate-meta-layouts":"default","ast-page-background-enabled":"default","ast-page-background-meta":{"desktop":{"background-color":"var(--ast-global-color-4)","background-image":"","background-repeat":"repeat","background-position":"center center","background-size":"auto","background-attachment":"scroll","background-type":"","background-media":"","overlay-type":"","overlay-color":"","overlay-opacity":"","overlay-gradient":""},"tablet":{"background-color":"","background-image":"","background-repeat":"repeat","background-position":"center center","background-size":"auto","background-attachment":"scroll","background-type":"","background-media":"","overlay-type":"","overlay-color":"","overlay-opacity":"","overlay-gradient":""},"mobile":{"background-color":"","background-image":"","background-repeat":"repeat","background-position":"center center","background-size":"auto","background-attachment":"scroll","background-type":"","background-media":"","overlay-type":"","overlay-color":"","overlay-opacity":"","overlay-gradient":""}},"ast-content-background-meta":{"desktop":{"background-color":"var(--ast-global-color-5)","background-image":"","background-repeat":"repeat","background-position":"center center","background-size":"auto","background-attachment":"scroll","background-type":"","background-media":"","overlay-type":"","overlay-color":"","overlay-opacity":"","overlay-gradient":""},"tablet":{"background-color":"var(--ast-global-color-5)","background-image":"","background-repeat":"repeat","background-position":"center center","background-size":"auto","background-attachment":"scroll","background-type":"","background-media":"","overlay-type":"","overlay-color":"","overlay-opacity":"","overlay-gradient":""},"mobile":{"background-color":"var(--ast-global-color-5)","background-image":"","background-repeat":"repeat","background-position":"center center","background-size":"auto","background-attachment":"scroll","background-type":"","background-media":"","overlay-type":"","overlay-color":"","overlay-opacity":"","overlay-gradient":""}},"footnotes":""},"categories":[1,4],"tags":[],"class_list":["post-5466","post","type-post","status-publish","format-standard","has-post-thumbnail","hentry","category-general","category-portada"],"post_mailing_queue_ids":[],"_links":{"self":[{"href":"https:\/\/agora.xtec.cat\/ceipberti\/wp-json\/wp\/v2\/posts\/5466","targetHints":{"allow":["GET"]}}],"collection":[{"href":"https:\/\/agora.xtec.cat\/ceipberti\/wp-json\/wp\/v2\/posts"}],"about":[{"href":"https:\/\/agora.xtec.cat\/ceipberti\/wp-json\/wp\/v2\/types\/post"}],"author":[{"embeddable":true,"href":"https:\/\/agora.xtec.cat\/ceipberti\/wp-json\/wp\/v2\/users\/1"}],"replies":[{"embeddable":true,"href":"https:\/\/agora.xtec.cat\/ceipberti\/wp-json\/wp\/v2\/comments?post=5466"}],"version-history":[{"count":2,"href":"https:\/\/agora.xtec.cat\/ceipberti\/wp-json\/wp\/v2\/posts\/5466\/revisions"}],"predecessor-version":[{"id":5472,"href":"https:\/\/agora.xtec.cat\/ceipberti\/wp-json\/wp\/v2\/posts\/5466\/revisions\/5472"}],"wp:featuredmedia":[{"embeddable":true,"href":"https:\/\/agora.xtec.cat\/ceipberti\/wp-json\/wp\/v2\/media\/5469"}],"wp:attachment":[{"href":"https:\/\/agora.xtec.cat\/ceipberti\/wp-json\/wp\/v2\/media?parent=5466"}],"wp:term":[{"taxonomy":"category","embeddable":true,"href":"https:\/\/agora.xtec.cat\/ceipberti\/wp-json\/wp\/v2\/categories?post=5466"},{"taxonomy":"post_tag","embeddable":true,"href":"https:\/\/agora.xtec.cat\/ceipberti\/wp-json\/wp\/v2\/tags?post=5466"}],"curies":[{"name":"wp","href":"https:\/\/api.w.org\/{rel}","templated":true}]}}