{"id":4640,"date":"2018-06-14T10:58:45","date_gmt":"2018-06-14T08:58:45","guid":{"rendered":"http:\/\/agora.xtec.cat\/ceipberti\/?p=4640"},"modified":"2018-06-14T10:58:45","modified_gmt":"2018-06-14T08:58:45","slug":"ja-hem-fet-la-cantania","status":"publish","type":"post","link":"https:\/\/agora.xtec.cat\/ceipberti\/grans\/ja-hem-fet-la-cantania\/","title":{"rendered":"JA HEM FET LA CANT\u00c0NIA!"},"content":{"rendered":"<p>Un any m\u00e9s, els alumnes de 4t de Prim\u00e0ria han participat en el projecte de la Cant\u00e0nia. Aquest any, la cantata que s\u2019interpretava era \u201cPart\u00edcules\u201d, amb text de Sergi Belbel i m\u00fasica de Llu\u00eds Vidal, i anava sobre l\u2019origen i l\u2019evoluci\u00f3 de l\u2019Univers. Aquesta cantata ser\u00e0 cantada per uns 50.000 nens durant els mesos de maig i juny a diferents ciutats de Catalunya i tamb\u00e9 de fora.<\/p>\n<p>Des del gener fins ara, els nens i nenes han treballat de valent a les classes de m\u00fasica per tal d\u2019aprendre totes les can\u00e7ons i els moviments esc\u00e8nics d\u2019aquesta cantata. I aquest dissabte 9 de juny han anat al Teatre Auditori de Granollers per fer el concert final conjuntament amb altres escoles de la comarca.<\/p>\n<p>Tots tenien moltes ganes que arrib\u00e9s el gran dia i en el concert tots ho han fer s\u00faper b\u00e9!!!!! Moltes felicitats a tots!!!!<\/p>\n<p>Aqu\u00ed teniu fotos i algun v\u00eddeo de l\u2019assaig general que vam fer a l\u2019escola (on vam tenir de p\u00fablic els nens\/es de tercer, que faran la Cant\u00e0nia l\u2019any que ve!) i tamb\u00e9 de l\u2019assaig i del final del concert al Teatre Auditori de Granollers.<a href=\"https:\/\/photos.app.goo.gl\/i1LhjY9Rruv9Z7v99\"><img loading=\"lazy\" decoding=\"async\" class=\"alignnone wp-image-4641 size-large\" src=\"http:\/\/agora.xtec.cat\/ceipberti\/wp-content\/uploads\/usu199\/2018\/06\/IMG_1367-1024x768.jpg\" alt=\"\" width=\"1024\" height=\"768\" srcset=\"https:\/\/agora.xtec.cat\/ceipberti\/wp-content\/uploads\/usu199\/2018\/06\/IMG_1367-1024x768.jpg 1024w, https:\/\/agora.xtec.cat\/ceipberti\/wp-content\/uploads\/usu199\/2018\/06\/IMG_1367-300x225.jpg 300w, https:\/\/agora.xtec.cat\/ceipberti\/wp-content\/uploads\/usu199\/2018\/06\/IMG_1367-768x576.jpg 768w, https:\/\/agora.xtec.cat\/ceipberti\/wp-content\/uploads\/usu199\/2018\/06\/IMG_1367-200x150.jpg 200w\" sizes=\"auto, (max-width: 1024px) 100vw, 1024px\" \/><\/a><\/p>\n","protected":false},"excerpt":{"rendered":"<p>Un any m\u00e9s, els alumnes de 4t de Prim\u00e0ria han participat en el projecte de la Cant\u00e0nia. Aquest any, la cantata que s\u2019interpretava era \u201cPart\u00edcules\u201d, amb text de Sergi Belbel i m\u00fasica de Llu\u00eds Vidal, i anava sobre l\u2019origen i l\u2019evoluci\u00f3 de l\u2019Univers. Aquesta cantata ser\u00e0 cantada per uns 50.000 nens durant els mesos de [&hellip;]<\/p>\n","protected":false},"author":1,"featured_media":4641,"comment_status":"open","ping_status":"closed","sticky":false,"template":"","format":"standard","meta":{"_bbp_topic_count":0,"_bbp_reply_count":0,"_bbp_total_topic_count":0,"_bbp_total_reply_count":0,"_bbp_voice_count":0,"_bbp_anonymous_reply_count":0,"_bbp_topic_count_hidden":0,"_bbp_reply_count_hidden":0,"_bbp_forum_subforum_count":0,"site-sidebar-layout":"default","site-content-layout":"","ast-site-content-layout":"","site-content-style":"default","site-sidebar-style":"default","ast-global-header-display":"","ast-banner-title-visibility":"","ast-main-header-display":"","ast-hfb-above-header-display":"","ast-hfb-below-header-display":"","ast-hfb-mobile-header-display":"","site-post-title":"","ast-breadcrumbs-content":"","ast-featured-img":"","footer-sml-layout":"","theme-transparent-header-meta":"","adv-header-id-meta":"","stick-header-meta":"","header-above-stick-meta":"","header-main-stick-meta":"","header-below-stick-meta":"","astra-migrate-meta-layouts":"default","ast-page-background-enabled":"default","ast-page-background-meta":{"desktop":{"background-color":"var(--ast-global-color-4)","background-image":"","background-repeat":"repeat","background-position":"center center","background-size":"auto","background-attachment":"scroll","background-type":"","background-media":"","overlay-type":"","overlay-color":"","overlay-opacity":"","overlay-gradient":""},"tablet":{"background-color":"","background-image":"","background-repeat":"repeat","background-position":"center center","background-size":"auto","background-attachment":"scroll","background-type":"","background-media":"","overlay-type":"","overlay-color":"","overlay-opacity":"","overlay-gradient":""},"mobile":{"background-color":"","background-image":"","background-repeat":"repeat","background-position":"center center","background-size":"auto","background-attachment":"scroll","background-type":"","background-media":"","overlay-type":"","overlay-color":"","overlay-opacity":"","overlay-gradient":""}},"ast-content-background-meta":{"desktop":{"background-color":"var(--ast-global-color-5)","background-image":"","background-repeat":"repeat","background-position":"center center","background-size":"auto","background-attachment":"scroll","background-type":"","background-media":"","overlay-type":"","overlay-color":"","overlay-opacity":"","overlay-gradient":""},"tablet":{"background-color":"var(--ast-global-color-5)","background-image":"","background-repeat":"repeat","background-position":"center center","background-size":"auto","background-attachment":"scroll","background-type":"","background-media":"","overlay-type":"","overlay-color":"","overlay-opacity":"","overlay-gradient":""},"mobile":{"background-color":"var(--ast-global-color-5)","background-image":"","background-repeat":"repeat","background-position":"center center","background-size":"auto","background-attachment":"scroll","background-type":"","background-media":"","overlay-type":"","overlay-color":"","overlay-opacity":"","overlay-gradient":""}},"footnotes":""},"categories":[32],"tags":[],"class_list":["post-4640","post","type-post","status-publish","format-standard","has-post-thumbnail","hentry","category-grans"],"post_mailing_queue_ids":[],"_links":{"self":[{"href":"https:\/\/agora.xtec.cat\/ceipberti\/wp-json\/wp\/v2\/posts\/4640","targetHints":{"allow":["GET"]}}],"collection":[{"href":"https:\/\/agora.xtec.cat\/ceipberti\/wp-json\/wp\/v2\/posts"}],"about":[{"href":"https:\/\/agora.xtec.cat\/ceipberti\/wp-json\/wp\/v2\/types\/post"}],"author":[{"embeddable":true,"href":"https:\/\/agora.xtec.cat\/ceipberti\/wp-json\/wp\/v2\/users\/1"}],"replies":[{"embeddable":true,"href":"https:\/\/agora.xtec.cat\/ceipberti\/wp-json\/wp\/v2\/comments?post=4640"}],"version-history":[{"count":1,"href":"https:\/\/agora.xtec.cat\/ceipberti\/wp-json\/wp\/v2\/posts\/4640\/revisions"}],"predecessor-version":[{"id":4642,"href":"https:\/\/agora.xtec.cat\/ceipberti\/wp-json\/wp\/v2\/posts\/4640\/revisions\/4642"}],"wp:featuredmedia":[{"embeddable":true,"href":"https:\/\/agora.xtec.cat\/ceipberti\/wp-json\/wp\/v2\/media\/4641"}],"wp:attachment":[{"href":"https:\/\/agora.xtec.cat\/ceipberti\/wp-json\/wp\/v2\/media?parent=4640"}],"wp:term":[{"taxonomy":"category","embeddable":true,"href":"https:\/\/agora.xtec.cat\/ceipberti\/wp-json\/wp\/v2\/categories?post=4640"},{"taxonomy":"post_tag","embeddable":true,"href":"https:\/\/agora.xtec.cat\/ceipberti\/wp-json\/wp\/v2\/tags?post=4640"}],"curies":[{"name":"wp","href":"https:\/\/api.w.org\/{rel}","templated":true}]}}