{"id":4094,"date":"2018-03-14T12:04:15","date_gmt":"2018-03-14T11:04:15","guid":{"rendered":"http:\/\/agora.xtec.cat\/ceipberti\/?p=4094"},"modified":"2018-03-15T12:08:23","modified_gmt":"2018-03-15T11:08:23","slug":"jornades-culturals-si","status":"publish","type":"post","link":"https:\/\/agora.xtec.cat\/ceipberti\/general\/jornades-culturals-si\/","title":{"rendered":"Jornades Culturals &#8211; SI"},"content":{"rendered":"<p style=\"text-align: justify;\">Aquest dijous 8 de mar\u00e7, vam finalitzar les JORNADES CULTURALS que aquest curs hem dedicat al PROGRAMA de SALUT INTEGRAL Si!<\/p>\n<p style=\"text-align: justify;\">El programa Salut integral integra 4 components b\u00e0sics interrelacionats: l\u2019alimentaci\u00f3 saludable, l\u2019activitat f\u00edsica i el coneixement del cos i la gesti\u00f3 emocional.<\/p>\n<p style=\"text-align: justify;\"><u>El dimarts 6<\/u> el vam dedicar a treballar les EMOCIONS i el tema de la LLUM -amb el que participem a l\u2019exposici\u00f3 dels Artistes de l\u2019Ametlla els tres centres escolars-. Van ser dues \u00a0tem\u00e0tiques \u00a0que ens van permetre experimentar pl\u00e0sticament i emocional els nostres sentiments.<\/p>\n<p style=\"text-align: justify;\"><u>El dimecres 7<\/u>: l\u2019ALIMENTACI\u00d3 SALUDABLE, es van portar a terme activitats amb aliments que van permetre fer, experimentar, provar aliments saludables i participar en un concurs de plats creatius, amb els que vam gaudir i aprendre.<\/p>\n<p style=\"text-align: justify;\"><u>El dijous 8<\/u>, el dia f\u00edsic, GIMCANA ESPORTIVA, amb diverses activitats f\u00edsico-l\u00fadiques. Vam practicar l\u2019esport per grups tot fent un circuit.<\/p>\n<p style=\"text-align: justify;\">La mascota d\u2019aquest programa es diu CARDIO, els petits la coneixen b\u00e9 ja que aquest programa comen\u00e7a fent activitats amb els m\u00e9s petits i curs a curs es va ampliant als altres nivells.<\/p>\n<p>Per aix\u00f2 vam portar a terme la <strong>coreografia del Cardio<\/strong>: \u201dla coreo d\u2019en Cardio\u201d.<\/p>\n<p style=\"text-align: justify;\">Imagineu, per portar a terme aquestes activitats cal molts dies de preparaci\u00f3 per part de la comissi\u00f3, coordinaci\u00f3 amb tutors i programaci\u00f3 i organitzaci\u00f3 perqu\u00e8 en puguem treure profit tots plegats.<\/p>\n<p style=\"text-align: justify;\">A l\u2019hora de posar en escena\u00a0 la coreografia, ens va semblar de convidar a les fam\u00edlies a veure-la, i tamb\u00e9 l\u2019exposici\u00f3 fotogr\u00e0fica de les jornades.<\/p>\n<p style=\"text-align: justify;\">La posta en escena s\u2019havia de mirar des d\u2019una al\u00e7ada per tal de veure la forma de cor. Per aix\u00f2 us vam dir al comen\u00e7ar per megafonia que obrir\u00edem la porta un cop feta la coreografia.<\/p>\n<p style=\"text-align: justify;\">Ens va arribar que no a tothom li va semblar b\u00e9 el fet de no entrar pel ball, per\u00f2 l\u2019efecte no hauria sigut el mateix.<\/p>\n<p style=\"text-align: justify;\">Treballem per donar als nostres alumnes viv\u00e8ncies que ajudin al seu desenvolupament i aprenentatge. Tamb\u00e9 ens agrada fer-vos- en part\u00edcips.<\/p>\n<p>El nostre lema:\u00a0<strong><em>Junts fem cam\u00ed!<\/em><\/strong><\/p>\n<p>\u00c0lbum de fotos de les Jornades Culturals 2018:<\/p>\n<p><a href=\"https:\/\/photos.app.goo.gl\/7rvci0wGThvn9CF42\"><img loading=\"lazy\" decoding=\"async\" class=\"aligncenter wp-image-4106 size-large\" src=\"http:\/\/agora.xtec.cat\/ceipberti\/wp-content\/uploads\/usu199\/2018\/03\/IMG_9865-1024x758.jpg\" alt=\"\" width=\"1024\" height=\"758\" srcset=\"https:\/\/agora.xtec.cat\/ceipberti\/wp-content\/uploads\/usu199\/2018\/03\/IMG_9865-1024x758.jpg 1024w, https:\/\/agora.xtec.cat\/ceipberti\/wp-content\/uploads\/usu199\/2018\/03\/IMG_9865-300x222.jpg 300w, https:\/\/agora.xtec.cat\/ceipberti\/wp-content\/uploads\/usu199\/2018\/03\/IMG_9865-768x569.jpg 768w, https:\/\/agora.xtec.cat\/ceipberti\/wp-content\/uploads\/usu199\/2018\/03\/IMG_9865.jpg 1090w\" sizes=\"auto, (max-width: 1024px) 100vw, 1024px\" \/><\/a><\/p>\n","protected":false},"excerpt":{"rendered":"<p>Aquest dijous 8 de mar\u00e7 vam finalitzar les Jornades Culturals d&#8217;aquest curs<\/p>\n","protected":false},"author":1,"featured_media":4106,"comment_status":"open","ping_status":"closed","sticky":false,"template":"","format":"standard","meta":{"_bbp_topic_count":0,"_bbp_reply_count":0,"_bbp_total_topic_count":0,"_bbp_total_reply_count":0,"_bbp_voice_count":0,"_bbp_anonymous_reply_count":0,"_bbp_topic_count_hidden":0,"_bbp_reply_count_hidden":0,"_bbp_forum_subforum_count":0,"site-sidebar-layout":"default","site-content-layout":"","ast-site-content-layout":"","site-content-style":"default","site-sidebar-style":"default","ast-global-header-display":"","ast-banner-title-visibility":"","ast-main-header-display":"","ast-hfb-above-header-display":"","ast-hfb-below-header-display":"","ast-hfb-mobile-header-display":"","site-post-title":"","ast-breadcrumbs-content":"","ast-featured-img":"","footer-sml-layout":"","theme-transparent-header-meta":"","adv-header-id-meta":"","stick-header-meta":"","header-above-stick-meta":"","header-main-stick-meta":"","header-below-stick-meta":"","astra-migrate-meta-layouts":"default","ast-page-background-enabled":"default","ast-page-background-meta":{"desktop":{"background-color":"var(--ast-global-color-4)","background-image":"","background-repeat":"repeat","background-position":"center center","background-size":"auto","background-attachment":"scroll","background-type":"","background-media":"","overlay-type":"","overlay-color":"","overlay-opacity":"","overlay-gradient":""},"tablet":{"background-color":"","background-image":"","background-repeat":"repeat","background-position":"center center","background-size":"auto","background-attachment":"scroll","background-type":"","background-media":"","overlay-type":"","overlay-color":"","overlay-opacity":"","overlay-gradient":""},"mobile":{"background-color":"","background-image":"","background-repeat":"repeat","background-position":"center center","background-size":"auto","background-attachment":"scroll","background-type":"","background-media":"","overlay-type":"","overlay-color":"","overlay-opacity":"","overlay-gradient":""}},"ast-content-background-meta":{"desktop":{"background-color":"var(--ast-global-color-5)","background-image":"","background-repeat":"repeat","background-position":"center center","background-size":"auto","background-attachment":"scroll","background-type":"","background-media":"","overlay-type":"","overlay-color":"","overlay-opacity":"","overlay-gradient":""},"tablet":{"background-color":"var(--ast-global-color-5)","background-image":"","background-repeat":"repeat","background-position":"center center","background-size":"auto","background-attachment":"scroll","background-type":"","background-media":"","overlay-type":"","overlay-color":"","overlay-opacity":"","overlay-gradient":""},"mobile":{"background-color":"var(--ast-global-color-5)","background-image":"","background-repeat":"repeat","background-position":"center center","background-size":"auto","background-attachment":"scroll","background-type":"","background-media":"","overlay-type":"","overlay-color":"","overlay-opacity":"","overlay-gradient":""}},"footnotes":""},"categories":[1,4],"tags":[227,217],"class_list":["post-4094","post","type-post","status-publish","format-standard","has-post-thumbnail","hentry","category-general","category-portada","tag-jornades-culturals","tag-programa-si"],"post_mailing_queue_ids":[],"_links":{"self":[{"href":"https:\/\/agora.xtec.cat\/ceipberti\/wp-json\/wp\/v2\/posts\/4094","targetHints":{"allow":["GET"]}}],"collection":[{"href":"https:\/\/agora.xtec.cat\/ceipberti\/wp-json\/wp\/v2\/posts"}],"about":[{"href":"https:\/\/agora.xtec.cat\/ceipberti\/wp-json\/wp\/v2\/types\/post"}],"author":[{"embeddable":true,"href":"https:\/\/agora.xtec.cat\/ceipberti\/wp-json\/wp\/v2\/users\/1"}],"replies":[{"embeddable":true,"href":"https:\/\/agora.xtec.cat\/ceipberti\/wp-json\/wp\/v2\/comments?post=4094"}],"version-history":[{"count":3,"href":"https:\/\/agora.xtec.cat\/ceipberti\/wp-json\/wp\/v2\/posts\/4094\/revisions"}],"predecessor-version":[{"id":4389,"href":"https:\/\/agora.xtec.cat\/ceipberti\/wp-json\/wp\/v2\/posts\/4094\/revisions\/4389"}],"wp:featuredmedia":[{"embeddable":true,"href":"https:\/\/agora.xtec.cat\/ceipberti\/wp-json\/wp\/v2\/media\/4106"}],"wp:attachment":[{"href":"https:\/\/agora.xtec.cat\/ceipberti\/wp-json\/wp\/v2\/media?parent=4094"}],"wp:term":[{"taxonomy":"category","embeddable":true,"href":"https:\/\/agora.xtec.cat\/ceipberti\/wp-json\/wp\/v2\/categories?post=4094"},{"taxonomy":"post_tag","embeddable":true,"href":"https:\/\/agora.xtec.cat\/ceipberti\/wp-json\/wp\/v2\/tags?post=4094"}],"curies":[{"name":"wp","href":"https:\/\/api.w.org\/{rel}","templated":true}]}}