{"id":2147,"date":"2017-05-30T11:47:55","date_gmt":"2017-05-30T09:47:55","guid":{"rendered":"http:\/\/agora.xtec.cat\/ceipberti\/?p=2147"},"modified":"2017-05-30T11:47:55","modified_gmt":"2017-05-30T09:47:55","slug":"la-policia-de-lametlla-ens-fa-una-visita","status":"publish","type":"post","link":"https:\/\/agora.xtec.cat\/ceipberti\/primaria\/6e\/la-policia-de-lametlla-ens-fa-una-visita\/","title":{"rendered":"LA POLICIA DE L\u2019AMETLLA ENS FA UNA VISITA"},"content":{"rendered":"<p><span lang=\"CA\"><span style=\"color: #000000; font-family: Calibri;\">El<\/span><span style=\"color: #000000; font-family: Calibri;\">\u00a0\u00a0 <\/span><span style=\"color: #000000; font-family: Calibri;\">Marc<\/span><span style=\"color: #000000; font-family: Calibri;\">\u00a0 <\/span><span style=\"color: #000000; font-family: Calibri;\">es el policia a local<\/span><span style=\"color: #000000; font-family: Calibri;\">\u00a0 <\/span><span style=\"color: #000000; font-family: Calibri;\">de L\u2019Ametlla del<\/span><span style=\"color: #000000; font-family: Calibri;\">\u00a0 <\/span><span style=\"color: #000000; font-family: Calibri;\">Vall\u00e8s. Va venir<\/span><span style=\"color: #000000; font-family: Calibri;\">\u00a0 <\/span><span style=\"color: #000000; font-family: Calibri;\">a l\u2019escola Bert\u00ed<\/span><span style=\"color: #000000; font-family: Calibri;\">\u00a0 <\/span><span style=\"color: #000000; font-family: Calibri;\">a fer<\/span><span style=\"color: #000000; font-family: Calibri;\">\u00a0\u00a0 <\/span><span style=\"color: #000000; font-family: Calibri;\">una explicaci\u00f3<\/span><span style=\"color: #000000; font-family: Calibri;\">\u00a0 <\/span><span style=\"color: #000000; font-family: Calibri;\">als alumnes de 6\u00e8i.<\/span><span style=\"color: #000000; font-family: Calibri;\">\u00a0 <\/span><span style=\"color: #000000; font-family: Calibri;\">Li<\/span><span style=\"color: #000000; font-family: Calibri;\">\u00a0 <\/span><span style=\"color: #000000; font-family: Calibri;\">faltava corbata.<\/span><\/span><\/p>\n<p><span lang=\"CA\"><span style=\"color: #000000; font-family: Calibri;\">Em va agradar molt.<\/span><\/span><\/p>\n<p><span lang=\"CA\"><span style=\"color: #000000; font-family: Calibri;\">\u00a0\u00a0\u00a0\u00a0\u00a0\u00a0\u00a0\u00a0\u00a0\u00a0\u00a0\u00a0\u00a0\u00a0\u00a0\u00a0\u00a0\u00a0\u00a0\u00a0\u00a0\u00a0\u00a0\u00a0\u00a0\u00a0\u00a0\u00a0\u00a0\u00a0\u00a0\u00a0\u00a0\u00a0\u00a0\u00a0\u00a0\u00a0\u00a0\u00a0\u00a0\u00a0\u00a0\u00a0\u00a0\u00a0\u00a0\u00a0\u00a0\u00a0\u00a0\u00a0\u00a0\u00a0\u00a0\u00a0\u00a0\u00a0\u00a0\u00a0\u00a0\u00a0\u00a0\u00a0\u00a0\u00a0\u00a0\u00a0\u00a0\u00a0\u00a0\u00a0\u00a0\u00a0\u00a0\u00a0\u00a0\u00a0\u00a0\u00a0\u00a0\u00a0\u00a0\u00a0\u00a0\u00a0\u00a0\u00a0\u00a0\u00a0\u00a0\u00a0\u00a0\u00a0\u00a0\u00a0\u00a0\u00a0\u00a0\u00a0\u00a0\u00a0\u00a0\u00a0\u00a0 <\/span><span style=\"color: #000000; font-family: Calibri;\">\u00a0\u00a0\u00a0\u00a0\u00a0\u00a0\u00a0\u00a0\u00a0\u00a0\u00a0 <\/span><span style=\"color: #000000; font-family: Calibri;\">Carlos.<\/span><\/span><\/p>\n<p><span lang=\"CA\" style=\"margin: 0px; line-height: 115%; font-family: 'Arial',sans-serif; font-size: 14pt;\"><span style=\"color: #000000;\">\u00a0<\/span><\/span><span style=\"margin: 0px; font-family: 'Bernard MT Condensed',serif;\"><span style=\"color: #000000;\">\u00a0<\/span><\/span><span lang=\"CA\"><span style=\"color: #000000; font-family: Calibri;\">El dia 7 d\u2019abril, va venir un policia que es deia Marc que \u00e9s del poble.<\/span><\/span><\/p>\n<p><span lang=\"CA\"><span style=\"color: #000000; font-family: Calibri;\">\u00a0<\/span><span style=\"color: #000000; font-family: Calibri;\">El Marc va venir a fer-nos una xerrada sobre les xarxes socials i els conflictes que provoquen. En primer lloc vam parlar de que s\u00f3n les xarxes socials. En segon lloc en Marc ens va preguntar qui tenia xarxes socials, tothom va aixecar la ma menys dos o tres companys. En tercer lloc en Marc li va dir a un alumne<\/span><span style=\"color: #000000; font-family: Calibri;\">\u00a0 <\/span><span style=\"color: #000000; font-family: Calibri;\">que per qu\u00e8 utilitzava les xarxes socials, en Dani va respondre , qu\u00e8 les feia servir per parlar amb els amics\/es o amb la novia. Mes tard vam jugar a un joc que es tractava de treballar en equip, no individual, era un joc que comen\u00e7\u00e0vem amb 23 cadires i acab\u00e0vem amb una cadira. No pod\u00edem tocar amb els peus a terra, a l\u2019\u00faltima cadira ens va costar una mica per\u00f2 ho vam aconseguir.<\/span><\/span><\/p>\n<p><span lang=\"CA\"><span style=\"color: #000000; font-family: Calibri;\">\u00a0<\/span><span style=\"color: #000000; font-family: Calibri;\">Ens ho vam passar molt b\u00e9.<\/span><\/span><\/p>\n<p><span lang=\"CA\"><span style=\"color: #000000; font-family: Calibri;\">\u00a0<\/span><\/span><span lang=\"CA\"><span style=\"color: #000000; font-family: Calibri;\">\u00a0\u00a0\u00a0\u00a0\u00a0\u00a0\u00a0\u00a0\u00a0\u00a0\u00a0\u00a0\u00a0\u00a0\u00a0\u00a0\u00a0\u00a0\u00a0\u00a0\u00a0\u00a0\u00a0\u00a0\u00a0\u00a0\u00a0\u00a0\u00a0\u00a0\u00a0\u00a0\u00a0\u00a0\u00a0\u00a0\u00a0\u00a0\u00a0\u00a0\u00a0\u00a0\u00a0\u00a0\u00a0\u00a0\u00a0\u00a0\u00a0\u00a0\u00a0\u00a0\u00a0\u00a0\u00a0\u00a0\u00a0\u00a0\u00a0\u00a0\u00a0\u00a0\u00a0\u00a0\u00a0\u00a0\u00a0\u00a0\u00a0\u00a0\u00a0\u00a0\u00a0\u00a0\u00a0\u00a0\u00a0\u00a0\u00a0\u00a0\u00a0\u00a0\u00a0\u00a0\u00a0\u00a0\u00a0\u00a0\u00a0\u00a0\u00a0\u00a0\u00a0\u00a0\u00a0\u00a0\u00a0\u00a0\u00a0\u00a0\u00a0\u00a0\u00a0\u00a0\u00a0 <\/span><span style=\"color: #000000; font-family: Calibri;\">Dani i D\u00eddac.<\/span><\/span><\/p>\n<p><a href=\"http:\/\/agora.xtec.cat\/ceipberti\/wp-content\/uploads\/usu199\/2017\/05\/foto-policia.jpg\"><img loading=\"lazy\" decoding=\"async\" class=\"alignnone size-full wp-image-2148\" src=\"http:\/\/agora.xtec.cat\/ceipberti\/wp-content\/uploads\/usu199\/2017\/05\/foto-policia.jpg\" alt=\"foto policia\" width=\"308\" height=\"512\" srcset=\"https:\/\/agora.xtec.cat\/ceipberti\/wp-content\/uploads\/usu199\/2017\/05\/foto-policia.jpg 308w, https:\/\/agora.xtec.cat\/ceipberti\/wp-content\/uploads\/usu199\/2017\/05\/foto-policia-180x300.jpg 180w\" sizes=\"auto, (max-width: 308px) 100vw, 308px\" \/><\/a><\/p>\n","protected":false},"excerpt":{"rendered":"<p>El\u00a0\u00a0 Marc\u00a0 es el policia a local\u00a0 de L\u2019Ametlla del\u00a0 Vall\u00e8s. Va venir\u00a0 a l\u2019escola Bert\u00ed\u00a0 a fer\u00a0\u00a0 una explicaci\u00f3\u00a0 als alumnes de 6\u00e8i.\u00a0 Li\u00a0 faltava corbata. Em va agradar molt. \u00a0\u00a0\u00a0\u00a0\u00a0\u00a0\u00a0\u00a0\u00a0\u00a0\u00a0\u00a0\u00a0\u00a0\u00a0\u00a0\u00a0\u00a0\u00a0\u00a0\u00a0\u00a0\u00a0\u00a0\u00a0\u00a0\u00a0\u00a0\u00a0\u00a0\u00a0\u00a0\u00a0\u00a0\u00a0\u00a0\u00a0\u00a0\u00a0\u00a0\u00a0\u00a0\u00a0\u00a0\u00a0\u00a0\u00a0\u00a0\u00a0\u00a0\u00a0\u00a0\u00a0\u00a0\u00a0\u00a0\u00a0\u00a0\u00a0\u00a0\u00a0\u00a0\u00a0\u00a0\u00a0\u00a0\u00a0\u00a0\u00a0\u00a0\u00a0\u00a0\u00a0\u00a0\u00a0\u00a0\u00a0\u00a0\u00a0\u00a0\u00a0\u00a0\u00a0\u00a0\u00a0\u00a0\u00a0\u00a0\u00a0\u00a0\u00a0\u00a0\u00a0\u00a0\u00a0\u00a0\u00a0\u00a0\u00a0\u00a0\u00a0\u00a0\u00a0\u00a0\u00a0 \u00a0\u00a0\u00a0\u00a0\u00a0\u00a0\u00a0\u00a0\u00a0\u00a0\u00a0 Carlos. \u00a0\u00a0El dia 7 d\u2019abril, va venir un policia que es deia Marc que \u00e9s del poble. \u00a0El Marc va venir a [&hellip;]<\/p>\n","protected":false},"author":1,"featured_media":2148,"comment_status":"open","ping_status":"closed","sticky":false,"template":"","format":"standard","meta":{"_bbp_topic_count":0,"_bbp_reply_count":0,"_bbp_total_topic_count":0,"_bbp_total_reply_count":0,"_bbp_voice_count":0,"_bbp_anonymous_reply_count":0,"_bbp_topic_count_hidden":0,"_bbp_reply_count_hidden":0,"_bbp_forum_subforum_count":0,"site-sidebar-layout":"default","site-content-layout":"","ast-site-content-layout":"","site-content-style":"default","site-sidebar-style":"default","ast-global-header-display":"","ast-banner-title-visibility":"","ast-main-header-display":"","ast-hfb-above-header-display":"","ast-hfb-below-header-display":"","ast-hfb-mobile-header-display":"","site-post-title":"","ast-breadcrumbs-content":"","ast-featured-img":"","footer-sml-layout":"","theme-transparent-header-meta":"","adv-header-id-meta":"","stick-header-meta":"","header-above-stick-meta":"","header-main-stick-meta":"","header-below-stick-meta":"","astra-migrate-meta-layouts":"default","ast-page-background-enabled":"default","ast-page-background-meta":{"desktop":{"background-color":"var(--ast-global-color-4)","background-image":"","background-repeat":"repeat","background-position":"center center","background-size":"auto","background-attachment":"scroll","background-type":"","background-media":"","overlay-type":"","overlay-color":"","overlay-opacity":"","overlay-gradient":""},"tablet":{"background-color":"","background-image":"","background-repeat":"repeat","background-position":"center center","background-size":"auto","background-attachment":"scroll","background-type":"","background-media":"","overlay-type":"","overlay-color":"","overlay-opacity":"","overlay-gradient":""},"mobile":{"background-color":"","background-image":"","background-repeat":"repeat","background-position":"center center","background-size":"auto","background-attachment":"scroll","background-type":"","background-media":"","overlay-type":"","overlay-color":"","overlay-opacity":"","overlay-gradient":""}},"ast-content-background-meta":{"desktop":{"background-color":"var(--ast-global-color-5)","background-image":"","background-repeat":"repeat","background-position":"center center","background-size":"auto","background-attachment":"scroll","background-type":"","background-media":"","overlay-type":"","overlay-color":"","overlay-opacity":"","overlay-gradient":""},"tablet":{"background-color":"var(--ast-global-color-5)","background-image":"","background-repeat":"repeat","background-position":"center center","background-size":"auto","background-attachment":"scroll","background-type":"","background-media":"","overlay-type":"","overlay-color":"","overlay-opacity":"","overlay-gradient":""},"mobile":{"background-color":"var(--ast-global-color-5)","background-image":"","background-repeat":"repeat","background-position":"center center","background-size":"auto","background-attachment":"scroll","background-type":"","background-media":"","overlay-type":"","overlay-color":"","overlay-opacity":"","overlay-gradient":""}},"footnotes":""},"categories":[15,32],"tags":[],"class_list":["post-2147","post","type-post","status-publish","format-standard","has-post-thumbnail","hentry","category-6e","category-grans"],"post_mailing_queue_ids":[],"_links":{"self":[{"href":"https:\/\/agora.xtec.cat\/ceipberti\/wp-json\/wp\/v2\/posts\/2147","targetHints":{"allow":["GET"]}}],"collection":[{"href":"https:\/\/agora.xtec.cat\/ceipberti\/wp-json\/wp\/v2\/posts"}],"about":[{"href":"https:\/\/agora.xtec.cat\/ceipberti\/wp-json\/wp\/v2\/types\/post"}],"author":[{"embeddable":true,"href":"https:\/\/agora.xtec.cat\/ceipberti\/wp-json\/wp\/v2\/users\/1"}],"replies":[{"embeddable":true,"href":"https:\/\/agora.xtec.cat\/ceipberti\/wp-json\/wp\/v2\/comments?post=2147"}],"version-history":[{"count":1,"href":"https:\/\/agora.xtec.cat\/ceipberti\/wp-json\/wp\/v2\/posts\/2147\/revisions"}],"predecessor-version":[{"id":2149,"href":"https:\/\/agora.xtec.cat\/ceipberti\/wp-json\/wp\/v2\/posts\/2147\/revisions\/2149"}],"wp:featuredmedia":[{"embeddable":true,"href":"https:\/\/agora.xtec.cat\/ceipberti\/wp-json\/wp\/v2\/media\/2148"}],"wp:attachment":[{"href":"https:\/\/agora.xtec.cat\/ceipberti\/wp-json\/wp\/v2\/media?parent=2147"}],"wp:term":[{"taxonomy":"category","embeddable":true,"href":"https:\/\/agora.xtec.cat\/ceipberti\/wp-json\/wp\/v2\/categories?post=2147"},{"taxonomy":"post_tag","embeddable":true,"href":"https:\/\/agora.xtec.cat\/ceipberti\/wp-json\/wp\/v2\/tags?post=2147"}],"curies":[{"name":"wp","href":"https:\/\/api.w.org\/{rel}","templated":true}]}}