{"id":1635,"date":"2016-10-17T09:50:58","date_gmt":"2016-10-17T08:50:58","guid":{"rendered":"http:\/\/agora.xtec.cat\/ceipberti\/?p=1635"},"modified":"2016-11-18T16:58:02","modified_gmt":"2016-11-18T15:58:02","slug":"sortida-p5-la-verema-a-can-montcau-curs-2016-2017","status":"publish","type":"post","link":"https:\/\/agora.xtec.cat\/ceipberti\/petits\/sortida-p5-la-verema-a-can-montcau-curs-2016-2017\/","title":{"rendered":"Sortida P5 la Verema a Can Montcau curs 2016-2017"},"content":{"rendered":"<p><strong><u>HEM ANAT A FER LA VEREMA A CAN MONTCAU<\/u><\/strong><\/p>\n<p>El dilluns 10 d\u2019octubre els nens i nenes de P5 vam anar a veure el proc\u00e9s de la Verema a la Roca del Vall\u00e9s. Primer vam anar a la vinya on vam veure els ceps emparrats i ens van explicar les parts del cep. N\u2019hi havia de ra\u00efm blanc i de ra\u00efm negre. Despr\u00e9s vam anar al cup a trepitjar el ra\u00efm i en va sortir el most. Al principi ens feia una mica d\u2019ang\u00fania per\u00f2 despr\u00e9s ja ens va agradar. Tamb\u00e9 vam fer anar la premsa per acabar de treure tot el suc de la brisa. Finalment vam anar al celler on reposa el vi dins les botes. Ens ho vam passar molt b\u00e9 veient els animals i jugant en el prat.<\/p>\n<p><a href=\"https:\/\/goo.gl\/photos\/xCq4QRXV4hR7v5gQA\"><img loading=\"lazy\" decoding=\"async\" class=\"wp-image-1639 alignleft\" title=\"Sortida P5 La Verema a Can Montcau\" src=\"http:\/\/agora.xtec.cat\/ceipberti\/wp-content\/uploads\/usu199\/2016\/10\/Verema-web-682x1024.jpg\" alt=\"Sortida P5 La Verema a Can Montcau\" width=\"314\" height=\"472\" srcset=\"https:\/\/agora.xtec.cat\/ceipberti\/wp-content\/uploads\/usu199\/2016\/10\/Verema-web-682x1024.jpg 682w, https:\/\/agora.xtec.cat\/ceipberti\/wp-content\/uploads\/usu199\/2016\/10\/Verema-web-200x300.jpg 200w, https:\/\/agora.xtec.cat\/ceipberti\/wp-content\/uploads\/usu199\/2016\/10\/Verema-web-768x1152.jpg 768w, https:\/\/agora.xtec.cat\/ceipberti\/wp-content\/uploads\/usu199\/2016\/10\/Verema-web.jpg 1181w\" sizes=\"auto, (max-width: 314px) 100vw, 314px\" \/><\/a><\/p>\n","protected":false},"excerpt":{"rendered":"<p>HEM ANAT A FER LA VEREMA A CAN MONTCAU El dilluns 10 d\u2019octubre els nens i nenes de P5 vam anar a veure el proc\u00e9s de la Verema a la Roca del Vall\u00e9s. Primer vam anar a la vinya on vam veure els ceps emparrats i ens van explicar les parts del cep. N\u2019hi havia [&hellip;]<\/p>\n","protected":false},"author":1,"featured_media":0,"comment_status":"open","ping_status":"open","sticky":false,"template":"","format":"standard","meta":{"_bbp_topic_count":0,"_bbp_reply_count":0,"_bbp_total_topic_count":0,"_bbp_total_reply_count":0,"_bbp_voice_count":0,"_bbp_anonymous_reply_count":0,"_bbp_topic_count_hidden":0,"_bbp_reply_count_hidden":0,"_bbp_forum_subforum_count":0,"site-sidebar-layout":"default","site-content-layout":"","ast-site-content-layout":"","site-content-style":"default","site-sidebar-style":"default","ast-global-header-display":"","ast-banner-title-visibility":"","ast-main-header-display":"","ast-hfb-above-header-display":"","ast-hfb-below-header-display":"","ast-hfb-mobile-header-display":"","site-post-title":"","ast-breadcrumbs-content":"","ast-featured-img":"","footer-sml-layout":"","theme-transparent-header-meta":"","adv-header-id-meta":"","stick-header-meta":"","header-above-stick-meta":"","header-main-stick-meta":"","header-below-stick-meta":"","astra-migrate-meta-layouts":"default","ast-page-background-enabled":"default","ast-page-background-meta":{"desktop":{"background-color":"var(--ast-global-color-4)","background-image":"","background-repeat":"repeat","background-position":"center center","background-size":"auto","background-attachment":"scroll","background-type":"","background-media":"","overlay-type":"","overlay-color":"","overlay-opacity":"","overlay-gradient":""},"tablet":{"background-color":"","background-image":"","background-repeat":"repeat","background-position":"center center","background-size":"auto","background-attachment":"scroll","background-type":"","background-media":"","overlay-type":"","overlay-color":"","overlay-opacity":"","overlay-gradient":""},"mobile":{"background-color":"","background-image":"","background-repeat":"repeat","background-position":"center center","background-size":"auto","background-attachment":"scroll","background-type":"","background-media":"","overlay-type":"","overlay-color":"","overlay-opacity":"","overlay-gradient":""}},"ast-content-background-meta":{"desktop":{"background-color":"var(--ast-global-color-5)","background-image":"","background-repeat":"repeat","background-position":"center center","background-size":"auto","background-attachment":"scroll","background-type":"","background-media":"","overlay-type":"","overlay-color":"","overlay-opacity":"","overlay-gradient":""},"tablet":{"background-color":"var(--ast-global-color-5)","background-image":"","background-repeat":"repeat","background-position":"center center","background-size":"auto","background-attachment":"scroll","background-type":"","background-media":"","overlay-type":"","overlay-color":"","overlay-opacity":"","overlay-gradient":""},"mobile":{"background-color":"var(--ast-global-color-5)","background-image":"","background-repeat":"repeat","background-position":"center center","background-size":"auto","background-attachment":"scroll","background-type":"","background-media":"","overlay-type":"","overlay-color":"","overlay-opacity":"","overlay-gradient":""}},"footnotes":""},"categories":[9,2],"tags":[],"class_list":["post-1635","post","type-post","status-publish","format-standard","hentry","category-p5","category-petits"],"post_mailing_queue_ids":[],"_links":{"self":[{"href":"https:\/\/agora.xtec.cat\/ceipberti\/wp-json\/wp\/v2\/posts\/1635","targetHints":{"allow":["GET"]}}],"collection":[{"href":"https:\/\/agora.xtec.cat\/ceipberti\/wp-json\/wp\/v2\/posts"}],"about":[{"href":"https:\/\/agora.xtec.cat\/ceipberti\/wp-json\/wp\/v2\/types\/post"}],"author":[{"embeddable":true,"href":"https:\/\/agora.xtec.cat\/ceipberti\/wp-json\/wp\/v2\/users\/1"}],"replies":[{"embeddable":true,"href":"https:\/\/agora.xtec.cat\/ceipberti\/wp-json\/wp\/v2\/comments?post=1635"}],"version-history":[{"count":3,"href":"https:\/\/agora.xtec.cat\/ceipberti\/wp-json\/wp\/v2\/posts\/1635\/revisions"}],"predecessor-version":[{"id":1641,"href":"https:\/\/agora.xtec.cat\/ceipberti\/wp-json\/wp\/v2\/posts\/1635\/revisions\/1641"}],"wp:attachment":[{"href":"https:\/\/agora.xtec.cat\/ceipberti\/wp-json\/wp\/v2\/media?parent=1635"}],"wp:term":[{"taxonomy":"category","embeddable":true,"href":"https:\/\/agora.xtec.cat\/ceipberti\/wp-json\/wp\/v2\/categories?post=1635"},{"taxonomy":"post_tag","embeddable":true,"href":"https:\/\/agora.xtec.cat\/ceipberti\/wp-json\/wp\/v2\/tags?post=1635"}],"curies":[{"name":"wp","href":"https:\/\/api.w.org\/{rel}","templated":true}]}}