{"id":1632,"date":"2016-10-17T09:30:24","date_gmt":"2016-10-17T08:30:24","guid":{"rendered":"http:\/\/agora.xtec.cat\/ceipberti\/?p=1632"},"modified":"2016-11-18T16:58:23","modified_gmt":"2016-11-18T15:58:23","slug":"sortida-p4-a-la-biblioteca-curs-2016-2017","status":"publish","type":"post","link":"https:\/\/agora.xtec.cat\/ceipberti\/petits\/sortida-p4-a-la-biblioteca-curs-2016-2017\/","title":{"rendered":"Sortida P4 a la Biblioteca curs 2016-2017"},"content":{"rendered":"<p><strong>ELS ACORDIONS VISITEM LA BIBLIOTECA MUNICIPAL<\/strong><\/p>\n<p>El passat dia 11 d\u2019octubre els nens i nenes de P4 v\u00e0rem anar a la Biblioteca del poble. All\u00e0 la S\u00f2nia ens va explicar uns contes molt macos i ens va recordar que, amb el nostre carnet de la Biblioteca, podem agafar contes i tenir-los uns quants dies a casa. Vam tornar cap a l\u2019escola contents i amb la Motxilla viatgera plena de coses. Ara la Marta, cada divendres la donar\u00e0 a un nen o nena de la classe que se l\u2019emportar\u00e0 uns quants dies a casa.<\/p>\n<p><a href=\"https:\/\/goo.gl\/photos\/hp9g6SPPp4p9EfYF7\"><img loading=\"lazy\" decoding=\"async\" class=\"alignleft wp-image-1633\" src=\"http:\/\/agora.xtec.cat\/ceipberti\/wp-content\/uploads\/usu199\/2016\/10\/P1040415-copia-1024x768.jpg\" alt=\"Sortida P4 a la Biblioteca Municipal\" width=\"288\" height=\"216\" srcset=\"https:\/\/agora.xtec.cat\/ceipberti\/wp-content\/uploads\/usu199\/2016\/10\/P1040415-copia-1024x768.jpg 1024w, https:\/\/agora.xtec.cat\/ceipberti\/wp-content\/uploads\/usu199\/2016\/10\/P1040415-copia-300x225.jpg 300w, https:\/\/agora.xtec.cat\/ceipberti\/wp-content\/uploads\/usu199\/2016\/10\/P1040415-copia-768x576.jpg 768w, https:\/\/agora.xtec.cat\/ceipberti\/wp-content\/uploads\/usu199\/2016\/10\/P1040415-copia-200x150.jpg 200w, https:\/\/agora.xtec.cat\/ceipberti\/wp-content\/uploads\/usu199\/2016\/10\/P1040415-copia.jpg 1575w\" sizes=\"auto, (max-width: 288px) 100vw, 288px\" \/><\/a><\/p>\n","protected":false},"excerpt":{"rendered":"<p>ELS ACORDIONS VISITEM LA BIBLIOTECA MUNICIPAL El passat dia 11 d\u2019octubre els nens i nenes de P4 v\u00e0rem anar a la Biblioteca del poble. All\u00e0 la S\u00f2nia ens va explicar uns contes molt macos i ens va recordar que, amb el nostre carnet de la Biblioteca, podem agafar contes i tenir-los uns quants dies a [&hellip;]<\/p>\n","protected":false},"author":1,"featured_media":0,"comment_status":"open","ping_status":"open","sticky":false,"template":"","format":"standard","meta":{"_bbp_topic_count":0,"_bbp_reply_count":0,"_bbp_total_topic_count":0,"_bbp_total_reply_count":0,"_bbp_voice_count":0,"_bbp_anonymous_reply_count":0,"_bbp_topic_count_hidden":0,"_bbp_reply_count_hidden":0,"_bbp_forum_subforum_count":0,"site-sidebar-layout":"default","site-content-layout":"","ast-site-content-layout":"","site-content-style":"default","site-sidebar-style":"default","ast-global-header-display":"","ast-banner-title-visibility":"","ast-main-header-display":"","ast-hfb-above-header-display":"","ast-hfb-below-header-display":"","ast-hfb-mobile-header-display":"","site-post-title":"","ast-breadcrumbs-content":"","ast-featured-img":"","footer-sml-layout":"","theme-transparent-header-meta":"","adv-header-id-meta":"","stick-header-meta":"","header-above-stick-meta":"","header-main-stick-meta":"","header-below-stick-meta":"","astra-migrate-meta-layouts":"default","ast-page-background-enabled":"default","ast-page-background-meta":{"desktop":{"background-color":"var(--ast-global-color-4)","background-image":"","background-repeat":"repeat","background-position":"center center","background-size":"auto","background-attachment":"scroll","background-type":"","background-media":"","overlay-type":"","overlay-color":"","overlay-opacity":"","overlay-gradient":""},"tablet":{"background-color":"","background-image":"","background-repeat":"repeat","background-position":"center center","background-size":"auto","background-attachment":"scroll","background-type":"","background-media":"","overlay-type":"","overlay-color":"","overlay-opacity":"","overlay-gradient":""},"mobile":{"background-color":"","background-image":"","background-repeat":"repeat","background-position":"center center","background-size":"auto","background-attachment":"scroll","background-type":"","background-media":"","overlay-type":"","overlay-color":"","overlay-opacity":"","overlay-gradient":""}},"ast-content-background-meta":{"desktop":{"background-color":"var(--ast-global-color-5)","background-image":"","background-repeat":"repeat","background-position":"center center","background-size":"auto","background-attachment":"scroll","background-type":"","background-media":"","overlay-type":"","overlay-color":"","overlay-opacity":"","overlay-gradient":""},"tablet":{"background-color":"var(--ast-global-color-5)","background-image":"","background-repeat":"repeat","background-position":"center center","background-size":"auto","background-attachment":"scroll","background-type":"","background-media":"","overlay-type":"","overlay-color":"","overlay-opacity":"","overlay-gradient":""},"mobile":{"background-color":"var(--ast-global-color-5)","background-image":"","background-repeat":"repeat","background-position":"center center","background-size":"auto","background-attachment":"scroll","background-type":"","background-media":"","overlay-type":"","overlay-color":"","overlay-opacity":"","overlay-gradient":""}},"footnotes":""},"categories":[8,2],"tags":[],"class_list":["post-1632","post","type-post","status-publish","format-standard","hentry","category-p4","category-petits"],"post_mailing_queue_ids":[],"_links":{"self":[{"href":"https:\/\/agora.xtec.cat\/ceipberti\/wp-json\/wp\/v2\/posts\/1632","targetHints":{"allow":["GET"]}}],"collection":[{"href":"https:\/\/agora.xtec.cat\/ceipberti\/wp-json\/wp\/v2\/posts"}],"about":[{"href":"https:\/\/agora.xtec.cat\/ceipberti\/wp-json\/wp\/v2\/types\/post"}],"author":[{"embeddable":true,"href":"https:\/\/agora.xtec.cat\/ceipberti\/wp-json\/wp\/v2\/users\/1"}],"replies":[{"embeddable":true,"href":"https:\/\/agora.xtec.cat\/ceipberti\/wp-json\/wp\/v2\/comments?post=1632"}],"version-history":[{"count":1,"href":"https:\/\/agora.xtec.cat\/ceipberti\/wp-json\/wp\/v2\/posts\/1632\/revisions"}],"predecessor-version":[{"id":1634,"href":"https:\/\/agora.xtec.cat\/ceipberti\/wp-json\/wp\/v2\/posts\/1632\/revisions\/1634"}],"wp:attachment":[{"href":"https:\/\/agora.xtec.cat\/ceipberti\/wp-json\/wp\/v2\/media?parent=1632"}],"wp:term":[{"taxonomy":"category","embeddable":true,"href":"https:\/\/agora.xtec.cat\/ceipberti\/wp-json\/wp\/v2\/categories?post=1632"},{"taxonomy":"post_tag","embeddable":true,"href":"https:\/\/agora.xtec.cat\/ceipberti\/wp-json\/wp\/v2\/tags?post=1632"}],"curies":[{"name":"wp","href":"https:\/\/api.w.org\/{rel}","templated":true}]}}